{"id":55591,"date":"2023-04-24T18:53:49","date_gmt":"2023-04-24T23:53:49","guid":{"rendered":"https:\/\/l21.mx\/?p=55591"},"modified":"2023-04-24T18:53:49","modified_gmt":"2023-04-24T23:53:49","slug":"cancun-recibe-a-los-lideres-mundiales-de-la-industria-de-parques-y-atracciones","status":"publish","type":"post","link":"https:\/\/l21.mx\/?p=55591","title":{"rendered":"Canc\u00fan recibe a los l\u00edderes mundiales de la industria de Parques y Atracciones"},"content":{"rendered":"<ul>\n<li dir=\"ltr\">\n<div>El Encuentro de IAAPA, la Asociaci\u00f3n Global de la Industria de Parques y Atracciones se lleva a cabo del 24 al 27 de abril en Canc\u00fan y Riviera Maya<\/div>\n<\/li>\n<\/ul>\n<p>&nbsp;<\/p>\n<ul>\n<li dir=\"ltr\">\n<div>En 2023 se espera un incremento del 18% en la asistencia a parques en Am\u00e9rica Latina, con un crecimiento del 23% en el gasto en esa industria.<\/div>\n<\/li>\n<\/ul>\n<div id=\"attachment_55592\" style=\"width: 1034px\" class=\"wp-caption alignnone\"><a href=\"https:\/\/l21.mx\/wp-content\/uploads\/2023\/04\/iaapa-22.jpg\" data-rel=\"penci-gallery-image-content\" ><img fetchpriority=\"high\" decoding=\"async\" aria-describedby=\"caption-attachment-55592\" class=\"size-large wp-image-55592\" src=\"https:\/\/l21.mx\/wp-content\/uploads\/2023\/04\/iaapa-22-1024x895.jpg\" alt=\"\" width=\"1024\" height=\"895\" srcset=\"https:\/\/l21.mx\/wp-content\/uploads\/2023\/04\/iaapa-22-1024x895.jpg 1024w, https:\/\/l21.mx\/wp-content\/uploads\/2023\/04\/iaapa-22-300x262.jpg 300w, https:\/\/l21.mx\/wp-content\/uploads\/2023\/04\/iaapa-22-768x671.jpg 768w, https:\/\/l21.mx\/wp-content\/uploads\/2023\/04\/iaapa-22-1536x1342.jpg 1536w, https:\/\/l21.mx\/wp-content\/uploads\/2023\/04\/iaapa-22-1030x900.jpg 1030w, https:\/\/l21.mx\/wp-content\/uploads\/2023\/04\/iaapa-22-1170x1022.jpg 1170w, https:\/\/l21.mx\/wp-content\/uploads\/2023\/04\/iaapa-22-585x511.jpg 585w, https:\/\/l21.mx\/wp-content\/uploads\/2023\/04\/iaapa-22.jpg 1600w\" sizes=\"(max-width: 1024px) 100vw, 1024px\" \/><\/a><p id=\"caption-attachment-55592\" class=\"wp-caption-text\">Jakob Wahl, Presidente y CEO de IAAPA; Mara Lezama Espinosa, gobernadora de Quintano Roo; Ana Patricia Peralta del Pe\u00f1a, presidenta municipal de Benito Ju\u00e1rez; Jim Pattison JR., presidente de Ripley Entertainment y presidente del Consejo IAAPA; Xavier L\u00f3pez Ancona, CEO Kidzania y miembro del Consejo Global IAAPA.<\/p><\/div>\n<p><br aria-hidden=\"true\" \/><br aria-hidden=\"true\" \/><\/p>\n<div>Ciudad de M\u00e9xico a 24 de abril 2023.- Enmarcado en el paradisiaco Caribe Mexicano y con una asistencia r\u00e9cord de m\u00e1s de 140 empresas de todo el continente, iniciaron las actividades del Encuentro de la Asociaci\u00f3n Global de Parques y Atracciones (IAAPA, por sus siglas en ingl\u00e9s) para Am\u00e9rica Latina y el Caribe, que se lleva a cabo del 24 al 27 de abril en Canc\u00fan y Riviera Maya, Quintana Roo.<\/div>\n<p><a href=\"https:\/\/l21.mx\/wp-content\/uploads\/2023\/04\/IAAPA-11.jpg\" data-rel=\"penci-gallery-image-content\" ><img decoding=\"async\" class=\"alignnone size-large wp-image-55595\" src=\"https:\/\/l21.mx\/wp-content\/uploads\/2023\/04\/IAAPA-11-1024x682.jpg\" alt=\"\" width=\"1024\" height=\"682\" srcset=\"https:\/\/l21.mx\/wp-content\/uploads\/2023\/04\/IAAPA-11-1024x682.jpg 1024w, https:\/\/l21.mx\/wp-content\/uploads\/2023\/04\/IAAPA-11-300x200.jpg 300w, https:\/\/l21.mx\/wp-content\/uploads\/2023\/04\/IAAPA-11-768x512.jpg 768w, https:\/\/l21.mx\/wp-content\/uploads\/2023\/04\/IAAPA-11-1536x1023.jpg 1536w, https:\/\/l21.mx\/wp-content\/uploads\/2023\/04\/IAAPA-11-1200x800.jpg 1200w, https:\/\/l21.mx\/wp-content\/uploads\/2023\/04\/IAAPA-11-1170x780.jpg 1170w, https:\/\/l21.mx\/wp-content\/uploads\/2023\/04\/IAAPA-11-585x390.jpg 585w, https:\/\/l21.mx\/wp-content\/uploads\/2023\/04\/IAAPA-11-263x175.jpg 263w, https:\/\/l21.mx\/wp-content\/uploads\/2023\/04\/IAAPA-11.jpg 1600w\" sizes=\"(max-width: 1024px) 100vw, 1024px\" \/><\/a><\/p>\n<div>El motivo de este evento es conectar a la industria de parques y atracciones en la regi\u00f3n, reuniendo a los l\u00edderes y a todas aquellas empresas y personas que forman parte de ella, para acceder a nuevas ideas y perspectivas, compartir conocimientos, encontrar valiosas oportunidades comerciales y crear relaciones duraderas.<\/div>\n<p><a href=\"https:\/\/l21.mx\/wp-content\/uploads\/2023\/04\/IAAPA-5.jpg\" data-rel=\"penci-gallery-image-content\" ><img decoding=\"async\" class=\"alignnone size-large wp-image-55594\" src=\"https:\/\/l21.mx\/wp-content\/uploads\/2023\/04\/IAAPA-5-1024x663.jpg\" alt=\"\" width=\"1024\" height=\"663\" srcset=\"https:\/\/l21.mx\/wp-content\/uploads\/2023\/04\/IAAPA-5-1024x663.jpg 1024w, https:\/\/l21.mx\/wp-content\/uploads\/2023\/04\/IAAPA-5-300x194.jpg 300w, https:\/\/l21.mx\/wp-content\/uploads\/2023\/04\/IAAPA-5-768x497.jpg 768w, https:\/\/l21.mx\/wp-content\/uploads\/2023\/04\/IAAPA-5-1536x995.jpg 1536w, https:\/\/l21.mx\/wp-content\/uploads\/2023\/04\/IAAPA-5-1200x777.jpg 1200w, https:\/\/l21.mx\/wp-content\/uploads\/2023\/04\/IAAPA-5-1170x758.jpg 1170w, https:\/\/l21.mx\/wp-content\/uploads\/2023\/04\/IAAPA-5-585x379.jpg 585w, https:\/\/l21.mx\/wp-content\/uploads\/2023\/04\/IAAPA-5.jpg 1600w\" sizes=\"(max-width: 1024px) 100vw, 1024px\" \/><\/a><\/p>\n<div>Para la industria del entretenimiento el 2023 ser\u00e1 un a\u00f1o en el que contin\u00fae la recuperaci\u00f3n; de acuerdo con un estudio realizado por IAAPA, se espera un incremento del 18% en la asistencia a parques en Am\u00e9rica Latina, con un aumento del 23% en el gasto. Para lograr el crecimiento se discutir\u00e1n durante estos d\u00edas los temas que son clave para la industria: el uso de las nuevas tecnolog\u00edas, la sostenibilidad, los retos del capital humano, la experiencia del cliente, la innovaci\u00f3n, entre otros.<\/div>\n<p>&nbsp;<\/p>\n<div>El Encuentro fue inaugurado por la Gobernadora de Quintana Roo, Mara Lezama Espinosa; Ana Patricia Peralta de la Pe\u00f1a, Presidenta Municipal de Benito Ju\u00e1rez; Jim Pattison, Jr., Presidente de Ripley Entertainment y Presidente del Consejo de IAAPA; Jakob Wahl, Presidente y CEO de IAAPA; y Paulina Reyes, Vicepresidente de IAAPA para Am\u00e9rica Latina y el Caribe.<\/div>\n<div id=\"attachment_55596\" style=\"width: 1034px\" class=\"wp-caption alignnone\"><a href=\"https:\/\/l21.mx\/wp-content\/uploads\/2023\/04\/iaapa-21.jpg\" data-rel=\"penci-gallery-image-content\" ><img loading=\"lazy\" decoding=\"async\" aria-describedby=\"caption-attachment-55596\" class=\"size-large wp-image-55596\" src=\"https:\/\/l21.mx\/wp-content\/uploads\/2023\/04\/iaapa-21-1024x682.jpg\" alt=\"\" width=\"1024\" height=\"682\" srcset=\"https:\/\/l21.mx\/wp-content\/uploads\/2023\/04\/iaapa-21-1024x682.jpg 1024w, https:\/\/l21.mx\/wp-content\/uploads\/2023\/04\/iaapa-21-300x200.jpg 300w, https:\/\/l21.mx\/wp-content\/uploads\/2023\/04\/iaapa-21-768x512.jpg 768w, https:\/\/l21.mx\/wp-content\/uploads\/2023\/04\/iaapa-21-1200x800.jpg 1200w, https:\/\/l21.mx\/wp-content\/uploads\/2023\/04\/iaapa-21-1170x780.jpg 1170w, https:\/\/l21.mx\/wp-content\/uploads\/2023\/04\/iaapa-21-585x390.jpg 585w, https:\/\/l21.mx\/wp-content\/uploads\/2023\/04\/iaapa-21-263x175.jpg 263w, https:\/\/l21.mx\/wp-content\/uploads\/2023\/04\/iaapa-21.jpg 1280w\" sizes=\"(max-width: 1024px) 100vw, 1024px\" \/><\/a><p id=\"caption-attachment-55596\" class=\"wp-caption-text\">Xavier L\u00f3pez Ancona, CEO Kidzania y miembro del Consejo Global IAAPA; Jim Pattison JR., presidente de Ripley Entertainment y presidente del Consejo IAAPA; Paulina Reyes, VP de IAAPA de Latam y el Caribe; y Jakob Wahl, presidente y CEO de IAAPA.<\/p><\/div>\n<div>\u201cEl r\u00e9cord de participaci\u00f3n en este Encuentro es una prueba del crecimiento de la industria de parques y atracciones en Am\u00e9rica Latina y Caribe\u201d, coment\u00f3\u00a0 Jakob Wahl, \u201ces una gran oportunidad para que los l\u00edderes de la industria compartan experiencias y generen conexiones y negocios\u201d, concluy\u00f3.<\/div>\n<p>&nbsp;<\/p>\n<div>Como parte del primer panel del Encuentro IAAPA participaron Bernardo Cueto, Secretario de Turismo de Quintana Roo y Javier Aranda, Director Ejecutivo del Consejo de Promoci\u00f3n Tur\u00edstica de Quintana Roo, quienes junto con el escritor Fernando Mart\u00ed compartieron los retos del estado en materia de turismo.<\/div>\n<div><a href=\"https:\/\/l21.mx\/wp-content\/uploads\/2023\/04\/IAAPA-15.jpg\" data-rel=\"penci-gallery-image-content\" ><img loading=\"lazy\" decoding=\"async\" class=\"alignnone size-large wp-image-55597\" src=\"https:\/\/l21.mx\/wp-content\/uploads\/2023\/04\/IAAPA-15-1024x683.jpg\" alt=\"\" width=\"1024\" height=\"683\" srcset=\"https:\/\/l21.mx\/wp-content\/uploads\/2023\/04\/IAAPA-15-1024x683.jpg 1024w, https:\/\/l21.mx\/wp-content\/uploads\/2023\/04\/IAAPA-15-300x200.jpg 300w, https:\/\/l21.mx\/wp-content\/uploads\/2023\/04\/IAAPA-15-768x512.jpg 768w, https:\/\/l21.mx\/wp-content\/uploads\/2023\/04\/IAAPA-15-1536x1025.jpg 1536w, https:\/\/l21.mx\/wp-content\/uploads\/2023\/04\/IAAPA-15-1200x800.jpg 1200w, https:\/\/l21.mx\/wp-content\/uploads\/2023\/04\/IAAPA-15-1920x1281.jpg 1920w, https:\/\/l21.mx\/wp-content\/uploads\/2023\/04\/IAAPA-15-1170x780.jpg 1170w, https:\/\/l21.mx\/wp-content\/uploads\/2023\/04\/IAAPA-15-585x390.jpg 585w, https:\/\/l21.mx\/wp-content\/uploads\/2023\/04\/IAAPA-15-263x175.jpg 263w, https:\/\/l21.mx\/wp-content\/uploads\/2023\/04\/IAAPA-15.jpg 2048w\" sizes=\"(max-width: 1024px) 100vw, 1024px\" \/><\/a><\/div>\n","protected":false},"excerpt":{"rendered":"<p>El Encuentro de IAAPA, la Asociaci\u00f3n Global de la Industria de Parques y Atracciones se lleva&hellip;<\/p>\n","protected":false},"author":100,"featured_media":55598,"comment_status":"closed","ping_status":"closed","sticky":false,"template":"","format":"standard","meta":{"_acf_changed":false,"_lmt_disableupdate":"","_lmt_disable":"","_mbp_gutenberg_autopost":false,"footnotes":""},"categories":[1655,23],"tags":[],"class_list":["post-55591","post","type-post","status-publish","format-standard","has-post-thumbnail","hentry","category-cancun","category-noticias"],"acf":[],"_links":{"self":[{"href":"https:\/\/l21.mx\/index.php?rest_route=\/wp\/v2\/posts\/55591","targetHints":{"allow":["GET"]}}],"collection":[{"href":"https:\/\/l21.mx\/index.php?rest_route=\/wp\/v2\/posts"}],"about":[{"href":"https:\/\/l21.mx\/index.php?rest_route=\/wp\/v2\/types\/post"}],"author":[{"embeddable":true,"href":"https:\/\/l21.mx\/index.php?rest_route=\/wp\/v2\/users\/100"}],"replies":[{"embeddable":true,"href":"https:\/\/l21.mx\/index.php?rest_route=%2Fwp%2Fv2%2Fcomments&post=55591"}],"version-history":[{"count":0,"href":"https:\/\/l21.mx\/index.php?rest_route=\/wp\/v2\/posts\/55591\/revisions"}],"wp:featuredmedia":[{"embeddable":true,"href":"https:\/\/l21.mx\/index.php?rest_route=\/wp\/v2\/media\/55598"}],"wp:attachment":[{"href":"https:\/\/l21.mx\/index.php?rest_route=%2Fwp%2Fv2%2Fmedia&parent=55591"}],"wp:term":[{"taxonomy":"category","embeddable":true,"href":"https:\/\/l21.mx\/index.php?rest_route=%2Fwp%2Fv2%2Fcategories&post=55591"},{"taxonomy":"post_tag","embeddable":true,"href":"https:\/\/l21.mx\/index.php?rest_route=%2Fwp%2Fv2%2Ftags&post=55591"}],"curies":[{"name":"wp","href":"https:\/\/api.w.org\/{rel}","templated":true}]}}