{"id":55655,"date":"2023-04-28T20:06:03","date_gmt":"2023-04-29T01:06:03","guid":{"rendered":"https:\/\/l21.mx\/?p=55655"},"modified":"2023-04-28T20:06:03","modified_gmt":"2023-04-29T01:06:03","slug":"quintana-roo-participa-en-la-reunion-de-la-comision-permanente-de-funcionarios-fiscales","status":"publish","type":"post","link":"https:\/\/l21.mx\/?p=55655","title":{"rendered":"Quintana Roo participa en la Reuni\u00f3n de la Comisi\u00f3n Permanente de Funcionarios Fiscales"},"content":{"rendered":"<p>&nbsp;<\/p>\n<p>-Se comparten los resultados de la Fiscalizaci\u00f3n de las Entidades Federativas<\/p>\n<p>Aguascalientes. &#8211; El titular de la Secretar\u00eda de Finanzas y Planeaci\u00f3n (SEFIPLAN), Eugenio Segura V\u00e1zquez, asisti\u00f3 representando al Estado de Quintana Roo en la \u201cCCCLI Reuni\u00f3n de la Comisi\u00f3n Permanente de Funcionarios Fiscales\u201d, llevada a cabo en Aguascalientes.<\/p>\n<p>Durante la reuni\u00f3n de trabajo, Eugenio Segura V\u00e1zquez dio a conocer que en Quintana Roo, la gobernadora Mara Lezama est\u00e1 impulsando el Nuevo Acuerdo por el Bienestar y Desarrollo que consiste en sumar la opini\u00f3n de la poblaci\u00f3n para proyectar las acciones necesarias a fin de que los programas, obras, servicios, recursos y apoyos gubernamentales lleguen a quienes m\u00e1s lo necesitan.<\/p>\n<p>Como parte de los trabajos, se informaron los resultados de la Fiscalizaci\u00f3n de las Entidades Federativas en materia de impuestos en el cierre del 2022 y primer trimestre del 2023. Adem\u00e1s de las etapas del Programa Anual de Auditor\u00edas para la Fiscalizaci\u00f3n Superior de la Cuenta P\u00fablica 2022.<\/p>\n<p>Por parte de la Unidad de Coordinaci\u00f3n con Entidades Federativas (UCEF) se expuso el tema de las Participaciones Federales al mes de abril y el Fondo de Estabilizaci\u00f3n de las Entidades Federativas. Adem\u00e1s, se dio a conocer el programa general de la pr\u00f3xima Reuni\u00f3n de la Comisi\u00f3n Permanente de Funcionarios Fiscales y el X Foro Iberoamericano de Coordinaci\u00f3n Presupuestaria, Financiera y Fiscal Intergubernamental a celebrarse en fechas pr\u00f3ximas en Guadalajara, Jalisco.<\/p>\n","protected":false},"excerpt":{"rendered":"<p>&nbsp; -Se comparten los resultados de la Fiscalizaci\u00f3n de las Entidades Federativas Aguascalientes. &#8211; El titular&hellip;<\/p>\n","protected":false},"author":100,"featured_media":55656,"comment_status":"closed","ping_status":"closed","sticky":false,"template":"","format":"standard","meta":{"_acf_changed":false,"_lmt_disableupdate":"","_lmt_disable":"","_mbp_gutenberg_autopost":false,"footnotes":""},"categories":[23,1656],"tags":[],"class_list":["post-55655","post","type-post","status-publish","format-standard","has-post-thumbnail","hentry","category-noticias","category-quintana-roo"],"acf":[],"_links":{"self":[{"href":"https:\/\/l21.mx\/index.php?rest_route=\/wp\/v2\/posts\/55655","targetHints":{"allow":["GET"]}}],"collection":[{"href":"https:\/\/l21.mx\/index.php?rest_route=\/wp\/v2\/posts"}],"about":[{"href":"https:\/\/l21.mx\/index.php?rest_route=\/wp\/v2\/types\/post"}],"author":[{"embeddable":true,"href":"https:\/\/l21.mx\/index.php?rest_route=\/wp\/v2\/users\/100"}],"replies":[{"embeddable":true,"href":"https:\/\/l21.mx\/index.php?rest_route=%2Fwp%2Fv2%2Fcomments&post=55655"}],"version-history":[{"count":0,"href":"https:\/\/l21.mx\/index.php?rest_route=\/wp\/v2\/posts\/55655\/revisions"}],"wp:featuredmedia":[{"embeddable":true,"href":"https:\/\/l21.mx\/index.php?rest_route=\/wp\/v2\/media\/55656"}],"wp:attachment":[{"href":"https:\/\/l21.mx\/index.php?rest_route=%2Fwp%2Fv2%2Fmedia&parent=55655"}],"wp:term":[{"taxonomy":"category","embeddable":true,"href":"https:\/\/l21.mx\/index.php?rest_route=%2Fwp%2Fv2%2Fcategories&post=55655"},{"taxonomy":"post_tag","embeddable":true,"href":"https:\/\/l21.mx\/index.php?rest_route=%2Fwp%2Fv2%2Ftags&post=55655"}],"curies":[{"name":"wp","href":"https:\/\/api.w.org\/{rel}","templated":true}]}}