{"id":55695,"date":"2023-04-30T14:27:34","date_gmt":"2023-04-30T19:27:34","guid":{"rendered":"https:\/\/l21.mx\/?p=55695"},"modified":"2023-04-30T14:27:34","modified_gmt":"2023-04-30T19:27:34","slug":"lili-campos-celebra-a-ninas-y-ninos-solidarenses","status":"publish","type":"post","link":"https:\/\/l21.mx\/?p=55695","title":{"rendered":"Lili Campos celebra a ni\u00f1as y ni\u00f1os solidarenses"},"content":{"rendered":"<p>&nbsp;<\/p>\n<p>&#8211; Padres de familia llevaron a sus peque\u00f1os para festejar su d\u00eda con actividades, regalos y un show infantil<\/p>\n<p><a href=\"https:\/\/l21.mx\/wp-content\/uploads\/2023\/04\/WhatsApp-Image-2023-04-29-at-20.49.57.jpeg\" data-rel=\"penci-gallery-image-content\" ><img fetchpriority=\"high\" decoding=\"async\" class=\"alignnone size-medium wp-image-55697\" src=\"https:\/\/l21.mx\/wp-content\/uploads\/2023\/04\/WhatsApp-Image-2023-04-29-at-20.49.57-300x200.jpeg\" alt=\"\" width=\"300\" height=\"200\" srcset=\"https:\/\/l21.mx\/wp-content\/uploads\/2023\/04\/WhatsApp-Image-2023-04-29-at-20.49.57-300x200.jpeg 300w, https:\/\/l21.mx\/wp-content\/uploads\/2023\/04\/WhatsApp-Image-2023-04-29-at-20.49.57-1024x683.jpeg 1024w, https:\/\/l21.mx\/wp-content\/uploads\/2023\/04\/WhatsApp-Image-2023-04-29-at-20.49.57-768x512.jpeg 768w, https:\/\/l21.mx\/wp-content\/uploads\/2023\/04\/WhatsApp-Image-2023-04-29-at-20.49.57-585x390.jpeg 585w, https:\/\/l21.mx\/wp-content\/uploads\/2023\/04\/WhatsApp-Image-2023-04-29-at-20.49.57-263x175.jpeg 263w, https:\/\/l21.mx\/wp-content\/uploads\/2023\/04\/WhatsApp-Image-2023-04-29-at-20.49.57.jpeg 1086w\" sizes=\"(max-width: 300px) 100vw, 300px\" \/><\/a><\/p>\n<p>Playa del Carmen, Solidaridad a 29 de abril del 2023. &#8211; Con gran algarab\u00eda y diversi\u00f3n, la presidenta Lili Campos festej\u00f3 a cerca de cinco mil ni\u00f1as y ni\u00f1os solidarenses que se dieron cita en la Unidad de la colonia Luis Donaldo Colosio para celebrar el D\u00eda del Ni\u00f1o y la ni\u00f1a.<\/p>\n<p>La presidenta Lili Campos convivi\u00f3 con todos los peque\u00f1os y les deseo que pasen un d\u00eda maravilloso en este festejo exclusivo para ellos, \u00abeste d\u00eda es de ustedes, mam\u00e1 y pap\u00e1 tambi\u00e9n est\u00e1n aqu\u00ed porque queremos hacerlos felices, deseamos que siempre disfruten cada momento, que cada sue\u00f1o que tengan lo hagan realidad\u00bb.<\/p>\n<p>En medio del espect\u00e1culo, que reuni\u00f3 a los personajes infantiles de la pel\u00edcula de Disney &#8216;Encanto&#8217;, la mun\u00edcipe los invit\u00f3 a seguir disfrutando de los alimentos y bebidas que fueron llevados para el evento.<\/p>\n<p>Con globoflexia, pintacaritas, juegos de mesa, brincolines y m\u00e1s actividades, los ni\u00f1os fueron festejados por las diversas direcciones de este gobierno municipal, as\u00ed como asociaciones que se unieron al festejo.<\/p>\n","protected":false},"excerpt":{"rendered":"<p>&nbsp; &#8211; Padres de familia llevaron a sus peque\u00f1os para festejar su d\u00eda con actividades, regalos&hellip;<\/p>\n","protected":false},"author":100,"featured_media":55696,"comment_status":"closed","ping_status":"closed","sticky":false,"template":"","format":"standard","meta":{"_acf_changed":false,"_lmt_disableupdate":"","_lmt_disable":"","_mbp_gutenberg_autopost":false,"footnotes":""},"categories":[1654],"tags":[],"class_list":["post-55695","post","type-post","status-publish","format-standard","has-post-thumbnail","hentry","category-solidaridad"],"acf":[],"_links":{"self":[{"href":"https:\/\/l21.mx\/index.php?rest_route=\/wp\/v2\/posts\/55695","targetHints":{"allow":["GET"]}}],"collection":[{"href":"https:\/\/l21.mx\/index.php?rest_route=\/wp\/v2\/posts"}],"about":[{"href":"https:\/\/l21.mx\/index.php?rest_route=\/wp\/v2\/types\/post"}],"author":[{"embeddable":true,"href":"https:\/\/l21.mx\/index.php?rest_route=\/wp\/v2\/users\/100"}],"replies":[{"embeddable":true,"href":"https:\/\/l21.mx\/index.php?rest_route=%2Fwp%2Fv2%2Fcomments&post=55695"}],"version-history":[{"count":0,"href":"https:\/\/l21.mx\/index.php?rest_route=\/wp\/v2\/posts\/55695\/revisions"}],"wp:featuredmedia":[{"embeddable":true,"href":"https:\/\/l21.mx\/index.php?rest_route=\/wp\/v2\/media\/55696"}],"wp:attachment":[{"href":"https:\/\/l21.mx\/index.php?rest_route=%2Fwp%2Fv2%2Fmedia&parent=55695"}],"wp:term":[{"taxonomy":"category","embeddable":true,"href":"https:\/\/l21.mx\/index.php?rest_route=%2Fwp%2Fv2%2Fcategories&post=55695"},{"taxonomy":"post_tag","embeddable":true,"href":"https:\/\/l21.mx\/index.php?rest_route=%2Fwp%2Fv2%2Ftags&post=55695"}],"curies":[{"name":"wp","href":"https:\/\/api.w.org\/{rel}","templated":true}]}}