{"id":55904,"date":"2023-05-02T18:35:59","date_gmt":"2023-05-02T23:35:59","guid":{"rendered":"https:\/\/l21.mx\/?p=55904"},"modified":"2023-05-02T18:35:59","modified_gmt":"2023-05-02T23:35:59","slug":"mayo-22-foro-de-sustentabilidad","status":"publish","type":"post","link":"https:\/\/l21.mx\/?p=55904","title":{"rendered":"Mayo 22 \u2022 Foro de Sustentabilidad"},"content":{"rendered":"<p>&nbsp;<\/p>\n<p><b>Canc\u00fan ser\u00e1 sede del XXVII Foro Mundial de la Calidad, la Mejora y la Sustentabilidad 2023, para analizar los entornos actuales que exigen a las organizaciones ser eficientes para permanecer y mejorar continuamente.<\/b><\/p>\n<p><b>El evento es una oportunidad de recibir informaci\u00f3n y directrices actualizadas a empresas, organizaciones y dependencias p\u00fablicas comprometidas con la calidad, la eficiencia, la mejora continua y la sustentabilidad. Asistir\u00e1n conferencistas provenientes de Europa, Am\u00e9rica del Norte y Latinoam\u00e9rica.<\/b><\/p>\n","protected":false},"excerpt":{"rendered":"<p>&nbsp; Canc\u00fan ser\u00e1 sede del XXVII Foro Mundial de la Calidad, la Mejora y la Sustentabilidad&hellip;<\/p>\n","protected":false},"author":95,"featured_media":55892,"comment_status":"closed","ping_status":"closed","sticky":false,"template":"","format":"standard","meta":{"_acf_changed":false,"_lmt_disableupdate":"","_lmt_disable":"","_mbp_gutenberg_autopost":false,"footnotes":""},"categories":[476],"tags":[],"class_list":["post-55904","post","type-post","status-publish","format-standard","has-post-thumbnail","hentry","category-agenda"],"acf":[],"_links":{"self":[{"href":"https:\/\/l21.mx\/index.php?rest_route=\/wp\/v2\/posts\/55904","targetHints":{"allow":["GET"]}}],"collection":[{"href":"https:\/\/l21.mx\/index.php?rest_route=\/wp\/v2\/posts"}],"about":[{"href":"https:\/\/l21.mx\/index.php?rest_route=\/wp\/v2\/types\/post"}],"author":[{"embeddable":true,"href":"https:\/\/l21.mx\/index.php?rest_route=\/wp\/v2\/users\/95"}],"replies":[{"embeddable":true,"href":"https:\/\/l21.mx\/index.php?rest_route=%2Fwp%2Fv2%2Fcomments&post=55904"}],"version-history":[{"count":0,"href":"https:\/\/l21.mx\/index.php?rest_route=\/wp\/v2\/posts\/55904\/revisions"}],"wp:featuredmedia":[{"embeddable":true,"href":"https:\/\/l21.mx\/index.php?rest_route=\/wp\/v2\/media\/55892"}],"wp:attachment":[{"href":"https:\/\/l21.mx\/index.php?rest_route=%2Fwp%2Fv2%2Fmedia&parent=55904"}],"wp:term":[{"taxonomy":"category","embeddable":true,"href":"https:\/\/l21.mx\/index.php?rest_route=%2Fwp%2Fv2%2Fcategories&post=55904"},{"taxonomy":"post_tag","embeddable":true,"href":"https:\/\/l21.mx\/index.php?rest_route=%2Fwp%2Fv2%2Ftags&post=55904"}],"curies":[{"name":"wp","href":"https:\/\/api.w.org\/{rel}","templated":true}]}}