{"id":55946,"date":"2023-05-03T09:11:13","date_gmt":"2023-05-03T14:11:13","guid":{"rendered":"https:\/\/l21.mx\/?p=55946"},"modified":"2023-05-03T09:11:13","modified_gmt":"2023-05-03T14:11:13","slug":"garantizan-proteccion-a-los-trabajadores-en-quintana-roo","status":"publish","type":"post","link":"https:\/\/l21.mx\/?p=55946","title":{"rendered":"Garantizan protecci\u00f3n a los trabajadores en Quintana Roo"},"content":{"rendered":"<p>&nbsp;<\/p>\n<p>&nbsp;<\/p>\n<p>Mara Lezama firma convenio con Tribunal Federal de Conciliaci\u00f3n y Arbitraje; Q. Roo es el primero estado en hacerlo<\/p>\n<p>&nbsp;<\/p>\n<p>Para velar por la protecci\u00f3n de los derechos de los trabajadores quintanarroenses, la gobernadora Mara Lezama Espinosa firm\u00f3 un convenio de colaboraci\u00f3n entre el Gobierno del Estado y el Tribunal Federal de Conciliaci\u00f3n y Arbitraje que permitir\u00e1 contar con personal calificado en materia del Nuevo Sistema de Justicia Laboral para atender a la ciudadan\u00eda.<\/p>\n<p>Ante el magistrado presidente del Tribunal Federal, Pl\u00e1cido Humberto Morales V\u00e1zquez, la mandataria coment\u00f3 que este convenio permitir\u00e1 certificar a los asesores jur\u00eddicos y titulares de la Procuradur\u00eda de la Defensa del Trabajo para que defiendan y representen a los trabajadores ante los nuevos tribunales laborales que hoy dependen del Tribunal Superior de Justicia.<\/p>\n<p><a href=\"https:\/\/l21.mx\/wp-content\/uploads\/2023\/05\/Tribunal-Conciliacion-y-Arbitraje-1.jpg\" data-rel=\"penci-gallery-image-content\" ><img fetchpriority=\"high\" decoding=\"async\" class=\"alignnone size-medium wp-image-55846\" src=\"https:\/\/l21.mx\/wp-content\/uploads\/2023\/05\/Tribunal-Conciliacion-y-Arbitraje-1-300x200.jpg\" alt=\"\" width=\"300\" height=\"200\" srcset=\"https:\/\/l21.mx\/wp-content\/uploads\/2023\/05\/Tribunal-Conciliacion-y-Arbitraje-1-300x200.jpg 300w, https:\/\/l21.mx\/wp-content\/uploads\/2023\/05\/Tribunal-Conciliacion-y-Arbitraje-1-1024x682.jpg 1024w, https:\/\/l21.mx\/wp-content\/uploads\/2023\/05\/Tribunal-Conciliacion-y-Arbitraje-1-768x511.jpg 768w, https:\/\/l21.mx\/wp-content\/uploads\/2023\/05\/Tribunal-Conciliacion-y-Arbitraje-1-1200x799.jpg 1200w, https:\/\/l21.mx\/wp-content\/uploads\/2023\/05\/Tribunal-Conciliacion-y-Arbitraje-1-1170x779.jpg 1170w, https:\/\/l21.mx\/wp-content\/uploads\/2023\/05\/Tribunal-Conciliacion-y-Arbitraje-1-585x390.jpg 585w, https:\/\/l21.mx\/wp-content\/uploads\/2023\/05\/Tribunal-Conciliacion-y-Arbitraje-1-263x175.jpg 263w, https:\/\/l21.mx\/wp-content\/uploads\/2023\/05\/Tribunal-Conciliacion-y-Arbitraje-1.jpg 1500w\" sizes=\"(max-width: 300px) 100vw, 300px\" \/><\/a><\/p>\n<p>\u201cCon esta acci\u00f3n el Estado sigue brindando asesor\u00eda y representaci\u00f3n legal a todo trabajador que haya sido despedido y no cuente con el recurso econ\u00f3mico para pagar un abogado particular\u201d, se\u00f1al\u00f3 la Gobernadora al firmar el documento con lo que Quintana Roo se convierte en el primer Estado en hacerlo.<\/p>\n<p>Agreg\u00f3 que al concluir con las jornadas de capacitaci\u00f3n, en seis meses, anunciar\u00e1 la incorporaci\u00f3n de este compromiso, de resolver hasta el 75% de los conflictos laborales por la v\u00eda de la conciliaci\u00f3n.<\/p>\n<p>&nbsp;<\/p>\n<p>&nbsp;<\/p>\n","protected":false},"excerpt":{"rendered":"<p>&nbsp; &nbsp; Mara Lezama firma convenio con Tribunal Federal de Conciliaci\u00f3n y Arbitraje; Q. Roo es&hellip;<\/p>\n","protected":false},"author":100,"featured_media":55845,"comment_status":"closed","ping_status":"closed","sticky":false,"template":"","format":"standard","meta":{"_acf_changed":false,"_lmt_disableupdate":"","_lmt_disable":"","_mbp_gutenberg_autopost":false,"footnotes":""},"categories":[23,1656],"tags":[],"class_list":["post-55946","post","type-post","status-publish","format-standard","has-post-thumbnail","hentry","category-noticias","category-quintana-roo"],"acf":[],"_links":{"self":[{"href":"https:\/\/l21.mx\/index.php?rest_route=\/wp\/v2\/posts\/55946","targetHints":{"allow":["GET"]}}],"collection":[{"href":"https:\/\/l21.mx\/index.php?rest_route=\/wp\/v2\/posts"}],"about":[{"href":"https:\/\/l21.mx\/index.php?rest_route=\/wp\/v2\/types\/post"}],"author":[{"embeddable":true,"href":"https:\/\/l21.mx\/index.php?rest_route=\/wp\/v2\/users\/100"}],"replies":[{"embeddable":true,"href":"https:\/\/l21.mx\/index.php?rest_route=%2Fwp%2Fv2%2Fcomments&post=55946"}],"version-history":[{"count":0,"href":"https:\/\/l21.mx\/index.php?rest_route=\/wp\/v2\/posts\/55946\/revisions"}],"wp:featuredmedia":[{"embeddable":true,"href":"https:\/\/l21.mx\/index.php?rest_route=\/wp\/v2\/media\/55845"}],"wp:attachment":[{"href":"https:\/\/l21.mx\/index.php?rest_route=%2Fwp%2Fv2%2Fmedia&parent=55946"}],"wp:term":[{"taxonomy":"category","embeddable":true,"href":"https:\/\/l21.mx\/index.php?rest_route=%2Fwp%2Fv2%2Fcategories&post=55946"},{"taxonomy":"post_tag","embeddable":true,"href":"https:\/\/l21.mx\/index.php?rest_route=%2Fwp%2Fv2%2Ftags&post=55946"}],"curies":[{"name":"wp","href":"https:\/\/api.w.org\/{rel}","templated":true}]}}