{"id":56123,"date":"2023-02-01T17:56:59","date_gmt":"2023-02-01T22:56:59","guid":{"rendered":"https:\/\/l21.mx\/?p=56123"},"modified":"2023-05-03T17:57:35","modified_gmt":"2023-05-03T22:57:35","slug":"capitulo-xxv-el-nuevo-milenio","status":"publish","type":"post","link":"https:\/\/l21.mx\/?p=56123","title":{"rendered":"Cap\u00edtulo XXV \u2022\u00a0El nuevo milenio"},"content":{"rendered":"<p>&nbsp;<\/p>\n<p><i>Al principio yo cre\u00eda que luchaba por el \u00e1rbol del hule. Despu\u00e9s yo cre\u00eda que luchaba por salvar el amazona. Ahora me doy cuenta que lucho por toda la humanidad. <\/i><b><i>FRANCISCO CHICO M\u00c9NDEZ<\/i><\/b><\/p>\n<p>Sin duda, el XX fue el siglo de la revoluci\u00f3n de las revoluciones, el que logr\u00f3 terminar con la realidad aristot\u00e9lica dual y abri\u00f3 el horizonte de visi\u00f3n humana al lograr identificar materia y energ\u00eda. De este asunto, hemos apenas empezado (pero ya empezamos) a comprender y a manejar las implicaciones. Aunque siempre que se piensa en f\u00edsica cu\u00e1ntica se piensa en la energ\u00eda producida por el nitr\u00f3geno y la energ\u00eda at\u00f3mica y sus derivados, como la bomba at\u00f3mica, la realidad es que sin ese tipo de energ\u00eda no habr\u00eda futuro para los 10 000 millones de habitantes que tendr\u00e1 el planeta en el a\u00f1o 2050.<\/p>\n<p>Somos consumidores y procesadores de energ\u00eda, la que requerimos a un precio que permita el desarrollo econ\u00f3mico y social de la humanidad. Hasta ahora, s\u00f3lo la energ\u00eda at\u00f3mica ha entrado en la econom\u00eda real y ha permitido resolver los faltantes energ\u00e9ticos de los pa\u00edses desarrollados, evitando con ello el sobreconsumo de combustibles f\u00f3siles.<span class=\"Apple-converted-space\">\u00a0 <\/span>Aun as\u00ed, el consumo de combustibles aumenta mucho d\u00eda con d\u00eda en la medida en que la poblaci\u00f3n crece y se desarrolla. La energ\u00eda es el tema central de la conservaci\u00f3n de la especie humana y en el siglo XX se realiz\u00f3 la investigaci\u00f3n necesaria para poder resolver este problema, en el futuro. Ya sabemos que, con determinadas tecnolog\u00edas, las posibilidades energ\u00e9ticas son inagotables.<\/p>\n<p>El ser humano requiere alimentaci\u00f3n para proveerse de la energ\u00eda que consume: ese es su problema b\u00e1sico de supervivencia. Tambi\u00e9n en el siglo XX, la investigaci\u00f3n en biotecnolog\u00eda y el desarrollo de la gen\u00e9tica nos dan elementos para pensar que tenemos el potencial de producir alimentos para 10 000 millones de personas.<\/p>\n<p>Tanto las altas tecnolog\u00edas como su investigaci\u00f3n y aplicaci\u00f3n requieren un sistema pol\u00edtico, econ\u00f3mico y social que los favorezca y que sea propicio para su desarrollo.<\/p>\n<p>El siglo XX fue tambi\u00e9n un caldo de cultivo y experimentaci\u00f3n de sistemas pol\u00edticos demandantes de mecanismos cada vez m\u00e1s abiertos y justos para la humanidad. La libertad del esp\u00edritu es condici\u00f3n sine qua non para la creatividad humana. El tema de la libertad del esp\u00edritu es central, pues la experiencia demuestra que sin ella la humanidad no camina al progreso, sino a la depravaci\u00f3n y a la animalidad. En el siglo XX se demostr\u00f3 fehaciente y dolorosamente que son tres los factores m\u00e1s claros de los sistemas que han progresado con mayor velocidad: libertad, democracia y respeto a los derechos humanos. Los pa\u00edses que durante dicho siglo respetaron y promovieron esas caracter\u00edsticas en sus poblaciones son los que han logrado los mayores desarrollos econ\u00f3micos y sociales. El siglo XX presenci\u00f3 tambi\u00e9n b\u00fasquedas tan dram\u00e1ticas como el comunismo y el fascismo, basados ambos en el poder del estado, el control de los medios de comunicaci\u00f3n, las restricciones a la libertad, el control de la econom\u00eda, la ausencia de democracia y la violaci\u00f3n incesante de los derechos humanos. El precio fue terrible, pues hablamos de millones de vidas humanas, de luchas fratricidas, de usufructos absurdos de recursos naturales, de<\/p>\n<p>fracasos tan dram\u00e1ticos que a\u00fan no nos percatamos de todos sus horrores. Lentamente, se descubre el velo del pseudoidealismo de que se alimentaban esos sistemas totalitarios, que fueron superados con el siglo. El camino est\u00e1 trazado, no en la demagogia ni en la mentira, sino en la realidad palpable y comparable.<\/p>\n<p>Y tambi\u00e9n durante el siglo XX se desarrolla vertiginosamente la tecnolog\u00eda en el \u00e1rea de la comunicaci\u00f3n, que ha acabado por transformar al mundo en una maravillosa e impredecible \u00abaldea global\u00bb. Hoy es un momento \u00fanico de la humanidad en que la informaci\u00f3n se difunde y le da la vuelta al mundo en minutos. Ya los dictadores voraces y asesinos no pueden delinquir impunemente en sus pa\u00edses aislados, pues todo el mundo los contempla y demanda que sean juzgados por sistemas no controlados por ellos. Los pueblos tambi\u00e9n conocen otros sistemas y formas de vida m\u00e1s justos y de mayor oportunidad, y con el tiempo aprenden a exigirlos. Esto quiere decir que la b\u00fasqueda de libertad y justicia del esp\u00edritu se expande por todo el mundo. Esa es la realidad de la aldea global: \u00abTodo es sabido por todos, todo se comparte, todo nos afecta a todos\u00bb. No nos podemos preguntar m\u00e1s \u00bfc\u00f3mo esto me afecta a m\u00ed?, sino \u00bfc\u00f3mo nos afecta a nosotros?<\/p>\n<p>En el siglo reci\u00e9n concluido nos toc\u00f3 vivir el rompimiento de todos los paradigmas espirituales. La humanidad no se resigna a que \u00able digan\u201d, ahora quiere darse cuenta por s\u00ed misma, y las ideas, desde las m\u00e1s geniales hasta las m\u00e1s descabelladas, est\u00e1n a la mano de todo el mundo. Y tambi\u00e9n nos toc\u00f3 vivir el surgimiento del concepto de ecolog\u00eda como ciencia multidisciplinaria que trata de establecer y conocer m\u00e1s la interrelaci\u00f3n de todos los elementos de la biosfera, incluyendo las energ\u00edas externas que determinan y afectan la vida de todo organismo en el planeta.<\/p>\n","protected":false},"excerpt":{"rendered":"<p>&nbsp; Al principio yo cre\u00eda que luchaba por el \u00e1rbol del hule. Despu\u00e9s yo cre\u00eda que&hellip;<\/p>\n","protected":false},"author":95,"featured_media":56029,"comment_status":"closed","ping_status":"closed","sticky":false,"template":"","format":"standard","meta":{"_acf_changed":false,"_lmt_disableupdate":"","_lmt_disable":"","_mbp_gutenberg_autopost":false,"footnotes":""},"categories":[1674,1658],"tags":[],"class_list":["post-56123","post","type-post","status-publish","format-standard","has-post-thumbnail","hentry","category-libro-ecologia-y-espiritualidad","category-marcos-constandse-madrazo"],"acf":[],"yoast_head":"<!-- This site is optimized with the Yoast SEO plugin v27.3 - https:\/\/yoast.com\/product\/yoast-seo-wordpress\/ -->\n<title>Cap\u00edtulo XXV \u2022\u00a0El nuevo milenio | Revista Latitud 21<\/title>\n<meta name=\"description\" content=\"L21, Emprendedores y Negocios en el Caribe Mexicano, es la revista l\u00edder entre el Sector Empresarial y Tur\u00edstico del Caribe Mexicano.\" \/>\n<meta name=\"robots\" content=\"index, follow, max-snippet:-1, max-image-preview:large, max-video-preview:-1\" \/>\n<link rel=\"canonical\" href=\"https:\/\/l21.mx\/?p=56123\" \/>\n<meta name=\"twitter:card\" content=\"summary_large_image\" \/>\n<meta name=\"twitter:title\" content=\"Cap\u00edtulo XXV \u2022\u00a0El nuevo milenio | Revista Latitud 21\" \/>\n<meta name=\"twitter:description\" content=\"L21, Emprendedores y Negocios en el Caribe Mexicano, es la revista l\u00edder entre el Sector Empresarial y Tur\u00edstico del Caribe Mexicano.\" \/>\n<meta name=\"twitter:image\" content=\"https:\/\/l21.mx\/wp-content\/uploads\/2021\/11\/ecologia_y_espiritualidad-2.jpeg\" \/>\n<meta name=\"twitter:creator\" content=\"@Latitud21mx\" \/>\n<meta name=\"twitter:site\" content=\"@Latitud21mx\" \/>\n<meta name=\"twitter:label1\" content=\"Escrito por\" \/>\n\t<meta name=\"twitter:data1\" content=\"ahernandez@latitud21.com.mx\" \/>\n\t<meta name=\"twitter:label2\" content=\"Tiempo de lectura\" \/>\n\t<meta name=\"twitter:data2\" content=\"4 minutos\" \/>\n<script type=\"application\/ld+json\" class=\"yoast-schema-graph\">{\"@context\":\"https:\\\/\\\/schema.org\",\"@graph\":[{\"@type\":\"Article\",\"@id\":\"https:\\\/\\\/l21.mx\\\/?p=56123#article\",\"isPartOf\":{\"@id\":\"https:\\\/\\\/l21.mx\\\/?p=56123\"},\"author\":{\"name\":\"ahernandez@latitud21.com.mx\",\"@id\":\"https:\\\/\\\/l21.mx\\\/#\\\/schema\\\/person\\\/b3cb342bb947a88e1fc27e05770479da\"},\"headline\":\"Cap\u00edtulo XXV \u2022\u00a0El nuevo milenio\",\"datePublished\":\"2023-02-01T22:56:59+00:00\",\"dateModified\":\"2023-05-03T22:57:35+00:00\",\"mainEntityOfPage\":{\"@id\":\"https:\\\/\\\/l21.mx\\\/?p=56123\"},\"wordCount\":933,\"publisher\":{\"@id\":\"https:\\\/\\\/l21.mx\\\/#organization\"},\"image\":{\"@id\":\"https:\\\/\\\/l21.mx\\\/?p=56123#primaryimage\"},\"thumbnailUrl\":\"https:\\\/\\\/l21.mx\\\/wp-content\\\/uploads\\\/2021\\\/11\\\/ecologia_y_espiritualidad-2.jpeg\",\"articleSection\":[\"Libro Ecolog\u00eda y Espiritualidad\",\"Marcos Constandse Madrazo\"],\"inLanguage\":\"es\"},{\"@type\":\"WebPage\",\"@id\":\"https:\\\/\\\/l21.mx\\\/?p=56123\",\"url\":\"https:\\\/\\\/l21.mx\\\/?p=56123\",\"name\":\"Cap\u00edtulo XXV \u2022\u00a0El nuevo milenio | Revista Latitud 21\",\"isPartOf\":{\"@id\":\"https:\\\/\\\/l21.mx\\\/#website\"},\"primaryImageOfPage\":{\"@id\":\"https:\\\/\\\/l21.mx\\\/?p=56123#primaryimage\"},\"image\":{\"@id\":\"https:\\\/\\\/l21.mx\\\/?p=56123#primaryimage\"},\"thumbnailUrl\":\"https:\\\/\\\/l21.mx\\\/wp-content\\\/uploads\\\/2021\\\/11\\\/ecologia_y_espiritualidad-2.jpeg\",\"datePublished\":\"2023-02-01T22:56:59+00:00\",\"dateModified\":\"2023-05-03T22:57:35+00:00\",\"description\":\"L21, Emprendedores y Negocios en el Caribe Mexicano, es la revista l\u00edder entre el Sector Empresarial y Tur\u00edstico del Caribe Mexicano.\",\"breadcrumb\":{\"@id\":\"https:\\\/\\\/l21.mx\\\/?p=56123#breadcrumb\"},\"inLanguage\":\"es\",\"potentialAction\":[{\"@type\":\"ReadAction\",\"target\":[\"https:\\\/\\\/l21.mx\\\/?p=56123\"]}]},{\"@type\":\"ImageObject\",\"inLanguage\":\"es\",\"@id\":\"https:\\\/\\\/l21.mx\\\/?p=56123#primaryimage\",\"url\":\"https:\\\/\\\/l21.mx\\\/wp-content\\\/uploads\\\/2021\\\/11\\\/ecologia_y_espiritualidad-2.jpeg\",\"contentUrl\":\"https:\\\/\\\/l21.mx\\\/wp-content\\\/uploads\\\/2021\\\/11\\\/ecologia_y_espiritualidad-2.jpeg\",\"width\":418,\"height\":364},{\"@type\":\"BreadcrumbList\",\"@id\":\"https:\\\/\\\/l21.mx\\\/?p=56123#breadcrumb\",\"itemListElement\":[{\"@type\":\"ListItem\",\"position\":1,\"name\":\"Portada\",\"item\":\"https:\\\/\\\/l21.mx\\\/\"},{\"@type\":\"ListItem\",\"position\":2,\"name\":\"Cap\u00edtulo XXV \u2022\u00a0El nuevo milenio\"}]},{\"@type\":\"WebSite\",\"@id\":\"https:\\\/\\\/l21.mx\\\/#website\",\"url\":\"https:\\\/\\\/l21.mx\\\/\",\"name\":\"Revista Latitud 21\",\"description\":\"Emprendedores  y negocios en el Caribe Mexicano\",\"publisher\":{\"@id\":\"https:\\\/\\\/l21.mx\\\/#organization\"},\"potentialAction\":[{\"@type\":\"SearchAction\",\"target\":{\"@type\":\"EntryPoint\",\"urlTemplate\":\"https:\\\/\\\/l21.mx\\\/?s={search_term_string}\"},\"query-input\":{\"@type\":\"PropertyValueSpecification\",\"valueRequired\":true,\"valueName\":\"search_term_string\"}}],\"inLanguage\":\"es\"},{\"@type\":\"Organization\",\"@id\":\"https:\\\/\\\/l21.mx\\\/#organization\",\"name\":\"Grupo Editorial Latitud 21 SA de CV\",\"url\":\"https:\\\/\\\/l21.mx\\\/\",\"logo\":{\"@type\":\"ImageObject\",\"inLanguage\":\"es\",\"@id\":\"https:\\\/\\\/l21.mx\\\/#\\\/schema\\\/logo\\\/image\\\/\",\"url\":\"https:\\\/\\\/l21.mx\\\/wp-content\\\/uploads\\\/2020\\\/10\\\/logo-l21-baja.jpg\",\"contentUrl\":\"https:\\\/\\\/l21.mx\\\/wp-content\\\/uploads\\\/2020\\\/10\\\/logo-l21-baja.jpg\",\"width\":250,\"height\":250,\"caption\":\"Grupo Editorial Latitud 21 SA de CV\"},\"image\":{\"@id\":\"https:\\\/\\\/l21.mx\\\/#\\\/schema\\\/logo\\\/image\\\/\"},\"sameAs\":[\"https:\\\/\\\/www.facebook.com\\\/RevistaLatitud21\\\/\",\"https:\\\/\\\/x.com\\\/Latitud21mx\"]},{\"@type\":\"Person\",\"@id\":\"https:\\\/\\\/l21.mx\\\/#\\\/schema\\\/person\\\/b3cb342bb947a88e1fc27e05770479da\",\"name\":\"ahernandez@latitud21.com.mx\",\"url\":\"https:\\\/\\\/l21.mx\\\/?author=95\"}]}<\/script>\n<!-- \/ Yoast SEO plugin. -->","yoast_head_json":{"title":"Cap\u00edtulo XXV \u2022\u00a0El nuevo milenio | Revista Latitud 21","description":"L21, Emprendedores y Negocios en el Caribe Mexicano, es la revista l\u00edder entre el Sector Empresarial y Tur\u00edstico del Caribe Mexicano.","robots":{"index":"index","follow":"follow","max-snippet":"max-snippet:-1","max-image-preview":"max-image-preview:large","max-video-preview":"max-video-preview:-1"},"canonical":"https:\/\/l21.mx\/?p=56123","twitter_card":"summary_large_image","twitter_title":"Cap\u00edtulo XXV \u2022\u00a0El nuevo milenio | Revista Latitud 21","twitter_description":"L21, Emprendedores y Negocios en el Caribe Mexicano, es la revista l\u00edder entre el Sector Empresarial y Tur\u00edstico del Caribe Mexicano.","twitter_image":"https:\/\/l21.mx\/wp-content\/uploads\/2021\/11\/ecologia_y_espiritualidad-2.jpeg","twitter_creator":"@Latitud21mx","twitter_site":"@Latitud21mx","twitter_misc":{"Escrito por":"ahernandez@latitud21.com.mx","Tiempo de lectura":"4 minutos"},"schema":{"@context":"https:\/\/schema.org","@graph":[{"@type":"Article","@id":"https:\/\/l21.mx\/?p=56123#article","isPartOf":{"@id":"https:\/\/l21.mx\/?p=56123"},"author":{"name":"ahernandez@latitud21.com.mx","@id":"https:\/\/l21.mx\/#\/schema\/person\/b3cb342bb947a88e1fc27e05770479da"},"headline":"Cap\u00edtulo XXV \u2022\u00a0El nuevo milenio","datePublished":"2023-02-01T22:56:59+00:00","dateModified":"2023-05-03T22:57:35+00:00","mainEntityOfPage":{"@id":"https:\/\/l21.mx\/?p=56123"},"wordCount":933,"publisher":{"@id":"https:\/\/l21.mx\/#organization"},"image":{"@id":"https:\/\/l21.mx\/?p=56123#primaryimage"},"thumbnailUrl":"https:\/\/l21.mx\/wp-content\/uploads\/2021\/11\/ecologia_y_espiritualidad-2.jpeg","articleSection":["Libro Ecolog\u00eda y Espiritualidad","Marcos Constandse Madrazo"],"inLanguage":"es"},{"@type":"WebPage","@id":"https:\/\/l21.mx\/?p=56123","url":"https:\/\/l21.mx\/?p=56123","name":"Cap\u00edtulo XXV \u2022\u00a0El nuevo milenio | Revista Latitud 21","isPartOf":{"@id":"https:\/\/l21.mx\/#website"},"primaryImageOfPage":{"@id":"https:\/\/l21.mx\/?p=56123#primaryimage"},"image":{"@id":"https:\/\/l21.mx\/?p=56123#primaryimage"},"thumbnailUrl":"https:\/\/l21.mx\/wp-content\/uploads\/2021\/11\/ecologia_y_espiritualidad-2.jpeg","datePublished":"2023-02-01T22:56:59+00:00","dateModified":"2023-05-03T22:57:35+00:00","description":"L21, Emprendedores y Negocios en el Caribe Mexicano, es la revista l\u00edder entre el Sector Empresarial y Tur\u00edstico del Caribe Mexicano.","breadcrumb":{"@id":"https:\/\/l21.mx\/?p=56123#breadcrumb"},"inLanguage":"es","potentialAction":[{"@type":"ReadAction","target":["https:\/\/l21.mx\/?p=56123"]}]},{"@type":"ImageObject","inLanguage":"es","@id":"https:\/\/l21.mx\/?p=56123#primaryimage","url":"https:\/\/l21.mx\/wp-content\/uploads\/2021\/11\/ecologia_y_espiritualidad-2.jpeg","contentUrl":"https:\/\/l21.mx\/wp-content\/uploads\/2021\/11\/ecologia_y_espiritualidad-2.jpeg","width":418,"height":364},{"@type":"BreadcrumbList","@id":"https:\/\/l21.mx\/?p=56123#breadcrumb","itemListElement":[{"@type":"ListItem","position":1,"name":"Portada","item":"https:\/\/l21.mx\/"},{"@type":"ListItem","position":2,"name":"Cap\u00edtulo XXV \u2022\u00a0El nuevo milenio"}]},{"@type":"WebSite","@id":"https:\/\/l21.mx\/#website","url":"https:\/\/l21.mx\/","name":"Revista Latitud 21","description":"Emprendedores  y negocios en el Caribe Mexicano","publisher":{"@id":"https:\/\/l21.mx\/#organization"},"potentialAction":[{"@type":"SearchAction","target":{"@type":"EntryPoint","urlTemplate":"https:\/\/l21.mx\/?s={search_term_string}"},"query-input":{"@type":"PropertyValueSpecification","valueRequired":true,"valueName":"search_term_string"}}],"inLanguage":"es"},{"@type":"Organization","@id":"https:\/\/l21.mx\/#organization","name":"Grupo Editorial Latitud 21 SA de CV","url":"https:\/\/l21.mx\/","logo":{"@type":"ImageObject","inLanguage":"es","@id":"https:\/\/l21.mx\/#\/schema\/logo\/image\/","url":"https:\/\/l21.mx\/wp-content\/uploads\/2020\/10\/logo-l21-baja.jpg","contentUrl":"https:\/\/l21.mx\/wp-content\/uploads\/2020\/10\/logo-l21-baja.jpg","width":250,"height":250,"caption":"Grupo Editorial Latitud 21 SA de CV"},"image":{"@id":"https:\/\/l21.mx\/#\/schema\/logo\/image\/"},"sameAs":["https:\/\/www.facebook.com\/RevistaLatitud21\/","https:\/\/x.com\/Latitud21mx"]},{"@type":"Person","@id":"https:\/\/l21.mx\/#\/schema\/person\/b3cb342bb947a88e1fc27e05770479da","name":"ahernandez@latitud21.com.mx","url":"https:\/\/l21.mx\/?author=95"}]}},"amp_enabled":true,"_links":{"self":[{"href":"https:\/\/l21.mx\/index.php?rest_route=\/wp\/v2\/posts\/56123","targetHints":{"allow":["GET"]}}],"collection":[{"href":"https:\/\/l21.mx\/index.php?rest_route=\/wp\/v2\/posts"}],"about":[{"href":"https:\/\/l21.mx\/index.php?rest_route=\/wp\/v2\/types\/post"}],"author":[{"embeddable":true,"href":"https:\/\/l21.mx\/index.php?rest_route=\/wp\/v2\/users\/95"}],"replies":[{"embeddable":true,"href":"https:\/\/l21.mx\/index.php?rest_route=%2Fwp%2Fv2%2Fcomments&post=56123"}],"version-history":[{"count":1,"href":"https:\/\/l21.mx\/index.php?rest_route=\/wp\/v2\/posts\/56123\/revisions"}],"predecessor-version":[{"id":56124,"href":"https:\/\/l21.mx\/index.php?rest_route=\/wp\/v2\/posts\/56123\/revisions\/56124"}],"wp:featuredmedia":[{"embeddable":true,"href":"https:\/\/l21.mx\/index.php?rest_route=\/wp\/v2\/media\/56029"}],"wp:attachment":[{"href":"https:\/\/l21.mx\/index.php?rest_route=%2Fwp%2Fv2%2Fmedia&parent=56123"}],"wp:term":[{"taxonomy":"category","embeddable":true,"href":"https:\/\/l21.mx\/index.php?rest_route=%2Fwp%2Fv2%2Fcategories&post=56123"},{"taxonomy":"post_tag","embeddable":true,"href":"https:\/\/l21.mx\/index.php?rest_route=%2Fwp%2Fv2%2Ftags&post=56123"}],"curies":[{"name":"wp","href":"https:\/\/api.w.org\/{rel}","templated":true}]}}