{"id":56127,"date":"2023-03-01T17:59:20","date_gmt":"2023-03-01T22:59:20","guid":{"rendered":"https:\/\/l21.mx\/?p=56127"},"modified":"2023-05-03T18:00:09","modified_gmt":"2023-05-03T23:00:09","slug":"capitulo-xxvi-la-tierra","status":"publish","type":"post","link":"https:\/\/l21.mx\/?p=56127","title":{"rendered":"Cap\u00edtulo XXVI \u2022\u00a0La Tierra"},"content":{"rendered":"<p>&nbsp;<\/p>\n<p>La ciencia ha demostrado ya que hubo un hasta ahora incomprensible principio de principios. El universo se inici\u00f3 con el big bang, que se cre\u00eda era el resultado de una enorme concentraci\u00f3n de materia que, habiendo explotado, cre\u00f3 el universo hace unos 15 mil millones de a\u00f1os. Ahora se sabe que en el principio de los principios no hab\u00eda materia sino energ\u00eda que se expande, que engendra tiempo, espacio y materia. Conforme la materia se va creando, los campos magn\u00e9ticos de atracci\u00f3n trabajan sobre ella y la van concentrando, formando billones de millones de estrellas, planetas, lunas, etc. Estas pueden progresar, desintegrarse o chocar y fundirse y en ese proceso se forman las galaxias, como agrupaciones de materia con un centro gravitacional que las contiene. Juntas con los billones de galaxias del universo se expanden, alej\u00e1ndose cada vez m\u00e1s de su punto de creaci\u00f3n.<\/p>\n<p>Una de estas galaxias la hemos bautizado como la V\u00eda L\u00e1ctea y dentro de sus millones de estrellas est\u00e1 el sol, alrededor del cual gira nuestro planeta.<\/p>\n<p>La Tierra es una unidad en pleno proceso, que conserva su centro todav\u00eda candente a temperaturas de miles de grados. Podemos conocer su composici\u00f3n gracias a la erupci\u00f3n de los volcanes, que est\u00e1n conectados con este centro, por lo menos con su parte m\u00e1s superficial.<\/p>\n<p>La Tierra aparece como tal hace unos 4 500 millones de a\u00f1os e inicia su evoluci\u00f3n. Para comprender la ecolog\u00eda y los procesos que se dan en la biosfera es necesario imaginar la Tierra en sus inicios, como una bola de materia, todav\u00eda candente, cuya superficie va creando capas duras y suaves al enfriarse; un planeta con un coraz\u00f3n candente y una piel compuesta de materia y gases, sin ning\u00fan rastro de vida. Los gases van configurando poco a poco una atm\u00f3sfera, y las condiciones y climas se van haciendo propicios para que aparezca la vida. En todo ese proceso se empiezan a formar el agua (como una combinaci\u00f3n de ox\u00edgeno e hidr\u00f3geno), el nitr\u00f3geno y todos los elementos s\u00f3lidos, l\u00edquidos y gaseosos que ahora conocemos. En este caldo de cultivo, por procedimientos que ahora se repiten en laboratorio, empiezan a aparecer las primeras prote\u00ednas y amino\u00e1cidos que posteriormente formar\u00e1n los primeros organismos vivos (unicelulares), los cuales nacen, crecen y se reproducen anaer\u00f3bicamente.<\/p>\n<p>Son estos organismos los que, al agruparse, forman las primeras algas y l\u00edquenes (organismos pluricelulares), los cuales con sus funciones vitales generan su propio alimento, por medio de la fotos\u00edntesis, y desechan ox\u00edgeno e hidr\u00f3geno, elementos que empiezan a formar la atm\u00f3sfera como ahora la conocemos y que son la base y sustento de la vida actual en nuestro planeta.<\/p>\n<p>Saber c\u00f3mo <i>nace<\/i> la atm\u00f3sfera de la Tierra nos permite comprender c\u00f3mo se inicia esa cadena de interacciones que es la biosfera actual, de la cual surge cada organismo viviente. Lo que era materia inerte es ahora vida que interact\u00faa y lentamente forma, a trav\u00e9s de miles de millones de a\u00f1os, el planeta que ahora conocemos.<\/p>\n<p>Es fundamental darnos cuenta de que la vida humana igual puede ir en una direcci\u00f3n evolutiva que en una involutiva. La historia de la vida en el planeta tiene cientos de millones de a\u00f1os, y el \u00fanico factor identificado que la altera, hoy por hoy, somos los humanos. Es decir que los cambios que percibimos, como la extinci\u00f3n de las especies, la lluvia \u00e1cida, la contaminaci\u00f3n de lagos, r\u00edos y oc\u00e9anos, son provocados por nosotros. En los \u00faltimos 70 millones de a\u00f1os el \u00fanico factor extra\u00f1o que transform\u00f3 a la Tierra fue el aerolito que provoc\u00f3 la extinci\u00f3n de los dinosaurios al contaminar la atm\u00f3sfera. El ser humano tiene cinco millones de a\u00f1os de evoluci\u00f3n, pero apenas 10 000 de civilizaci\u00f3n moderna y s\u00f3lo 500 de haber iniciado una contaminaci\u00f3n masiva, que crece algebraicamente. La biosfera no existe por s\u00ed misma, sino en funci\u00f3n de la interacci\u00f3n con todos los elementos que la integran, y puede variar para bien o para mal.<\/p>\n<p><b>Nota al margen.<\/b><\/p>\n<p><b>Atm\u00f3sfera. <\/b>Envoltura de aire que rodea al globo terr\u00e1queo.<\/p>\n","protected":false},"excerpt":{"rendered":"<p>&nbsp; La ciencia ha demostrado ya que hubo un hasta ahora incomprensible principio de principios. El&hellip;<\/p>\n","protected":false},"author":95,"featured_media":56029,"comment_status":"closed","ping_status":"closed","sticky":false,"template":"","format":"standard","meta":{"_acf_changed":false,"_lmt_disableupdate":"","_lmt_disable":"","_mbp_gutenberg_autopost":false,"footnotes":""},"categories":[1674,1658],"tags":[],"class_list":["post-56127","post","type-post","status-publish","format-standard","has-post-thumbnail","hentry","category-libro-ecologia-y-espiritualidad","category-marcos-constandse-madrazo"],"acf":[],"yoast_head":"<!-- This site is optimized with the Yoast SEO plugin v27.3 - https:\/\/yoast.com\/product\/yoast-seo-wordpress\/ -->\n<title>Cap\u00edtulo XXVI \u2022\u00a0La Tierra | Revista Latitud 21<\/title>\n<meta name=\"description\" content=\"L21, Emprendedores y Negocios en el Caribe Mexicano, es la revista l\u00edder entre el Sector Empresarial y Tur\u00edstico del Caribe Mexicano.\" \/>\n<meta name=\"robots\" content=\"index, follow, max-snippet:-1, max-image-preview:large, max-video-preview:-1\" \/>\n<link rel=\"canonical\" href=\"https:\/\/l21.mx\/?p=56127\" \/>\n<meta name=\"twitter:card\" content=\"summary_large_image\" \/>\n<meta name=\"twitter:title\" content=\"Cap\u00edtulo XXVI \u2022\u00a0La Tierra | Revista Latitud 21\" \/>\n<meta name=\"twitter:description\" content=\"L21, Emprendedores y Negocios en el Caribe Mexicano, es la revista l\u00edder entre el Sector Empresarial y Tur\u00edstico del Caribe Mexicano.\" \/>\n<meta name=\"twitter:image\" content=\"https:\/\/l21.mx\/wp-content\/uploads\/2021\/11\/ecologia_y_espiritualidad-2.jpeg\" \/>\n<meta name=\"twitter:creator\" content=\"@Latitud21mx\" \/>\n<meta name=\"twitter:site\" content=\"@Latitud21mx\" \/>\n<meta name=\"twitter:label1\" content=\"Escrito por\" \/>\n\t<meta name=\"twitter:data1\" content=\"ahernandez@latitud21.com.mx\" \/>\n\t<meta name=\"twitter:label2\" content=\"Tiempo de lectura\" \/>\n\t<meta name=\"twitter:data2\" content=\"4 minutos\" \/>\n<script type=\"application\/ld+json\" class=\"yoast-schema-graph\">{\"@context\":\"https:\\\/\\\/schema.org\",\"@graph\":[{\"@type\":\"Article\",\"@id\":\"https:\\\/\\\/l21.mx\\\/?p=56127#article\",\"isPartOf\":{\"@id\":\"https:\\\/\\\/l21.mx\\\/?p=56127\"},\"author\":{\"name\":\"ahernandez@latitud21.com.mx\",\"@id\":\"https:\\\/\\\/l21.mx\\\/#\\\/schema\\\/person\\\/b3cb342bb947a88e1fc27e05770479da\"},\"headline\":\"Cap\u00edtulo XXVI \u2022\u00a0La Tierra\",\"datePublished\":\"2023-03-01T22:59:20+00:00\",\"dateModified\":\"2023-05-03T23:00:09+00:00\",\"mainEntityOfPage\":{\"@id\":\"https:\\\/\\\/l21.mx\\\/?p=56127\"},\"wordCount\":732,\"publisher\":{\"@id\":\"https:\\\/\\\/l21.mx\\\/#organization\"},\"image\":{\"@id\":\"https:\\\/\\\/l21.mx\\\/?p=56127#primaryimage\"},\"thumbnailUrl\":\"https:\\\/\\\/l21.mx\\\/wp-content\\\/uploads\\\/2021\\\/11\\\/ecologia_y_espiritualidad-2.jpeg\",\"articleSection\":[\"Libro Ecolog\u00eda y Espiritualidad\",\"Marcos Constandse Madrazo\"],\"inLanguage\":\"es\"},{\"@type\":\"WebPage\",\"@id\":\"https:\\\/\\\/l21.mx\\\/?p=56127\",\"url\":\"https:\\\/\\\/l21.mx\\\/?p=56127\",\"name\":\"Cap\u00edtulo XXVI \u2022\u00a0La Tierra | Revista Latitud 21\",\"isPartOf\":{\"@id\":\"https:\\\/\\\/l21.mx\\\/#website\"},\"primaryImageOfPage\":{\"@id\":\"https:\\\/\\\/l21.mx\\\/?p=56127#primaryimage\"},\"image\":{\"@id\":\"https:\\\/\\\/l21.mx\\\/?p=56127#primaryimage\"},\"thumbnailUrl\":\"https:\\\/\\\/l21.mx\\\/wp-content\\\/uploads\\\/2021\\\/11\\\/ecologia_y_espiritualidad-2.jpeg\",\"datePublished\":\"2023-03-01T22:59:20+00:00\",\"dateModified\":\"2023-05-03T23:00:09+00:00\",\"description\":\"L21, Emprendedores y Negocios en el Caribe Mexicano, es la revista l\u00edder entre el Sector Empresarial y Tur\u00edstico del Caribe Mexicano.\",\"breadcrumb\":{\"@id\":\"https:\\\/\\\/l21.mx\\\/?p=56127#breadcrumb\"},\"inLanguage\":\"es\",\"potentialAction\":[{\"@type\":\"ReadAction\",\"target\":[\"https:\\\/\\\/l21.mx\\\/?p=56127\"]}]},{\"@type\":\"ImageObject\",\"inLanguage\":\"es\",\"@id\":\"https:\\\/\\\/l21.mx\\\/?p=56127#primaryimage\",\"url\":\"https:\\\/\\\/l21.mx\\\/wp-content\\\/uploads\\\/2021\\\/11\\\/ecologia_y_espiritualidad-2.jpeg\",\"contentUrl\":\"https:\\\/\\\/l21.mx\\\/wp-content\\\/uploads\\\/2021\\\/11\\\/ecologia_y_espiritualidad-2.jpeg\",\"width\":418,\"height\":364},{\"@type\":\"BreadcrumbList\",\"@id\":\"https:\\\/\\\/l21.mx\\\/?p=56127#breadcrumb\",\"itemListElement\":[{\"@type\":\"ListItem\",\"position\":1,\"name\":\"Portada\",\"item\":\"https:\\\/\\\/l21.mx\\\/\"},{\"@type\":\"ListItem\",\"position\":2,\"name\":\"Cap\u00edtulo XXVI \u2022\u00a0La Tierra\"}]},{\"@type\":\"WebSite\",\"@id\":\"https:\\\/\\\/l21.mx\\\/#website\",\"url\":\"https:\\\/\\\/l21.mx\\\/\",\"name\":\"Revista Latitud 21\",\"description\":\"Emprendedores  y negocios en el Caribe Mexicano\",\"publisher\":{\"@id\":\"https:\\\/\\\/l21.mx\\\/#organization\"},\"potentialAction\":[{\"@type\":\"SearchAction\",\"target\":{\"@type\":\"EntryPoint\",\"urlTemplate\":\"https:\\\/\\\/l21.mx\\\/?s={search_term_string}\"},\"query-input\":{\"@type\":\"PropertyValueSpecification\",\"valueRequired\":true,\"valueName\":\"search_term_string\"}}],\"inLanguage\":\"es\"},{\"@type\":\"Organization\",\"@id\":\"https:\\\/\\\/l21.mx\\\/#organization\",\"name\":\"Grupo Editorial Latitud 21 SA de CV\",\"url\":\"https:\\\/\\\/l21.mx\\\/\",\"logo\":{\"@type\":\"ImageObject\",\"inLanguage\":\"es\",\"@id\":\"https:\\\/\\\/l21.mx\\\/#\\\/schema\\\/logo\\\/image\\\/\",\"url\":\"https:\\\/\\\/l21.mx\\\/wp-content\\\/uploads\\\/2020\\\/10\\\/logo-l21-baja.jpg\",\"contentUrl\":\"https:\\\/\\\/l21.mx\\\/wp-content\\\/uploads\\\/2020\\\/10\\\/logo-l21-baja.jpg\",\"width\":250,\"height\":250,\"caption\":\"Grupo Editorial Latitud 21 SA de CV\"},\"image\":{\"@id\":\"https:\\\/\\\/l21.mx\\\/#\\\/schema\\\/logo\\\/image\\\/\"},\"sameAs\":[\"https:\\\/\\\/www.facebook.com\\\/RevistaLatitud21\\\/\",\"https:\\\/\\\/x.com\\\/Latitud21mx\"]},{\"@type\":\"Person\",\"@id\":\"https:\\\/\\\/l21.mx\\\/#\\\/schema\\\/person\\\/b3cb342bb947a88e1fc27e05770479da\",\"name\":\"ahernandez@latitud21.com.mx\",\"url\":\"https:\\\/\\\/l21.mx\\\/?author=95\"}]}<\/script>\n<!-- \/ Yoast SEO plugin. -->","yoast_head_json":{"title":"Cap\u00edtulo XXVI \u2022\u00a0La Tierra | Revista Latitud 21","description":"L21, Emprendedores y Negocios en el Caribe Mexicano, es la revista l\u00edder entre el Sector Empresarial y Tur\u00edstico del Caribe Mexicano.","robots":{"index":"index","follow":"follow","max-snippet":"max-snippet:-1","max-image-preview":"max-image-preview:large","max-video-preview":"max-video-preview:-1"},"canonical":"https:\/\/l21.mx\/?p=56127","twitter_card":"summary_large_image","twitter_title":"Cap\u00edtulo XXVI \u2022\u00a0La Tierra | Revista Latitud 21","twitter_description":"L21, Emprendedores y Negocios en el Caribe Mexicano, es la revista l\u00edder entre el Sector Empresarial y Tur\u00edstico del Caribe Mexicano.","twitter_image":"https:\/\/l21.mx\/wp-content\/uploads\/2021\/11\/ecologia_y_espiritualidad-2.jpeg","twitter_creator":"@Latitud21mx","twitter_site":"@Latitud21mx","twitter_misc":{"Escrito por":"ahernandez@latitud21.com.mx","Tiempo de lectura":"4 minutos"},"schema":{"@context":"https:\/\/schema.org","@graph":[{"@type":"Article","@id":"https:\/\/l21.mx\/?p=56127#article","isPartOf":{"@id":"https:\/\/l21.mx\/?p=56127"},"author":{"name":"ahernandez@latitud21.com.mx","@id":"https:\/\/l21.mx\/#\/schema\/person\/b3cb342bb947a88e1fc27e05770479da"},"headline":"Cap\u00edtulo XXVI \u2022\u00a0La Tierra","datePublished":"2023-03-01T22:59:20+00:00","dateModified":"2023-05-03T23:00:09+00:00","mainEntityOfPage":{"@id":"https:\/\/l21.mx\/?p=56127"},"wordCount":732,"publisher":{"@id":"https:\/\/l21.mx\/#organization"},"image":{"@id":"https:\/\/l21.mx\/?p=56127#primaryimage"},"thumbnailUrl":"https:\/\/l21.mx\/wp-content\/uploads\/2021\/11\/ecologia_y_espiritualidad-2.jpeg","articleSection":["Libro Ecolog\u00eda y Espiritualidad","Marcos Constandse Madrazo"],"inLanguage":"es"},{"@type":"WebPage","@id":"https:\/\/l21.mx\/?p=56127","url":"https:\/\/l21.mx\/?p=56127","name":"Cap\u00edtulo XXVI \u2022\u00a0La Tierra | Revista Latitud 21","isPartOf":{"@id":"https:\/\/l21.mx\/#website"},"primaryImageOfPage":{"@id":"https:\/\/l21.mx\/?p=56127#primaryimage"},"image":{"@id":"https:\/\/l21.mx\/?p=56127#primaryimage"},"thumbnailUrl":"https:\/\/l21.mx\/wp-content\/uploads\/2021\/11\/ecologia_y_espiritualidad-2.jpeg","datePublished":"2023-03-01T22:59:20+00:00","dateModified":"2023-05-03T23:00:09+00:00","description":"L21, Emprendedores y Negocios en el Caribe Mexicano, es la revista l\u00edder entre el Sector Empresarial y Tur\u00edstico del Caribe Mexicano.","breadcrumb":{"@id":"https:\/\/l21.mx\/?p=56127#breadcrumb"},"inLanguage":"es","potentialAction":[{"@type":"ReadAction","target":["https:\/\/l21.mx\/?p=56127"]}]},{"@type":"ImageObject","inLanguage":"es","@id":"https:\/\/l21.mx\/?p=56127#primaryimage","url":"https:\/\/l21.mx\/wp-content\/uploads\/2021\/11\/ecologia_y_espiritualidad-2.jpeg","contentUrl":"https:\/\/l21.mx\/wp-content\/uploads\/2021\/11\/ecologia_y_espiritualidad-2.jpeg","width":418,"height":364},{"@type":"BreadcrumbList","@id":"https:\/\/l21.mx\/?p=56127#breadcrumb","itemListElement":[{"@type":"ListItem","position":1,"name":"Portada","item":"https:\/\/l21.mx\/"},{"@type":"ListItem","position":2,"name":"Cap\u00edtulo XXVI \u2022\u00a0La Tierra"}]},{"@type":"WebSite","@id":"https:\/\/l21.mx\/#website","url":"https:\/\/l21.mx\/","name":"Revista Latitud 21","description":"Emprendedores  y negocios en el Caribe Mexicano","publisher":{"@id":"https:\/\/l21.mx\/#organization"},"potentialAction":[{"@type":"SearchAction","target":{"@type":"EntryPoint","urlTemplate":"https:\/\/l21.mx\/?s={search_term_string}"},"query-input":{"@type":"PropertyValueSpecification","valueRequired":true,"valueName":"search_term_string"}}],"inLanguage":"es"},{"@type":"Organization","@id":"https:\/\/l21.mx\/#organization","name":"Grupo Editorial Latitud 21 SA de CV","url":"https:\/\/l21.mx\/","logo":{"@type":"ImageObject","inLanguage":"es","@id":"https:\/\/l21.mx\/#\/schema\/logo\/image\/","url":"https:\/\/l21.mx\/wp-content\/uploads\/2020\/10\/logo-l21-baja.jpg","contentUrl":"https:\/\/l21.mx\/wp-content\/uploads\/2020\/10\/logo-l21-baja.jpg","width":250,"height":250,"caption":"Grupo Editorial Latitud 21 SA de CV"},"image":{"@id":"https:\/\/l21.mx\/#\/schema\/logo\/image\/"},"sameAs":["https:\/\/www.facebook.com\/RevistaLatitud21\/","https:\/\/x.com\/Latitud21mx"]},{"@type":"Person","@id":"https:\/\/l21.mx\/#\/schema\/person\/b3cb342bb947a88e1fc27e05770479da","name":"ahernandez@latitud21.com.mx","url":"https:\/\/l21.mx\/?author=95"}]}},"amp_enabled":true,"_links":{"self":[{"href":"https:\/\/l21.mx\/index.php?rest_route=\/wp\/v2\/posts\/56127","targetHints":{"allow":["GET"]}}],"collection":[{"href":"https:\/\/l21.mx\/index.php?rest_route=\/wp\/v2\/posts"}],"about":[{"href":"https:\/\/l21.mx\/index.php?rest_route=\/wp\/v2\/types\/post"}],"author":[{"embeddable":true,"href":"https:\/\/l21.mx\/index.php?rest_route=\/wp\/v2\/users\/95"}],"replies":[{"embeddable":true,"href":"https:\/\/l21.mx\/index.php?rest_route=%2Fwp%2Fv2%2Fcomments&post=56127"}],"version-history":[{"count":1,"href":"https:\/\/l21.mx\/index.php?rest_route=\/wp\/v2\/posts\/56127\/revisions"}],"predecessor-version":[{"id":56128,"href":"https:\/\/l21.mx\/index.php?rest_route=\/wp\/v2\/posts\/56127\/revisions\/56128"}],"wp:featuredmedia":[{"embeddable":true,"href":"https:\/\/l21.mx\/index.php?rest_route=\/wp\/v2\/media\/56029"}],"wp:attachment":[{"href":"https:\/\/l21.mx\/index.php?rest_route=%2Fwp%2Fv2%2Fmedia&parent=56127"}],"wp:term":[{"taxonomy":"category","embeddable":true,"href":"https:\/\/l21.mx\/index.php?rest_route=%2Fwp%2Fv2%2Fcategories&post=56127"},{"taxonomy":"post_tag","embeddable":true,"href":"https:\/\/l21.mx\/index.php?rest_route=%2Fwp%2Fv2%2Ftags&post=56127"}],"curies":[{"name":"wp","href":"https:\/\/api.w.org\/{rel}","templated":true}]}}