{"id":56143,"date":"2023-05-01T18:03:40","date_gmt":"2023-05-01T23:03:40","guid":{"rendered":"https:\/\/l21.mx\/?p=56143"},"modified":"2023-05-03T18:06:01","modified_gmt":"2023-05-03T23:06:01","slug":"capitulo-xxx-convivencia-del-neolitico-con-lo-actual","status":"publish","type":"post","link":"https:\/\/l21.mx\/?p=56143","title":{"rendered":"Cap\u00edtulo XXX \u2022\u00a0Convivencia del neol\u00edtico con lo actual"},"content":{"rendered":"<p>&nbsp;<\/p>\n<p>AI final del siglo XX pr\u00e1cticamente se dan por terminadas las sociedades neol\u00edticas pastoriles o re colectoras, a pesar de que en \u00c1frica todav\u00eda quedan algunas, al igual que en el Amazonas (Brasil) o en Papua-Nueva Guinea, que en total no suman ni el 1% de las que hab\u00eda a principios del siglo. En cien a\u00f1os desaparecieron culturas con m\u00e1s de 10 000 a\u00f1os de existencia. Estos pocos grupos que quedan hoy alternan con cosmonautas que est\u00e1n en la base espacial. \u00bfCu\u00e1l puede ser el resultado de esa realidad? \u00bfHay mejores y peores? \u00bfSuperiores e inferiores? Este debate ha sido ya superado, yo creo que todos somos iguales y diferentes.<\/p>\n<p>La diferencia est\u00e1 en nuestra visi\u00f3n del mundo; la visi\u00f3n moderna es global mientras que la neol\u00edtica se circunscribe a la cotidianidad de la vida, al territorio que se domina y a la mitolog\u00eda heredada de siglos, sin influencia de los procesos civilizadores. Pero, \u00bfqu\u00e9 es un proceso civilizador? Desde mi punto de vista, lo es aquel que b\u00e1sicamente universaliza la visi\u00f3n del mundo. Con el s\u00f3lo hecho de presenciar otras cosmovisiones, tradiciones espirituales, folclore, expresiones art\u00edsticas, paisajes, climas y costumbres, ampliamos nuestra propia visi\u00f3n del mundo. Si adem\u00e1s conocemos la historia de otros pueblos, los comprendemos mejor, advertimos con mayor claridad las diferencias y las coincidencias y las apreciamos en su justa dimensi\u00f3n. Todos tenemos antepasados neol\u00edticos, todos hemos sido humanos que, 186 en procesos que hoy se aceleran y antes eran m\u00e1s lentos, evolucionamos hacia niveles de conciencia m\u00e1s elevados, m\u00e1s integradores. Hablamos de la aldea global, pero habitada por seres humanos muy diferentes en raza, color, tradiciones y costumbres, y con muy distintas visiones del mundo y niveles de conciencia.<\/p>\n<p>Antiguamente, los pueblos viv\u00edan separados, sin saber unos de los otros, y cuando se encontraban, unos dominaban y otros eran dominados, y \u00e9stos ten\u00edan que absorber la visi\u00f3n de aqu\u00e9llos.<\/p>\n<p>A la evoluci\u00f3n le ha llevado cerca de 10 000 a\u00f1os integrar los pa\u00edses modernos, muchos de los cuales por razones tribales (\u00c1frica), \u00e9tnicas (Los Balcanes) o religiosas (India-Pakist\u00e1n) tendr\u00e1n que ajustar fronteras. Sin embargo, la divisi\u00f3n b\u00e1sica est\u00e1 ya integrada. Integrada en este caso significa, configurada, delimitada y aceptada. Somos cerca de 240 pa\u00edses que nos diferenciamos y separamos por fronteras.<\/p>\n<p>Pero la informaci\u00f3n no tiene fronteras. Los sat\u00e9lites la difunden instant\u00e1neamente por todo el mundo, y otro tanto se hace a trav\u00e9s de internet. Personalmente, creo que todo este movimiento que desconoce l\u00edmites est\u00e1 movido por el motor m\u00e1s poderoso e integrador del esp\u00edritu humano: el anhelo de libertad. El esp\u00edritu, que est\u00e1 en cada uno de nosotros y que nos hace iguales, sabe que sin libertad plena no se puede autorrealizar. Esa fue la raz\u00f3n por la cual en el siglo XX se intent\u00f3 arrasar con la mayor\u00eda de los gobiernos totalitarios del mundo. El ser humano no puede vivir dos realidades al mismo tiempo, no puede ser sometido y libre en un mismo momento y la expansi\u00f3n de la informaci\u00f3n visual, radiada, fotografiada o escrita ya no puede ser censurada por los tiranos del mundo. Estos ya no pueden actuar impunemente sin ser sancionados por toda la comunidad mundial en la aldea global; no hay en d\u00f3nde esconder la barbarie, la impiedad, el abuso y el ego\u00edsmo. Hoy ya se est\u00e1 dando el caso de que tiranos de un pa\u00eds espec\u00edfico son juzgados por la comunidad internacional y todo el mundo conoce sus fechor\u00edas.<\/p>\n<p>Toda esta \u00abcorriente\u00bb de informaci\u00f3n es la que est\u00e1 rompiendo barreras de incomprensi\u00f3n y generalizando los principios econ\u00f3micos, sociales y espirituales de los pa\u00edses que han logrado superar su pobreza. Levantando el valor moral y econ\u00f3mico de sus ciudadanos, han logrado los mejores niveles de vida y de justicia social.<\/p>\n<p>Todos estos pa\u00edses son democracias, econ\u00f3micamente sustentadas en el libre mercado, con religiones que tienen en com\u00fan la creencia en que hubo un principio, una creaci\u00f3n, y que aceptan la evoluci\u00f3n del universo y del hombre como el proceso que nos ha llevado a lo que ahora somos. Han desarrollado una conciencia de libertad que engendra en s\u00ed misma el anhelo espiritual de la libertad.<\/p>\n<p>La libertad da la opci\u00f3n de escoger y las sociedades avanzadas y actualizadas la tienen. Por lo tanto, quiz\u00e1s sea all\u00ed en donde se ubique la mayor responsabilidad de las decisiones que determinan el futuro de la humanidad. Esa capacidad de elegir y actuar es la que los hace responsables en primer lugar del futuro de la humanidad en las pr\u00f3ximas d\u00e9cadas.<\/p>\n<p><b>Notas al margen<span class=\"Apple-converted-space\">\u00a0<\/span><\/b><\/p>\n<p><b>Neol\u00edtico. <\/b>Perteneciente o relativo a la edad de la piedra pulimentada<\/p>\n","protected":false},"excerpt":{"rendered":"<p>&nbsp; AI final del siglo XX pr\u00e1cticamente se dan por terminadas las sociedades neol\u00edticas pastoriles o&hellip;<\/p>\n","protected":false},"author":95,"featured_media":56029,"comment_status":"closed","ping_status":"closed","sticky":false,"template":"","format":"standard","meta":{"_acf_changed":false,"_lmt_disableupdate":"","_lmt_disable":"","_mbp_gutenberg_autopost":false,"footnotes":""},"categories":[1674,1658],"tags":[],"class_list":["post-56143","post","type-post","status-publish","format-standard","has-post-thumbnail","hentry","category-libro-ecologia-y-espiritualidad","category-marcos-constandse-madrazo"],"acf":[],"yoast_head":"<!-- This site is optimized with the Yoast SEO plugin v27.5 - https:\/\/yoast.com\/product\/yoast-seo-wordpress\/ -->\n<title>Cap\u00edtulo XXX \u2022\u00a0Convivencia del neol\u00edtico con lo actual | Revista Latitud 21<\/title>\n<meta name=\"description\" content=\"L21, Emprendedores y Negocios en el Caribe Mexicano, es la revista l\u00edder entre el Sector Empresarial y Tur\u00edstico del Caribe Mexicano.\" \/>\n<meta name=\"robots\" content=\"index, follow, max-snippet:-1, max-image-preview:large, max-video-preview:-1\" \/>\n<link rel=\"canonical\" href=\"https:\/\/l21.mx\/?p=56143\" \/>\n<meta name=\"twitter:card\" content=\"summary_large_image\" \/>\n<meta name=\"twitter:title\" content=\"Cap\u00edtulo XXX \u2022\u00a0Convivencia del neol\u00edtico con lo actual | Revista Latitud 21\" \/>\n<meta name=\"twitter:description\" content=\"L21, Emprendedores y Negocios en el Caribe Mexicano, es la revista l\u00edder entre el Sector Empresarial y Tur\u00edstico del Caribe Mexicano.\" \/>\n<meta name=\"twitter:image\" content=\"https:\/\/l21.mx\/wp-content\/uploads\/2021\/11\/ecologia_y_espiritualidad-2.jpeg\" \/>\n<meta name=\"twitter:creator\" content=\"@Latitud21mx\" \/>\n<meta name=\"twitter:site\" content=\"@Latitud21mx\" \/>\n<meta name=\"twitter:label1\" content=\"Escrito por\" \/>\n\t<meta name=\"twitter:data1\" content=\"ahernandez@latitud21.com.mx\" \/>\n\t<meta name=\"twitter:label2\" content=\"Tiempo de lectura\" \/>\n\t<meta name=\"twitter:data2\" content=\"4 minutos\" \/>\n<script type=\"application\/ld+json\" class=\"yoast-schema-graph\">{\"@context\":\"https:\\\/\\\/schema.org\",\"@graph\":[{\"@type\":\"Article\",\"@id\":\"https:\\\/\\\/l21.mx\\\/?p=56143#article\",\"isPartOf\":{\"@id\":\"https:\\\/\\\/l21.mx\\\/?p=56143\"},\"author\":{\"name\":\"ahernandez@latitud21.com.mx\",\"@id\":\"https:\\\/\\\/l21.mx\\\/#\\\/schema\\\/person\\\/b3cb342bb947a88e1fc27e05770479da\"},\"headline\":\"Cap\u00edtulo XXX \u2022\u00a0Convivencia del neol\u00edtico con lo actual\",\"datePublished\":\"2023-05-01T23:03:40+00:00\",\"dateModified\":\"2023-05-03T23:06:01+00:00\",\"mainEntityOfPage\":{\"@id\":\"https:\\\/\\\/l21.mx\\\/?p=56143\"},\"wordCount\":834,\"publisher\":{\"@id\":\"https:\\\/\\\/l21.mx\\\/#organization\"},\"image\":{\"@id\":\"https:\\\/\\\/l21.mx\\\/?p=56143#primaryimage\"},\"thumbnailUrl\":\"https:\\\/\\\/l21.mx\\\/wp-content\\\/uploads\\\/2021\\\/11\\\/ecologia_y_espiritualidad-2.jpeg\",\"articleSection\":[\"Libro Ecolog\u00eda y Espiritualidad\",\"Marcos Constandse Madrazo\"],\"inLanguage\":\"es\"},{\"@type\":\"WebPage\",\"@id\":\"https:\\\/\\\/l21.mx\\\/?p=56143\",\"url\":\"https:\\\/\\\/l21.mx\\\/?p=56143\",\"name\":\"Cap\u00edtulo XXX \u2022\u00a0Convivencia del neol\u00edtico con lo actual | Revista Latitud 21\",\"isPartOf\":{\"@id\":\"https:\\\/\\\/l21.mx\\\/#website\"},\"primaryImageOfPage\":{\"@id\":\"https:\\\/\\\/l21.mx\\\/?p=56143#primaryimage\"},\"image\":{\"@id\":\"https:\\\/\\\/l21.mx\\\/?p=56143#primaryimage\"},\"thumbnailUrl\":\"https:\\\/\\\/l21.mx\\\/wp-content\\\/uploads\\\/2021\\\/11\\\/ecologia_y_espiritualidad-2.jpeg\",\"datePublished\":\"2023-05-01T23:03:40+00:00\",\"dateModified\":\"2023-05-03T23:06:01+00:00\",\"description\":\"L21, Emprendedores y Negocios en el Caribe Mexicano, es la revista l\u00edder entre el Sector Empresarial y Tur\u00edstico del Caribe Mexicano.\",\"breadcrumb\":{\"@id\":\"https:\\\/\\\/l21.mx\\\/?p=56143#breadcrumb\"},\"inLanguage\":\"es\",\"potentialAction\":[{\"@type\":\"ReadAction\",\"target\":[\"https:\\\/\\\/l21.mx\\\/?p=56143\"]}]},{\"@type\":\"ImageObject\",\"inLanguage\":\"es\",\"@id\":\"https:\\\/\\\/l21.mx\\\/?p=56143#primaryimage\",\"url\":\"https:\\\/\\\/l21.mx\\\/wp-content\\\/uploads\\\/2021\\\/11\\\/ecologia_y_espiritualidad-2.jpeg\",\"contentUrl\":\"https:\\\/\\\/l21.mx\\\/wp-content\\\/uploads\\\/2021\\\/11\\\/ecologia_y_espiritualidad-2.jpeg\",\"width\":418,\"height\":364},{\"@type\":\"BreadcrumbList\",\"@id\":\"https:\\\/\\\/l21.mx\\\/?p=56143#breadcrumb\",\"itemListElement\":[{\"@type\":\"ListItem\",\"position\":1,\"name\":\"Portada\",\"item\":\"https:\\\/\\\/l21.mx\\\/\"},{\"@type\":\"ListItem\",\"position\":2,\"name\":\"Cap\u00edtulo XXX \u2022\u00a0Convivencia del neol\u00edtico con lo actual\"}]},{\"@type\":\"WebSite\",\"@id\":\"https:\\\/\\\/l21.mx\\\/#website\",\"url\":\"https:\\\/\\\/l21.mx\\\/\",\"name\":\"Revista Latitud 21\",\"description\":\"Emprendedores  y negocios en el Caribe Mexicano\",\"publisher\":{\"@id\":\"https:\\\/\\\/l21.mx\\\/#organization\"},\"potentialAction\":[{\"@type\":\"SearchAction\",\"target\":{\"@type\":\"EntryPoint\",\"urlTemplate\":\"https:\\\/\\\/l21.mx\\\/?s={search_term_string}\"},\"query-input\":{\"@type\":\"PropertyValueSpecification\",\"valueRequired\":true,\"valueName\":\"search_term_string\"}}],\"inLanguage\":\"es\"},{\"@type\":\"Organization\",\"@id\":\"https:\\\/\\\/l21.mx\\\/#organization\",\"name\":\"Grupo Editorial Latitud 21 SA de CV\",\"url\":\"https:\\\/\\\/l21.mx\\\/\",\"logo\":{\"@type\":\"ImageObject\",\"inLanguage\":\"es\",\"@id\":\"https:\\\/\\\/l21.mx\\\/#\\\/schema\\\/logo\\\/image\\\/\",\"url\":\"https:\\\/\\\/l21.mx\\\/wp-content\\\/uploads\\\/2020\\\/10\\\/logo-l21-baja.jpg\",\"contentUrl\":\"https:\\\/\\\/l21.mx\\\/wp-content\\\/uploads\\\/2020\\\/10\\\/logo-l21-baja.jpg\",\"width\":250,\"height\":250,\"caption\":\"Grupo Editorial Latitud 21 SA de CV\"},\"image\":{\"@id\":\"https:\\\/\\\/l21.mx\\\/#\\\/schema\\\/logo\\\/image\\\/\"},\"sameAs\":[\"https:\\\/\\\/www.facebook.com\\\/RevistaLatitud21\\\/\",\"https:\\\/\\\/x.com\\\/Latitud21mx\"]},{\"@type\":\"Person\",\"@id\":\"https:\\\/\\\/l21.mx\\\/#\\\/schema\\\/person\\\/b3cb342bb947a88e1fc27e05770479da\",\"name\":\"ahernandez@latitud21.com.mx\",\"url\":\"https:\\\/\\\/l21.mx\\\/?author=95\"}]}<\/script>\n<!-- \/ Yoast SEO plugin. -->","yoast_head_json":{"title":"Cap\u00edtulo XXX \u2022\u00a0Convivencia del neol\u00edtico con lo actual | Revista Latitud 21","description":"L21, Emprendedores y Negocios en el Caribe Mexicano, es la revista l\u00edder entre el Sector Empresarial y Tur\u00edstico del Caribe Mexicano.","robots":{"index":"index","follow":"follow","max-snippet":"max-snippet:-1","max-image-preview":"max-image-preview:large","max-video-preview":"max-video-preview:-1"},"canonical":"https:\/\/l21.mx\/?p=56143","twitter_card":"summary_large_image","twitter_title":"Cap\u00edtulo XXX \u2022\u00a0Convivencia del neol\u00edtico con lo actual | Revista Latitud 21","twitter_description":"L21, Emprendedores y Negocios en el Caribe Mexicano, es la revista l\u00edder entre el Sector Empresarial y Tur\u00edstico del Caribe Mexicano.","twitter_image":"https:\/\/l21.mx\/wp-content\/uploads\/2021\/11\/ecologia_y_espiritualidad-2.jpeg","twitter_creator":"@Latitud21mx","twitter_site":"@Latitud21mx","twitter_misc":{"Escrito por":"ahernandez@latitud21.com.mx","Tiempo de lectura":"4 minutos"},"schema":{"@context":"https:\/\/schema.org","@graph":[{"@type":"Article","@id":"https:\/\/l21.mx\/?p=56143#article","isPartOf":{"@id":"https:\/\/l21.mx\/?p=56143"},"author":{"name":"ahernandez@latitud21.com.mx","@id":"https:\/\/l21.mx\/#\/schema\/person\/b3cb342bb947a88e1fc27e05770479da"},"headline":"Cap\u00edtulo XXX \u2022\u00a0Convivencia del neol\u00edtico con lo actual","datePublished":"2023-05-01T23:03:40+00:00","dateModified":"2023-05-03T23:06:01+00:00","mainEntityOfPage":{"@id":"https:\/\/l21.mx\/?p=56143"},"wordCount":834,"publisher":{"@id":"https:\/\/l21.mx\/#organization"},"image":{"@id":"https:\/\/l21.mx\/?p=56143#primaryimage"},"thumbnailUrl":"https:\/\/l21.mx\/wp-content\/uploads\/2021\/11\/ecologia_y_espiritualidad-2.jpeg","articleSection":["Libro Ecolog\u00eda y Espiritualidad","Marcos Constandse Madrazo"],"inLanguage":"es"},{"@type":"WebPage","@id":"https:\/\/l21.mx\/?p=56143","url":"https:\/\/l21.mx\/?p=56143","name":"Cap\u00edtulo XXX \u2022\u00a0Convivencia del neol\u00edtico con lo actual | Revista Latitud 21","isPartOf":{"@id":"https:\/\/l21.mx\/#website"},"primaryImageOfPage":{"@id":"https:\/\/l21.mx\/?p=56143#primaryimage"},"image":{"@id":"https:\/\/l21.mx\/?p=56143#primaryimage"},"thumbnailUrl":"https:\/\/l21.mx\/wp-content\/uploads\/2021\/11\/ecologia_y_espiritualidad-2.jpeg","datePublished":"2023-05-01T23:03:40+00:00","dateModified":"2023-05-03T23:06:01+00:00","description":"L21, Emprendedores y Negocios en el Caribe Mexicano, es la revista l\u00edder entre el Sector Empresarial y Tur\u00edstico del Caribe Mexicano.","breadcrumb":{"@id":"https:\/\/l21.mx\/?p=56143#breadcrumb"},"inLanguage":"es","potentialAction":[{"@type":"ReadAction","target":["https:\/\/l21.mx\/?p=56143"]}]},{"@type":"ImageObject","inLanguage":"es","@id":"https:\/\/l21.mx\/?p=56143#primaryimage","url":"https:\/\/l21.mx\/wp-content\/uploads\/2021\/11\/ecologia_y_espiritualidad-2.jpeg","contentUrl":"https:\/\/l21.mx\/wp-content\/uploads\/2021\/11\/ecologia_y_espiritualidad-2.jpeg","width":418,"height":364},{"@type":"BreadcrumbList","@id":"https:\/\/l21.mx\/?p=56143#breadcrumb","itemListElement":[{"@type":"ListItem","position":1,"name":"Portada","item":"https:\/\/l21.mx\/"},{"@type":"ListItem","position":2,"name":"Cap\u00edtulo XXX \u2022\u00a0Convivencia del neol\u00edtico con lo actual"}]},{"@type":"WebSite","@id":"https:\/\/l21.mx\/#website","url":"https:\/\/l21.mx\/","name":"Revista Latitud 21","description":"Emprendedores  y negocios en el Caribe Mexicano","publisher":{"@id":"https:\/\/l21.mx\/#organization"},"potentialAction":[{"@type":"SearchAction","target":{"@type":"EntryPoint","urlTemplate":"https:\/\/l21.mx\/?s={search_term_string}"},"query-input":{"@type":"PropertyValueSpecification","valueRequired":true,"valueName":"search_term_string"}}],"inLanguage":"es"},{"@type":"Organization","@id":"https:\/\/l21.mx\/#organization","name":"Grupo Editorial Latitud 21 SA de CV","url":"https:\/\/l21.mx\/","logo":{"@type":"ImageObject","inLanguage":"es","@id":"https:\/\/l21.mx\/#\/schema\/logo\/image\/","url":"https:\/\/l21.mx\/wp-content\/uploads\/2020\/10\/logo-l21-baja.jpg","contentUrl":"https:\/\/l21.mx\/wp-content\/uploads\/2020\/10\/logo-l21-baja.jpg","width":250,"height":250,"caption":"Grupo Editorial Latitud 21 SA de CV"},"image":{"@id":"https:\/\/l21.mx\/#\/schema\/logo\/image\/"},"sameAs":["https:\/\/www.facebook.com\/RevistaLatitud21\/","https:\/\/x.com\/Latitud21mx"]},{"@type":"Person","@id":"https:\/\/l21.mx\/#\/schema\/person\/b3cb342bb947a88e1fc27e05770479da","name":"ahernandez@latitud21.com.mx","url":"https:\/\/l21.mx\/?author=95"}]}},"amp_enabled":true,"_links":{"self":[{"href":"https:\/\/l21.mx\/index.php?rest_route=\/wp\/v2\/posts\/56143","targetHints":{"allow":["GET"]}}],"collection":[{"href":"https:\/\/l21.mx\/index.php?rest_route=\/wp\/v2\/posts"}],"about":[{"href":"https:\/\/l21.mx\/index.php?rest_route=\/wp\/v2\/types\/post"}],"author":[{"embeddable":true,"href":"https:\/\/l21.mx\/index.php?rest_route=\/wp\/v2\/users\/95"}],"replies":[{"embeddable":true,"href":"https:\/\/l21.mx\/index.php?rest_route=%2Fwp%2Fv2%2Fcomments&post=56143"}],"version-history":[{"count":1,"href":"https:\/\/l21.mx\/index.php?rest_route=\/wp\/v2\/posts\/56143\/revisions"}],"predecessor-version":[{"id":56144,"href":"https:\/\/l21.mx\/index.php?rest_route=\/wp\/v2\/posts\/56143\/revisions\/56144"}],"wp:featuredmedia":[{"embeddable":true,"href":"https:\/\/l21.mx\/index.php?rest_route=\/wp\/v2\/media\/56029"}],"wp:attachment":[{"href":"https:\/\/l21.mx\/index.php?rest_route=%2Fwp%2Fv2%2Fmedia&parent=56143"}],"wp:term":[{"taxonomy":"category","embeddable":true,"href":"https:\/\/l21.mx\/index.php?rest_route=%2Fwp%2Fv2%2Fcategories&post=56143"},{"taxonomy":"post_tag","embeddable":true,"href":"https:\/\/l21.mx\/index.php?rest_route=%2Fwp%2Fv2%2Ftags&post=56143"}],"curies":[{"name":"wp","href":"https:\/\/api.w.org\/{rel}","templated":true}]}}