{"id":56203,"date":"2023-05-04T18:44:43","date_gmt":"2023-05-04T23:44:43","guid":{"rendered":"https:\/\/l21.mx\/?p=56203"},"modified":"2023-05-04T18:46:04","modified_gmt":"2023-05-04T23:46:04","slug":"reunion-nacional-de-proteccion-civil-para-la-temporada-de-lluvias-y-ciclones-tropicales-2023","status":"publish","type":"post","link":"https:\/\/l21.mx\/?p=56203","title":{"rendered":"Quintana Roo es sede de la Reuni\u00f3n Nacional de Protecci\u00f3n Civil para la Temporada de Lluvias y Ciclones Tropicales 2023"},"content":{"rendered":"<div class=\"header-standard header-classic single-header\"><\/div>\n<div class=\"post-box-meta-single\">\u2013 Quintana Roo fue anfitri\u00f3n de la \u201cReuni\u00f3n Nacional de Protecci\u00f3n Civil para la Temporada de Lluvias y Ciclones Tropicales 2023\u201d en la que participaron las 32 Secretar\u00edas y Coordinaciones Estatales de Protecci\u00f3n Civil del pa\u00eds<\/div>\n<div><\/div>\n<div><a href=\"https:\/\/l21.mx\/wp-content\/uploads\/2023\/05\/WhatsApp-Image-2023-05-04-at-18.15.56.jpeg\" data-rel=\"penci-gallery-image-content\" ><img fetchpriority=\"high\" decoding=\"async\" class=\"alignnone size-medium wp-image-56205\" src=\"https:\/\/l21.mx\/wp-content\/uploads\/2023\/05\/WhatsApp-Image-2023-05-04-at-18.15.56-300x169.jpeg\" alt=\"\" width=\"300\" height=\"169\" srcset=\"https:\/\/l21.mx\/wp-content\/uploads\/2023\/05\/WhatsApp-Image-2023-05-04-at-18.15.56-300x169.jpeg 300w, https:\/\/l21.mx\/wp-content\/uploads\/2023\/05\/WhatsApp-Image-2023-05-04-at-18.15.56-1024x576.jpeg 1024w, https:\/\/l21.mx\/wp-content\/uploads\/2023\/05\/WhatsApp-Image-2023-05-04-at-18.15.56-768x432.jpeg 768w, https:\/\/l21.mx\/wp-content\/uploads\/2023\/05\/WhatsApp-Image-2023-05-04-at-18.15.56-1536x864.jpeg 1536w, https:\/\/l21.mx\/wp-content\/uploads\/2023\/05\/WhatsApp-Image-2023-05-04-at-18.15.56-1200x675.jpeg 1200w, https:\/\/l21.mx\/wp-content\/uploads\/2023\/05\/WhatsApp-Image-2023-05-04-at-18.15.56-1170x663.jpeg 1170w, https:\/\/l21.mx\/wp-content\/uploads\/2023\/05\/WhatsApp-Image-2023-05-04-at-18.15.56-585x329.jpeg 585w, https:\/\/l21.mx\/wp-content\/uploads\/2023\/05\/WhatsApp-Image-2023-05-04-at-18.15.56.jpeg 1600w\" sizes=\"(max-width: 300px) 100vw, 300px\" \/><\/a><\/div>\n<div class=\"post-entry blockquote-style-2\">\n<div id=\"penci-post-entry-inner\" class=\"inner-post-entry entry-content\">\n<p>Canc\u00fan.- Durante la \u201cReuni\u00f3n Nacional de Protecci\u00f3n Civil para la Temporada de Lluvias y Ciclones Tropicales 2023\u201d se reconoci\u00f3 el liderazgo, la cultura de la prevenci\u00f3n y la coordinaci\u00f3n para afrontar con \u00e9xito esta temporada en el Caribe Mexicano y se declar\u00f3 el inicio de la temporada de ciclones 2023, a partir del 15 de mayo en el Pac\u00edfico y el 1 de junio en el Atl\u00e1ntico.<\/p>\n<p>\u201cNos queda claro que en Quintana Roo hay una gran cultura de prevenci\u00f3n en torno a los fen\u00f3menos hidrometeorol\u00f3gicos, y la mejor manera de enfrentarlos es con prevenci\u00f3n\u201d destac\u00f3 la gobernadora Mara Lezama con la presencia de la coordinadora Nacional de Protecci\u00f3n Civil Laura Vel\u00e1zquez Alz\u00faa.<\/p>\n<p>Ante m\u00e1s de 990 profesionales de protecci\u00f3n civil del pa\u00eds, la gobernadora de Quintana Roo a\u00f1adi\u00f3 que compartir experiencias forma parte del esp\u00edritu del Nuevo Acuerdo por el Bienestar y Desarrollo de Quintana Roo, en el que la suma de voluntades y el trabajo todas y todos genera bienestar para los visitantes y turistas, y prosperidad para las familias quintanarroenses.<\/p>\n<p>\u201cVelar por la integridad de las y los quintanarroenses, de nuestros visitantes es mi prioridad, por eso refrendamos nuestro compromiso de actuar coordinada y solidariamente, para que esta temporada de lluvias y huracanes concluya con saldo blanco\u201d precis\u00f3 Mara Lezama.<\/p>\n<p>En su intervenci\u00f3n, la titular de la Coordinaci\u00f3n Nacional de Protecci\u00f3n Civil, Laura Vel\u00e1zquez Alz\u00faa, se\u00f1al\u00f3 que el Gobierno de M\u00e9xico trabaja de la mano con las autoridades municipales y estatales, adem\u00e1s de declararse listos para la temporada de lluvias y ciclones tropicales 2023.<\/p>\n<p>Vel\u00e1zquez Alz\u00faa explic\u00f3 que el pron\u00f3stico para el Atl\u00e1ntico contempla de entre 10 a 16 fen\u00f3menos, de los cuales de 7 a 9 pueden ser tormentas tropicales, 1 a 3 huracanes categor\u00eda 1 y 2, y de 2 a 4 huracanes categor\u00edas 3,4 y 5, que se consideran dentro del promedio.<\/p>\n<p>En esta reuni\u00f3n nacional asistieron las 32 secretar\u00edas y coordinaciones estatales de protecci\u00f3n civil del pa\u00eds, as\u00ed como autoridades del Ej\u00e9rcito Mexicano, Marina, Armada de M\u00e9xico, Servicio Meteorol\u00f3gico Nacional y la Comisi\u00f3n Nacional del Agua. Tambi\u00e9n estuvieron presidentas y presidentes municipales de Quintana Roo.<\/p>\n<\/div>\n<\/div>\n","protected":false},"excerpt":{"rendered":"<p>\u2013 Quintana Roo fue anfitri\u00f3n de la \u201cReuni\u00f3n Nacional de Protecci\u00f3n Civil para la Temporada de&hellip;<\/p>\n","protected":false},"author":100,"featured_media":56204,"comment_status":"closed","ping_status":"closed","sticky":false,"template":"","format":"standard","meta":{"_acf_changed":false,"_lmt_disableupdate":"","_lmt_disable":"","_mbp_gutenberg_autopost":false,"footnotes":""},"categories":[23,1656],"tags":[],"class_list":["post-56203","post","type-post","status-publish","format-standard","has-post-thumbnail","hentry","category-noticias","category-quintana-roo"],"acf":[],"_links":{"self":[{"href":"https:\/\/l21.mx\/index.php?rest_route=\/wp\/v2\/posts\/56203","targetHints":{"allow":["GET"]}}],"collection":[{"href":"https:\/\/l21.mx\/index.php?rest_route=\/wp\/v2\/posts"}],"about":[{"href":"https:\/\/l21.mx\/index.php?rest_route=\/wp\/v2\/types\/post"}],"author":[{"embeddable":true,"href":"https:\/\/l21.mx\/index.php?rest_route=\/wp\/v2\/users\/100"}],"replies":[{"embeddable":true,"href":"https:\/\/l21.mx\/index.php?rest_route=%2Fwp%2Fv2%2Fcomments&post=56203"}],"version-history":[{"count":0,"href":"https:\/\/l21.mx\/index.php?rest_route=\/wp\/v2\/posts\/56203\/revisions"}],"wp:featuredmedia":[{"embeddable":true,"href":"https:\/\/l21.mx\/index.php?rest_route=\/wp\/v2\/media\/56204"}],"wp:attachment":[{"href":"https:\/\/l21.mx\/index.php?rest_route=%2Fwp%2Fv2%2Fmedia&parent=56203"}],"wp:term":[{"taxonomy":"category","embeddable":true,"href":"https:\/\/l21.mx\/index.php?rest_route=%2Fwp%2Fv2%2Fcategories&post=56203"},{"taxonomy":"post_tag","embeddable":true,"href":"https:\/\/l21.mx\/index.php?rest_route=%2Fwp%2Fv2%2Ftags&post=56203"}],"curies":[{"name":"wp","href":"https:\/\/api.w.org\/{rel}","templated":true}]}}