{"id":56250,"date":"2023-05-07T10:07:13","date_gmt":"2023-05-07T15:07:13","guid":{"rendered":"https:\/\/l21.mx\/?p=56250"},"modified":"2023-05-08T10:08:30","modified_gmt":"2023-05-08T15:08:30","slug":"emotiva-exhibicion-de-bandas-escolares","status":"publish","type":"post","link":"https:\/\/l21.mx\/?p=56250","title":{"rendered":"Emotiva exhibici\u00f3n de bandas escolares"},"content":{"rendered":"<p>&nbsp;<\/p>\n<p>\u2022 El gobierno que encabeza Lili Campos fomenta valores c\u00edvicos y de identidad nacional en el estudiantado<\/p>\n<p><a href=\"https:\/\/l21.mx\/wp-content\/uploads\/2023\/05\/WhatsApp-Image-2023-05-06-at-15.39.26.jpeg\" data-rel=\"penci-gallery-image-content\" ><img fetchpriority=\"high\" decoding=\"async\" class=\"alignnone size-medium wp-image-56251\" src=\"https:\/\/l21.mx\/wp-content\/uploads\/2023\/05\/WhatsApp-Image-2023-05-06-at-15.39.26-300x171.jpeg\" alt=\"\" width=\"300\" height=\"171\" srcset=\"https:\/\/l21.mx\/wp-content\/uploads\/2023\/05\/WhatsApp-Image-2023-05-06-at-15.39.26-300x171.jpeg 300w, https:\/\/l21.mx\/wp-content\/uploads\/2023\/05\/WhatsApp-Image-2023-05-06-at-15.39.26-585x334.jpeg 585w, https:\/\/l21.mx\/wp-content\/uploads\/2023\/05\/WhatsApp-Image-2023-05-06-at-15.39.26.jpeg 656w\" sizes=\"(max-width: 300px) 100vw, 300px\" \/><\/a><\/p>\n<p>Playa del Carmen, Solidaridad, 6 de mayo del 2023.- Promoviendo valores c\u00edvicos y de identidad nacional, en recientes d\u00edas el gobierno que preside Lili Campos llev\u00f3 a cabo la primera exhibici\u00f3n de bandas escolares entre alumnos del nivel medio superior, evento realizado en el Centro de Estudios Tecnol\u00f3gicos del Mar (CETMAR), en el fraccionamiento Villas del Sol.<\/p>\n<p>En representaci\u00f3n de la edil Lili Campos estuvo la regidora Lesvia Quintal, acompa\u00f1ada del director de Educaci\u00f3n, Cultura y Deporte, Javier Basurto, quienes coincidieron en que este tipo de eventos estudiantiles demuestra el inter\u00e9s de los participantes por demostrar su talento ante la comunidad estudiantil, reafirmando valores de identidad nacional, fomentando el civismo, disciplina, respeto y amor a la patria.<\/p>\n<p>En esta exhibici\u00f3n participaron: Guerreros TM y Guerreros II TV de la secundaria t\u00e9cnica # 33 Vicente Guerrero, Marching Band Delfines del consorcio Educativo Riviera Maya, Linces del CECyTE 1, Tritones del CETMAR 36 y como invitada de honor, la banda de guerra de la Secretaria de Seguridad P\u00fablica.<\/p>\n","protected":false},"excerpt":{"rendered":"<p>&nbsp; \u2022 El gobierno que encabeza Lili Campos fomenta valores c\u00edvicos y de identidad nacional en&hellip;<\/p>\n","protected":false},"author":100,"featured_media":56252,"comment_status":"closed","ping_status":"closed","sticky":false,"template":"","format":"standard","meta":{"_acf_changed":false,"_lmt_disableupdate":"","_lmt_disable":"","_mbp_gutenberg_autopost":false,"footnotes":""},"categories":[1654],"tags":[],"class_list":["post-56250","post","type-post","status-publish","format-standard","has-post-thumbnail","hentry","category-solidaridad"],"acf":[],"_links":{"self":[{"href":"https:\/\/l21.mx\/index.php?rest_route=\/wp\/v2\/posts\/56250","targetHints":{"allow":["GET"]}}],"collection":[{"href":"https:\/\/l21.mx\/index.php?rest_route=\/wp\/v2\/posts"}],"about":[{"href":"https:\/\/l21.mx\/index.php?rest_route=\/wp\/v2\/types\/post"}],"author":[{"embeddable":true,"href":"https:\/\/l21.mx\/index.php?rest_route=\/wp\/v2\/users\/100"}],"replies":[{"embeddable":true,"href":"https:\/\/l21.mx\/index.php?rest_route=%2Fwp%2Fv2%2Fcomments&post=56250"}],"version-history":[{"count":0,"href":"https:\/\/l21.mx\/index.php?rest_route=\/wp\/v2\/posts\/56250\/revisions"}],"wp:featuredmedia":[{"embeddable":true,"href":"https:\/\/l21.mx\/index.php?rest_route=\/wp\/v2\/media\/56252"}],"wp:attachment":[{"href":"https:\/\/l21.mx\/index.php?rest_route=%2Fwp%2Fv2%2Fmedia&parent=56250"}],"wp:term":[{"taxonomy":"category","embeddable":true,"href":"https:\/\/l21.mx\/index.php?rest_route=%2Fwp%2Fv2%2Fcategories&post=56250"},{"taxonomy":"post_tag","embeddable":true,"href":"https:\/\/l21.mx\/index.php?rest_route=%2Fwp%2Fv2%2Ftags&post=56250"}],"curies":[{"name":"wp","href":"https:\/\/api.w.org\/{rel}","templated":true}]}}