{"id":56443,"date":"2023-05-19T16:55:49","date_gmt":"2023-05-19T21:55:49","guid":{"rendered":"https:\/\/l21.mx\/?p=56443"},"modified":"2023-05-19T16:55:49","modified_gmt":"2023-05-19T21:55:49","slug":"fomenta-gobierno-de-solidaridad-la-inclusion-laboral","status":"publish","type":"post","link":"https:\/\/l21.mx\/?p=56443","title":{"rendered":"Fomenta gobierno de Solidaridad la inclusi\u00f3n laboral"},"content":{"rendered":"<p>&nbsp;<\/p>\n<p>\u2022 Lili Campos abre m\u00e1s oportunidades para que personas con discapacidad y adultos mayores tengan ingresos con un empleo bien pagado<\/p>\n<p><a href=\"https:\/\/l21.mx\/wp-content\/uploads\/2023\/05\/WhatsApp-Image-2023-05-19-at-15.44.08.jpeg\" data-rel=\"penci-gallery-image-content\" ><img fetchpriority=\"high\" decoding=\"async\" class=\"alignnone size-medium wp-image-56445\" src=\"https:\/\/l21.mx\/wp-content\/uploads\/2023\/05\/WhatsApp-Image-2023-05-19-at-15.44.08-300x224.jpeg\" alt=\"\" width=\"300\" height=\"224\" srcset=\"https:\/\/l21.mx\/wp-content\/uploads\/2023\/05\/WhatsApp-Image-2023-05-19-at-15.44.08-300x224.jpeg 300w, https:\/\/l21.mx\/wp-content\/uploads\/2023\/05\/WhatsApp-Image-2023-05-19-at-15.44.08-1024x766.jpeg 1024w, https:\/\/l21.mx\/wp-content\/uploads\/2023\/05\/WhatsApp-Image-2023-05-19-at-15.44.08-768x574.jpeg 768w, https:\/\/l21.mx\/wp-content\/uploads\/2023\/05\/WhatsApp-Image-2023-05-19-at-15.44.08-1200x897.jpeg 1200w, https:\/\/l21.mx\/wp-content\/uploads\/2023\/05\/WhatsApp-Image-2023-05-19-at-15.44.08-1170x875.jpeg 1170w, https:\/\/l21.mx\/wp-content\/uploads\/2023\/05\/WhatsApp-Image-2023-05-19-at-15.44.08-585x437.jpeg 585w, https:\/\/l21.mx\/wp-content\/uploads\/2023\/05\/WhatsApp-Image-2023-05-19-at-15.44.08.jpeg 1280w\" sizes=\"(max-width: 300px) 100vw, 300px\" \/><\/a><\/p>\n<p>Playa del Carmen, Solidaridad, 19 de mayo del 2023.- Esta administraci\u00f3n municipal que encabeza la presidenta Lili Campos se destaca por fomentar la inclusi\u00f3n de las personas con discapacidad y de la tercera en la vida laboral, por lo que con m\u00e1s de 60 vacantes se realiz\u00f3 la 6\u00aa Feria Inclusiva del Empleo.<\/p>\n<p>Dagoberto Olgu\u00edn, titular de la Unidad de Atenci\u00f3n a Personas con Discapacidad y la Tercera Edad, declar\u00f3 que el objetivo de esta 6\u00aa Feria Inclusiva es seguir abriendo espacios laborales para ellos, ya que de acuerdo a datos del INEGI del 2020, en Solidaridad hay un aproximado de 32 mil 044 personas con discapacidad; sin embargo, se cree que ya hay cerca de 42 mil.<\/p>\n<p>\u201cEste tipo de acciones promovidas por la presidenta Lili Campos son importantes pues ayudan a crecer como un municipio m\u00e1s inclusivo, con oportunidades tanto para las personas con discapacidad, as\u00ed como para los adultos mayores\u201d, recalc\u00f3 Olgu\u00edn.<\/p>\n<p>Por su parte, Leslie Mayorga, directora de Trabajo y Promoci\u00f3n del Empleo, recalc\u00f3 que en esta ocasi\u00f3n fueron ocho empresas y 64 vacantes disponibles. \u201cAgradezco a las empresas por sumarse a esta iniciativa y ser un apoyo m\u00e1s a la conciencia de que para todos hay oportunidades\u201d.<\/p>\n","protected":false},"excerpt":{"rendered":"<p>&nbsp; \u2022 Lili Campos abre m\u00e1s oportunidades para que personas con discapacidad y adultos mayores tengan&hellip;<\/p>\n","protected":false},"author":100,"featured_media":56444,"comment_status":"closed","ping_status":"closed","sticky":false,"template":"","format":"standard","meta":{"_acf_changed":false,"_lmt_disableupdate":"","_lmt_disable":"","_mbp_gutenberg_autopost":false,"footnotes":""},"categories":[1654],"tags":[],"class_list":["post-56443","post","type-post","status-publish","format-standard","has-post-thumbnail","hentry","category-solidaridad"],"acf":[],"_links":{"self":[{"href":"https:\/\/l21.mx\/index.php?rest_route=\/wp\/v2\/posts\/56443","targetHints":{"allow":["GET"]}}],"collection":[{"href":"https:\/\/l21.mx\/index.php?rest_route=\/wp\/v2\/posts"}],"about":[{"href":"https:\/\/l21.mx\/index.php?rest_route=\/wp\/v2\/types\/post"}],"author":[{"embeddable":true,"href":"https:\/\/l21.mx\/index.php?rest_route=\/wp\/v2\/users\/100"}],"replies":[{"embeddable":true,"href":"https:\/\/l21.mx\/index.php?rest_route=%2Fwp%2Fv2%2Fcomments&post=56443"}],"version-history":[{"count":0,"href":"https:\/\/l21.mx\/index.php?rest_route=\/wp\/v2\/posts\/56443\/revisions"}],"wp:featuredmedia":[{"embeddable":true,"href":"https:\/\/l21.mx\/index.php?rest_route=\/wp\/v2\/media\/56444"}],"wp:attachment":[{"href":"https:\/\/l21.mx\/index.php?rest_route=%2Fwp%2Fv2%2Fmedia&parent=56443"}],"wp:term":[{"taxonomy":"category","embeddable":true,"href":"https:\/\/l21.mx\/index.php?rest_route=%2Fwp%2Fv2%2Fcategories&post=56443"},{"taxonomy":"post_tag","embeddable":true,"href":"https:\/\/l21.mx\/index.php?rest_route=%2Fwp%2Fv2%2Ftags&post=56443"}],"curies":[{"name":"wp","href":"https:\/\/api.w.org\/{rel}","templated":true}]}}