{"id":56518,"date":"2023-05-22T17:31:34","date_gmt":"2023-05-22T22:31:34","guid":{"rendered":"https:\/\/l21.mx\/?p=56518"},"modified":"2023-05-22T17:31:34","modified_gmt":"2023-05-22T22:31:34","slug":"mas-comunidades-seran-beneficiadas-con-piso-firme-y-techo-seguro-este-2023","status":"publish","type":"post","link":"https:\/\/l21.mx\/?p=56518","title":{"rendered":"M\u00e1s comunidades ser\u00e1n beneficiadas con \u201cpiso firme y techo seguro\u201d este 2023"},"content":{"rendered":"<p>&nbsp;<\/p>\n<p>&#8211; Este a\u00f1o ser\u00e1n 8 millones de pesos, destinados a estos programas que benefician directamente a los sectores m\u00e1s vulnerables<\/p>\n<p><a href=\"https:\/\/l21.mx\/wp-content\/uploads\/2023\/05\/WhatsApp-Image-2023-05-22-at-14.27.24.jpeg\" data-rel=\"penci-gallery-image-content\" ><img fetchpriority=\"high\" decoding=\"async\" class=\"alignnone size-medium wp-image-56520\" src=\"https:\/\/l21.mx\/wp-content\/uploads\/2023\/05\/WhatsApp-Image-2023-05-22-at-14.27.24-300x227.jpeg\" alt=\"\" width=\"300\" height=\"227\" srcset=\"https:\/\/l21.mx\/wp-content\/uploads\/2023\/05\/WhatsApp-Image-2023-05-22-at-14.27.24-300x227.jpeg 300w, https:\/\/l21.mx\/wp-content\/uploads\/2023\/05\/WhatsApp-Image-2023-05-22-at-14.27.24-1024x776.jpeg 1024w, https:\/\/l21.mx\/wp-content\/uploads\/2023\/05\/WhatsApp-Image-2023-05-22-at-14.27.24-768x582.jpeg 768w, https:\/\/l21.mx\/wp-content\/uploads\/2023\/05\/WhatsApp-Image-2023-05-22-at-14.27.24-1188x900.jpeg 1188w, https:\/\/l21.mx\/wp-content\/uploads\/2023\/05\/WhatsApp-Image-2023-05-22-at-14.27.24-1170x887.jpeg 1170w, https:\/\/l21.mx\/wp-content\/uploads\/2023\/05\/WhatsApp-Image-2023-05-22-at-14.27.24-585x443.jpeg 585w, https:\/\/l21.mx\/wp-content\/uploads\/2023\/05\/WhatsApp-Image-2023-05-22-at-14.27.24.jpeg 1280w\" sizes=\"(max-width: 300px) 100vw, 300px\" \/><\/a><\/p>\n<p>Playa del Carmen, Solidaridad a 22 de mayo del 2023.- Para dignificar los hogares de las familias solidarenses, la presidenta Lili Campos anunci\u00f3 que, con una inversi\u00f3n de m\u00e1s de 8 millones de pesos, este a\u00f1o 2023 se continuar\u00e1 con el programa de mejoramiento a la vivienda de piso y techo firme.<br \/>\n\u201cQuiero darles la noticia de que continuaremos con este programa para este 2023, para que sigan benefici\u00e1ndose a m\u00e1s familias de esta misma zona, porque tenemos que seguir trabajando en esta calidad de vida, para ello necesitamos ir cerrando las brechas de desigualdad, queremos que todas y todos est\u00e9n bien, porque se lo merecen\u201d, recalc\u00f3 la edil solidarense.<br \/>\nPor su parte Juan Novelo Zapata, secretario de Justicia Social y Participaci\u00f3n Ciudadana, mencion\u00f3 que este 2022 se beneficiaron aproximadamente a 555 habitantes de Nuevo Noc Beh, Faisanes, Jacinto Canek, Cristo Rey, Valle de la Primavera, Ek Balam, Tres Hermanos, Brisa del Campo, la Enramada, Los P\u00e1jaros, Girasoles, El Bosque.<br \/>\nDetall\u00f3 que se trabajaron en 112 acciones, de las cuales eran 16 de piso y 96 de techo; sin embargo, se pudo ampliar a cuatro acciones m\u00e1s de lo proyectado y eso habla de la buena administraci\u00f3n que lleva la administraci\u00f3n de la presidenta Lili Campos, en donde cada peso que hay para invertir se est\u00e1 aprovechando al m\u00e1ximo.<\/p>\n","protected":false},"excerpt":{"rendered":"<p>&nbsp; &#8211; Este a\u00f1o ser\u00e1n 8 millones de pesos, destinados a estos programas que benefician directamente&hellip;<\/p>\n","protected":false},"author":100,"featured_media":56519,"comment_status":"closed","ping_status":"closed","sticky":false,"template":"","format":"standard","meta":{"_acf_changed":false,"_lmt_disableupdate":"","_lmt_disable":"","_mbp_gutenberg_autopost":false,"footnotes":""},"categories":[1654],"tags":[],"class_list":["post-56518","post","type-post","status-publish","format-standard","has-post-thumbnail","hentry","category-solidaridad"],"acf":[],"_links":{"self":[{"href":"https:\/\/l21.mx\/index.php?rest_route=\/wp\/v2\/posts\/56518","targetHints":{"allow":["GET"]}}],"collection":[{"href":"https:\/\/l21.mx\/index.php?rest_route=\/wp\/v2\/posts"}],"about":[{"href":"https:\/\/l21.mx\/index.php?rest_route=\/wp\/v2\/types\/post"}],"author":[{"embeddable":true,"href":"https:\/\/l21.mx\/index.php?rest_route=\/wp\/v2\/users\/100"}],"replies":[{"embeddable":true,"href":"https:\/\/l21.mx\/index.php?rest_route=%2Fwp%2Fv2%2Fcomments&post=56518"}],"version-history":[{"count":0,"href":"https:\/\/l21.mx\/index.php?rest_route=\/wp\/v2\/posts\/56518\/revisions"}],"wp:featuredmedia":[{"embeddable":true,"href":"https:\/\/l21.mx\/index.php?rest_route=\/wp\/v2\/media\/56519"}],"wp:attachment":[{"href":"https:\/\/l21.mx\/index.php?rest_route=%2Fwp%2Fv2%2Fmedia&parent=56518"}],"wp:term":[{"taxonomy":"category","embeddable":true,"href":"https:\/\/l21.mx\/index.php?rest_route=%2Fwp%2Fv2%2Fcategories&post=56518"},{"taxonomy":"post_tag","embeddable":true,"href":"https:\/\/l21.mx\/index.php?rest_route=%2Fwp%2Fv2%2Ftags&post=56518"}],"curies":[{"name":"wp","href":"https:\/\/api.w.org\/{rel}","templated":true}]}}