{"id":56540,"date":"2023-05-23T14:54:42","date_gmt":"2023-05-23T19:54:42","guid":{"rendered":"https:\/\/l21.mx\/?p=56540"},"modified":"2023-05-23T14:54:42","modified_gmt":"2023-05-23T19:54:42","slug":"ampliacion-de-libramiento-180-d-hara-mas-agil-y-segura-la-movilidad-en-cancun","status":"publish","type":"post","link":"https:\/\/l21.mx\/?p=56540","title":{"rendered":"Ampliaci\u00f3n de libramiento 180-D har\u00e1 m\u00e1s \u00e1gil y segura la movilidad en Canc\u00fan"},"content":{"rendered":"<p>&nbsp;<\/p>\n<p>-La gobernadora de Quintana Roo estuvo en el sitio de la nueva infraestructura carretera autorizada por el presidente Andr\u00e9s Manuel L\u00f3pez Obrador<\/p>\n<p><a href=\"https:\/\/l21.mx\/wp-content\/uploads\/2023\/05\/WhatsApp-Image-2023-05-23-at-14.42.49.jpeg\" data-rel=\"penci-gallery-image-content\" ><img fetchpriority=\"high\" decoding=\"async\" class=\"alignnone size-medium wp-image-56543\" src=\"https:\/\/l21.mx\/wp-content\/uploads\/2023\/05\/WhatsApp-Image-2023-05-23-at-14.42.49-300x200.jpeg\" alt=\"\" width=\"300\" height=\"200\" srcset=\"https:\/\/l21.mx\/wp-content\/uploads\/2023\/05\/WhatsApp-Image-2023-05-23-at-14.42.49-300x200.jpeg 300w, https:\/\/l21.mx\/wp-content\/uploads\/2023\/05\/WhatsApp-Image-2023-05-23-at-14.42.49-1024x682.jpeg 1024w, https:\/\/l21.mx\/wp-content\/uploads\/2023\/05\/WhatsApp-Image-2023-05-23-at-14.42.49-768x512.jpeg 768w, https:\/\/l21.mx\/wp-content\/uploads\/2023\/05\/WhatsApp-Image-2023-05-23-at-14.42.49-1536x1023.jpeg 1536w, https:\/\/l21.mx\/wp-content\/uploads\/2023\/05\/WhatsApp-Image-2023-05-23-at-14.42.49-1200x800.jpeg 1200w, https:\/\/l21.mx\/wp-content\/uploads\/2023\/05\/WhatsApp-Image-2023-05-23-at-14.42.49-1170x780.jpeg 1170w, https:\/\/l21.mx\/wp-content\/uploads\/2023\/05\/WhatsApp-Image-2023-05-23-at-14.42.49-585x390.jpeg 585w, https:\/\/l21.mx\/wp-content\/uploads\/2023\/05\/WhatsApp-Image-2023-05-23-at-14.42.49-263x175.jpeg 263w, https:\/\/l21.mx\/wp-content\/uploads\/2023\/05\/WhatsApp-Image-2023-05-23-at-14.42.49.jpeg 1600w\" sizes=\"(max-width: 300px) 100vw, 300px\" \/><\/a><\/p>\n<p>Canc\u00fan.- La ampliaci\u00f3n del libramiento 180-D, que une a las carreteras Canc\u00fan-M\u00e9rida con la Canc\u00fan-Tulum, se suma a las obras hist\u00f3ricas gestionadas por la gobernadora, Mara Lezama Espinosa, para agilizar la vialidad y mejorar la calidad de vida de las y los ciudadanos.<\/p>\n<p>Mara Lezama recorri\u00f3 este espacio y confirm\u00f3 que el presidente Andr\u00e9s Manuel L\u00f3pez Obrador autoriz\u00f3 la obra que ser\u00e1 de cuatro carriles, dos distribuidores viales, camell\u00f3n central, iluminaci\u00f3n, acotamientos y carpeta asf\u00e1ltica.<\/p>\n<p>\u201cEsta obra se suma al conjunto de obras hist\u00f3ricas que llevamos a cabo como parte del Nuevo Acuerdo por el Bienestar y Desarrollo de Quintana Roo con el que generamos prosperidad compartida para todos y todas las quintanarroenses\u201d expres\u00f3.<\/p>\n<p><a href=\"https:\/\/l21.mx\/wp-content\/uploads\/2023\/05\/WhatsApp-Image-2023-05-23-at-14.42.48.jpeg\" data-rel=\"penci-gallery-image-content\" ><img decoding=\"async\" class=\"alignnone size-medium wp-image-56541\" src=\"https:\/\/l21.mx\/wp-content\/uploads\/2023\/05\/WhatsApp-Image-2023-05-23-at-14.42.48-300x200.jpeg\" alt=\"\" width=\"300\" height=\"200\" srcset=\"https:\/\/l21.mx\/wp-content\/uploads\/2023\/05\/WhatsApp-Image-2023-05-23-at-14.42.48-300x200.jpeg 300w, https:\/\/l21.mx\/wp-content\/uploads\/2023\/05\/WhatsApp-Image-2023-05-23-at-14.42.48-1024x682.jpeg 1024w, https:\/\/l21.mx\/wp-content\/uploads\/2023\/05\/WhatsApp-Image-2023-05-23-at-14.42.48-768x512.jpeg 768w, https:\/\/l21.mx\/wp-content\/uploads\/2023\/05\/WhatsApp-Image-2023-05-23-at-14.42.48-1536x1023.jpeg 1536w, https:\/\/l21.mx\/wp-content\/uploads\/2023\/05\/WhatsApp-Image-2023-05-23-at-14.42.48-1200x800.jpeg 1200w, https:\/\/l21.mx\/wp-content\/uploads\/2023\/05\/WhatsApp-Image-2023-05-23-at-14.42.48-1170x780.jpeg 1170w, https:\/\/l21.mx\/wp-content\/uploads\/2023\/05\/WhatsApp-Image-2023-05-23-at-14.42.48-585x390.jpeg 585w, https:\/\/l21.mx\/wp-content\/uploads\/2023\/05\/WhatsApp-Image-2023-05-23-at-14.42.48-263x175.jpeg 263w, https:\/\/l21.mx\/wp-content\/uploads\/2023\/05\/WhatsApp-Image-2023-05-23-at-14.42.48.jpeg 1600w\" sizes=\"(max-width: 300px) 100vw, 300px\" \/><\/a><\/p>\n<p>Esta vialidad est\u00e1 ubicada detr\u00e1s del Aeropuerto Internacional de Canc\u00fan y a un costado de la nueva estaci\u00f3n del Tren Maya y con esta nueva inversi\u00f3n en infraestructura carretera se atiende el incremento del tr\u00e1nsito de la avenida Huayac\u00e1n, la saturaci\u00f3n del libramiento Aeropuerto y el r\u00e1pido acceso hacia la carretera 307, haciendo m\u00e1s \u00e1giles, seguros y r\u00e1pidos los traslados de ciudadanos y turistas.<\/p>\n<p>Mara Lezama destac\u00f3 que buena disposici\u00f3n del Gobierno de M\u00e9xico que contribuye con inversiones hist\u00f3ricas a la transformaci\u00f3n profunda de Quintana Roo, as\u00ed como con respuestas inmediatas a las necesidades de esta parte del pa\u00eds.<\/p>\n","protected":false},"excerpt":{"rendered":"<p>&nbsp; -La gobernadora de Quintana Roo estuvo en el sitio de la nueva infraestructura carretera autorizada&hellip;<\/p>\n","protected":false},"author":100,"featured_media":56542,"comment_status":"closed","ping_status":"closed","sticky":false,"template":"","format":"standard","meta":{"_acf_changed":false,"_lmt_disableupdate":"","_lmt_disable":"","_mbp_gutenberg_autopost":false,"footnotes":""},"categories":[23,1656],"tags":[],"class_list":["post-56540","post","type-post","status-publish","format-standard","has-post-thumbnail","hentry","category-noticias","category-quintana-roo"],"acf":[],"_links":{"self":[{"href":"https:\/\/l21.mx\/index.php?rest_route=\/wp\/v2\/posts\/56540","targetHints":{"allow":["GET"]}}],"collection":[{"href":"https:\/\/l21.mx\/index.php?rest_route=\/wp\/v2\/posts"}],"about":[{"href":"https:\/\/l21.mx\/index.php?rest_route=\/wp\/v2\/types\/post"}],"author":[{"embeddable":true,"href":"https:\/\/l21.mx\/index.php?rest_route=\/wp\/v2\/users\/100"}],"replies":[{"embeddable":true,"href":"https:\/\/l21.mx\/index.php?rest_route=%2Fwp%2Fv2%2Fcomments&post=56540"}],"version-history":[{"count":0,"href":"https:\/\/l21.mx\/index.php?rest_route=\/wp\/v2\/posts\/56540\/revisions"}],"wp:featuredmedia":[{"embeddable":true,"href":"https:\/\/l21.mx\/index.php?rest_route=\/wp\/v2\/media\/56542"}],"wp:attachment":[{"href":"https:\/\/l21.mx\/index.php?rest_route=%2Fwp%2Fv2%2Fmedia&parent=56540"}],"wp:term":[{"taxonomy":"category","embeddable":true,"href":"https:\/\/l21.mx\/index.php?rest_route=%2Fwp%2Fv2%2Fcategories&post=56540"},{"taxonomy":"post_tag","embeddable":true,"href":"https:\/\/l21.mx\/index.php?rest_route=%2Fwp%2Fv2%2Ftags&post=56540"}],"curies":[{"name":"wp","href":"https:\/\/api.w.org\/{rel}","templated":true}]}}