{"id":56567,"date":"2023-05-24T11:54:17","date_gmt":"2023-05-24T16:54:17","guid":{"rendered":"https:\/\/l21.mx\/?p=56567"},"modified":"2023-05-24T11:54:17","modified_gmt":"2023-05-24T16:54:17","slug":"inicio-la-7a-vuelta-ciclista-quintana-roo-2023","status":"publish","type":"post","link":"https:\/\/l21.mx\/?p=56567","title":{"rendered":"Inici\u00f3 la 7\u00aa Vuelta Ciclista Quintana Roo 2023"},"content":{"rendered":"<p>&nbsp;<\/p>\n<p>*Con el respaldo de la presidenta Lili Campos, m\u00e1s de un centenar de ciclistas iniciaron la traves\u00eda por los municipios del estado, saliendo de Playa del Carmen en primera etapa<\/p>\n<p><a href=\"https:\/\/l21.mx\/wp-content\/uploads\/2023\/05\/WhatsApp-Image-2023-05-24-at-11.52.39-1.jpeg\" data-rel=\"penci-gallery-image-content\" ><img fetchpriority=\"high\" decoding=\"async\" class=\"alignnone size-medium wp-image-56569\" src=\"https:\/\/l21.mx\/wp-content\/uploads\/2023\/05\/WhatsApp-Image-2023-05-24-at-11.52.39-1-300x243.jpeg\" alt=\"\" width=\"300\" height=\"243\" srcset=\"https:\/\/l21.mx\/wp-content\/uploads\/2023\/05\/WhatsApp-Image-2023-05-24-at-11.52.39-1-300x243.jpeg 300w, https:\/\/l21.mx\/wp-content\/uploads\/2023\/05\/WhatsApp-Image-2023-05-24-at-11.52.39-1-768x622.jpeg 768w, https:\/\/l21.mx\/wp-content\/uploads\/2023\/05\/WhatsApp-Image-2023-05-24-at-11.52.39-1-585x474.jpeg 585w, https:\/\/l21.mx\/wp-content\/uploads\/2023\/05\/WhatsApp-Image-2023-05-24-at-11.52.39-1.jpeg 1024w\" sizes=\"(max-width: 300px) 100vw, 300px\" \/><\/a><\/p>\n<p>Playa del Carmen, Solidaridad, 23 de mayo de 2023.- Esta ma\u00f1ana inici\u00f3 la 7\u00aa Vuelta Ciclista Quintana Roo 2023, un evento de corte internacional y de promoci\u00f3n tur\u00edstica que impulsa la presidenta Lili Campos.<\/p>\n<p>Ciclistas de alto rendimiento en distintas categor\u00edas participan en diversos equipos de varios estados del pa\u00eds, as\u00ed como uno de los Estados Unidos y uno de Belice.<\/p>\n<p>El banderazo de salida fue a cargo de autoridades e invitados. En representaci\u00f3n de la presidenta Lili Campos, Amador Guti\u00e9rrez Guigui, director general del Instituto del Deporte Municipal, marc\u00f3 la salida.<\/p>\n<p>Los corredores tienen la protecci\u00f3n de la Secretar\u00eda de Seguridad P\u00fablica y Tr\u00e1nsito, Protecci\u00f3n Civil, ambulancias, carros insignias y mec\u00e1nicos.<\/p>\n<p>La primera etapa ser\u00e1 un recorrido de 100 kil\u00f3metros, saliendo de Playa del Carmen hacia Tulum y retornando para cruzar la meta en el Arco Vial frente a la plaza Centro Maya, en la que ser\u00e1n premiados los ganadores de la etapa.<\/p>\n","protected":false},"excerpt":{"rendered":"<p>&nbsp; *Con el respaldo de la presidenta Lili Campos, m\u00e1s de un centenar de ciclistas iniciaron&hellip;<\/p>\n","protected":false},"author":100,"featured_media":56568,"comment_status":"closed","ping_status":"closed","sticky":false,"template":"","format":"standard","meta":{"_acf_changed":false,"_lmt_disableupdate":"","_lmt_disable":"","_mbp_gutenberg_autopost":false,"footnotes":""},"categories":[23,1654],"tags":[],"class_list":["post-56567","post","type-post","status-publish","format-standard","has-post-thumbnail","hentry","category-noticias","category-solidaridad"],"acf":[],"_links":{"self":[{"href":"https:\/\/l21.mx\/index.php?rest_route=\/wp\/v2\/posts\/56567","targetHints":{"allow":["GET"]}}],"collection":[{"href":"https:\/\/l21.mx\/index.php?rest_route=\/wp\/v2\/posts"}],"about":[{"href":"https:\/\/l21.mx\/index.php?rest_route=\/wp\/v2\/types\/post"}],"author":[{"embeddable":true,"href":"https:\/\/l21.mx\/index.php?rest_route=\/wp\/v2\/users\/100"}],"replies":[{"embeddable":true,"href":"https:\/\/l21.mx\/index.php?rest_route=%2Fwp%2Fv2%2Fcomments&post=56567"}],"version-history":[{"count":0,"href":"https:\/\/l21.mx\/index.php?rest_route=\/wp\/v2\/posts\/56567\/revisions"}],"wp:featuredmedia":[{"embeddable":true,"href":"https:\/\/l21.mx\/index.php?rest_route=\/wp\/v2\/media\/56568"}],"wp:attachment":[{"href":"https:\/\/l21.mx\/index.php?rest_route=%2Fwp%2Fv2%2Fmedia&parent=56567"}],"wp:term":[{"taxonomy":"category","embeddable":true,"href":"https:\/\/l21.mx\/index.php?rest_route=%2Fwp%2Fv2%2Fcategories&post=56567"},{"taxonomy":"post_tag","embeddable":true,"href":"https:\/\/l21.mx\/index.php?rest_route=%2Fwp%2Fv2%2Ftags&post=56567"}],"curies":[{"name":"wp","href":"https:\/\/api.w.org\/{rel}","templated":true}]}}