{"id":56573,"date":"2023-05-24T16:13:17","date_gmt":"2023-05-24T21:13:17","guid":{"rendered":"https:\/\/l21.mx\/?p=56573"},"modified":"2023-05-24T16:13:17","modified_gmt":"2023-05-24T21:13:17","slug":"mantienen-limpias-las-playas-en-solidaridad","status":"publish","type":"post","link":"https:\/\/l21.mx\/?p=56573","title":{"rendered":"Mantienen limpias las playas en Solidaridad"},"content":{"rendered":"<p>&nbsp;<\/p>\n<p>\u2022 La presidenta Lili Campos tiene como prioridad que estos espacios est\u00e9n en buenas condiciones, como lo requiere un destino tur\u00edstico de calidad internacional<\/p>\n<p><a href=\"https:\/\/l21.mx\/wp-content\/uploads\/2023\/05\/playas-playa-del-carmen-3.jpeg\" data-rel=\"penci-gallery-image-content\" ><img fetchpriority=\"high\" decoding=\"async\" class=\"alignnone size-medium wp-image-56577\" src=\"https:\/\/l21.mx\/wp-content\/uploads\/2023\/05\/playas-playa-del-carmen-3-300x201.jpeg\" alt=\"\" width=\"300\" height=\"201\" srcset=\"https:\/\/l21.mx\/wp-content\/uploads\/2023\/05\/playas-playa-del-carmen-3-300x201.jpeg 300w, https:\/\/l21.mx\/wp-content\/uploads\/2023\/05\/playas-playa-del-carmen-3-1024x685.jpeg 1024w, https:\/\/l21.mx\/wp-content\/uploads\/2023\/05\/playas-playa-del-carmen-3-768x514.jpeg 768w, https:\/\/l21.mx\/wp-content\/uploads\/2023\/05\/playas-playa-del-carmen-3-1200x803.jpeg 1200w, https:\/\/l21.mx\/wp-content\/uploads\/2023\/05\/playas-playa-del-carmen-3-1170x782.jpeg 1170w, https:\/\/l21.mx\/wp-content\/uploads\/2023\/05\/playas-playa-del-carmen-3-585x391.jpeg 585w, https:\/\/l21.mx\/wp-content\/uploads\/2023\/05\/playas-playa-del-carmen-3-263x175.jpeg 263w, https:\/\/l21.mx\/wp-content\/uploads\/2023\/05\/playas-playa-del-carmen-3.jpeg 1280w\" sizes=\"(max-width: 300px) 100vw, 300px\" \/><\/a><\/p>\n<p>Playa del Carmen, Solidaridad, 24 de mayo del 2023.- El equipo de la Zona Federal Mar\u00edtimo Terrestre (Zofemat) contin\u00faa con acciones de limpieza de playas, a fin de mantenerlas en buenas condiciones el mayor tiempo posible, como lo ha solicitado la presidenta Lili Campos, para disfrute de solidarenses, turistas nacionales y extranjeros.<\/p>\n<p>Mar\u00eda de Lourdes V\u00e1rguez Ocampo, secretaria de Medio Ambiente Sustentable y Cambio Clim\u00e1tico, a la que pertenece la Zofemat, manifest\u00f3 que todos los d\u00edas se limpian las playas de este destino tur\u00edstico. \u201cEs importante mencionar que no todos los d\u00edas tenemos el recale de sargazo y hoy las playas lucen incre\u00edbles\u201d expres\u00f3.<\/p>\n<p><a href=\"https:\/\/l21.mx\/wp-content\/uploads\/2023\/05\/playas-playa-del-carmen-4.jpeg\" data-rel=\"penci-gallery-image-content\" ><img decoding=\"async\" class=\"alignnone size-medium wp-image-56574\" src=\"https:\/\/l21.mx\/wp-content\/uploads\/2023\/05\/playas-playa-del-carmen-4-300x180.jpeg\" alt=\"\" width=\"300\" height=\"180\" srcset=\"https:\/\/l21.mx\/wp-content\/uploads\/2023\/05\/playas-playa-del-carmen-4-300x180.jpeg 300w, https:\/\/l21.mx\/wp-content\/uploads\/2023\/05\/playas-playa-del-carmen-4-1024x614.jpeg 1024w, https:\/\/l21.mx\/wp-content\/uploads\/2023\/05\/playas-playa-del-carmen-4-768x461.jpeg 768w, https:\/\/l21.mx\/wp-content\/uploads\/2023\/05\/playas-playa-del-carmen-4-1200x720.jpeg 1200w, https:\/\/l21.mx\/wp-content\/uploads\/2023\/05\/playas-playa-del-carmen-4-1170x702.jpeg 1170w, https:\/\/l21.mx\/wp-content\/uploads\/2023\/05\/playas-playa-del-carmen-4-585x351.jpeg 585w, https:\/\/l21.mx\/wp-content\/uploads\/2023\/05\/playas-playa-del-carmen-4.jpeg 1280w\" sizes=\"(max-width: 300px) 100vw, 300px\" \/><\/a><\/p>\n<p>La funcionaria inform\u00f3 que pr\u00f3ximamente se inaugurar\u00e1 Playa Pel\u00edcanos, segunda playa inclusiva con instalaciones de primera. \u201cLo principal es que ser\u00e1 un \u00e1rea inclusiva y tendr\u00e1 servicios de calidad a nivel internacional, ya que la primera est\u00e1 en Punta Esmeralda\u201d dijo.<\/p>\n","protected":false},"excerpt":{"rendered":"<p>&nbsp; \u2022 La presidenta Lili Campos tiene como prioridad que estos espacios est\u00e9n en buenas condiciones,&hellip;<\/p>\n","protected":false},"author":100,"featured_media":56575,"comment_status":"closed","ping_status":"closed","sticky":false,"template":"","format":"standard","meta":{"_acf_changed":false,"_lmt_disableupdate":"","_lmt_disable":"","_mbp_gutenberg_autopost":false,"footnotes":""},"categories":[23,1654],"tags":[],"class_list":["post-56573","post","type-post","status-publish","format-standard","has-post-thumbnail","hentry","category-noticias","category-solidaridad"],"acf":[],"_links":{"self":[{"href":"https:\/\/l21.mx\/index.php?rest_route=\/wp\/v2\/posts\/56573","targetHints":{"allow":["GET"]}}],"collection":[{"href":"https:\/\/l21.mx\/index.php?rest_route=\/wp\/v2\/posts"}],"about":[{"href":"https:\/\/l21.mx\/index.php?rest_route=\/wp\/v2\/types\/post"}],"author":[{"embeddable":true,"href":"https:\/\/l21.mx\/index.php?rest_route=\/wp\/v2\/users\/100"}],"replies":[{"embeddable":true,"href":"https:\/\/l21.mx\/index.php?rest_route=%2Fwp%2Fv2%2Fcomments&post=56573"}],"version-history":[{"count":0,"href":"https:\/\/l21.mx\/index.php?rest_route=\/wp\/v2\/posts\/56573\/revisions"}],"wp:featuredmedia":[{"embeddable":true,"href":"https:\/\/l21.mx\/index.php?rest_route=\/wp\/v2\/media\/56575"}],"wp:attachment":[{"href":"https:\/\/l21.mx\/index.php?rest_route=%2Fwp%2Fv2%2Fmedia&parent=56573"}],"wp:term":[{"taxonomy":"category","embeddable":true,"href":"https:\/\/l21.mx\/index.php?rest_route=%2Fwp%2Fv2%2Fcategories&post=56573"},{"taxonomy":"post_tag","embeddable":true,"href":"https:\/\/l21.mx\/index.php?rest_route=%2Fwp%2Fv2%2Ftags&post=56573"}],"curies":[{"name":"wp","href":"https:\/\/api.w.org\/{rel}","templated":true}]}}