{"id":56581,"date":"2023-05-25T09:55:27","date_gmt":"2023-05-25T14:55:27","guid":{"rendered":"https:\/\/l21.mx\/?p=56581"},"modified":"2023-05-25T09:55:27","modified_gmt":"2023-05-25T14:55:27","slug":"impulsa-la-amatur-turismo-de-colombia-en-mexico","status":"publish","type":"post","link":"https:\/\/l21.mx\/?p=56581","title":{"rendered":"Impulsa la Amatur turismo de Colombia en M\u00e9xico"},"content":{"rendered":"<p><strong>La Asociaci\u00f3n Mexicana de Agencias de Turismo Receptivo promueve mejores experiencias para los ciudadanos de Colombia que visitan M\u00e9xico<\/strong><\/p>\n<p><strong>Canc\u00fan, Quintana Roo, a 23 de mayo de 2023.<\/strong>&#8211; El <strong>Embajador de Colombia en M\u00e9xico<\/strong>, <strong>\u00c1lvaro Mois\u00e9s Ninco Daza<\/strong>, visit\u00f3 la sede de la <strong>Asociaci\u00f3n Mexicana de Agencias de Turismo Receptivo, <\/strong>en Canc\u00fan, en donde fue recibido por <strong>Sergio Gonz\u00e1lez Rubiera, presidente de AMATUR.<\/strong><\/p>\n<p><strong>\u00a0<\/strong>Durante la reuni\u00f3n, el Embajador expres\u00f3 el inter\u00e9s de Colombia por potenciar y estrechar los v\u00ednculos comerciales, en materia de turismo, con Canc\u00fan, Riviera Maya, Cozumel, Puerto Vallarta y los Cabos, destinos en los que <strong>AMATUR<\/strong> tiene presencia. Asegur\u00f3 que a los colombianos les agrada viajar a M\u00e9xico, ya que lo consideran un pa\u00eds muy interesante culturalmente y se sienten identificados con la forma de ser de los mexicanos. Sin embargo, se requiere del trabajo conjunto de las agencias y de los operadores tur\u00edsticos, con el objeto lograr que la experiencia de los visitantes sea la mejor, desde el momento de ingresar al pa\u00eds.<\/p>\n<p><a href=\"https:\/\/l21.mx\/wp-content\/uploads\/2023\/05\/WhatsApp-Image-2023-05-23-at-15.05.05.jpeg\" data-rel=\"penci-gallery-image-content\" ><img fetchpriority=\"high\" decoding=\"async\" class=\"alignnone size-medium wp-image-56582\" src=\"https:\/\/l21.mx\/wp-content\/uploads\/2023\/05\/WhatsApp-Image-2023-05-23-at-15.05.05-225x300.jpeg\" alt=\"\" width=\"225\" height=\"300\" srcset=\"https:\/\/l21.mx\/wp-content\/uploads\/2023\/05\/WhatsApp-Image-2023-05-23-at-15.05.05-225x300.jpeg 225w, https:\/\/l21.mx\/wp-content\/uploads\/2023\/05\/WhatsApp-Image-2023-05-23-at-15.05.05-768x1024.jpeg 768w, https:\/\/l21.mx\/wp-content\/uploads\/2023\/05\/WhatsApp-Image-2023-05-23-at-15.05.05-675x900.jpeg 675w, https:\/\/l21.mx\/wp-content\/uploads\/2023\/05\/WhatsApp-Image-2023-05-23-at-15.05.05-585x780.jpeg 585w, https:\/\/l21.mx\/wp-content\/uploads\/2023\/05\/WhatsApp-Image-2023-05-23-at-15.05.05.jpeg 960w\" sizes=\"(max-width: 225px) 100vw, 225px\" \/><\/a><\/p>\n<p>Particularmente, se destac\u00f3 el inter\u00e9s de contar con el apoyo de <strong>AMATUR<\/strong> para que, a trav\u00e9s de los canales emisivos de venta del mercado de Colombia, se promueva el brindar la informaci\u00f3n clara y concreta de los requisitos que los ciudadanos de este pa\u00eds requieren para ingresar a M\u00e9xico como turistas.<\/p>\n<p>&nbsp;<\/p>\n<p><strong>Sergio Gonz\u00e1lez Rubiera<\/strong>, mencion\u00f3: <em>\u201cComo <strong>AMATUR<\/strong> ser\u00e1 un gusto colaborar con el Embajador de Colombia, en relaci\u00f3n a esta puntual solicitud. Entre las sugerencias que haremos como asociaci\u00f3n est\u00e1n: llegar con pasaporte vigente y traer su reservaci\u00f3n de hotel y vuelo de regreso impresos, lo que facilitar\u00e1 su entrada a M\u00e9xico. Este acuerdo tiene el objetivo de reducir el n\u00famero de inadmitidos y mejorar el trato para los colombianos en los aeropuertos de M\u00e9xico<\/em>\u201d.<\/p>\n<p>&nbsp;<\/p>\n<p>En esta reuni\u00f3n tambi\u00e9n estuvo presente <strong>Mar\u00eda Fernanda Grueso, C\u00f3nsul de Colombia en Canc\u00fan.<\/strong><\/p>\n<p>&nbsp;<\/p>\n<p>Estas acciones resaltan la visibilidad e importancia que la <strong>AMATUR<\/strong> tiene en temas relevantes del sector, especialmente cuando se trata de un pa\u00eds tan relevante en la generaci\u00f3n de turistas.<\/p>\n","protected":false},"excerpt":{"rendered":"<p>La Asociaci\u00f3n Mexicana de Agencias de Turismo Receptivo promueve mejores experiencias para los ciudadanos de Colombia&hellip;<\/p>\n","protected":false},"author":100,"featured_media":56583,"comment_status":"closed","ping_status":"closed","sticky":false,"template":"","format":"standard","meta":{"_acf_changed":false,"_lmt_disableupdate":"","_lmt_disable":"","_mbp_gutenberg_autopost":false,"footnotes":""},"categories":[23,1656],"tags":[],"class_list":["post-56581","post","type-post","status-publish","format-standard","has-post-thumbnail","hentry","category-noticias","category-quintana-roo"],"acf":[],"yoast_head":"<!-- This site is optimized with the Yoast SEO plugin v27.3 - https:\/\/yoast.com\/product\/yoast-seo-wordpress\/ -->\n<title>Impulsa la Amatur turismo de Colombia en M\u00e9xico | Revista Latitud 21<\/title>\n<meta name=\"description\" content=\"L21, Emprendedores y Negocios en el Caribe Mexicano, es la revista l\u00edder entre el Sector Empresarial y Tur\u00edstico del Caribe Mexicano.\" \/>\n<meta name=\"robots\" content=\"index, follow, max-snippet:-1, max-image-preview:large, max-video-preview:-1\" \/>\n<link rel=\"canonical\" href=\"https:\/\/l21.mx\/?p=56581\" \/>\n<meta name=\"twitter:card\" content=\"summary_large_image\" \/>\n<meta name=\"twitter:title\" content=\"Impulsa la Amatur turismo de Colombia en M\u00e9xico | Revista Latitud 21\" \/>\n<meta name=\"twitter:description\" content=\"L21, Emprendedores y Negocios en el Caribe Mexicano, es la revista l\u00edder entre el Sector Empresarial y Tur\u00edstico del Caribe Mexicano.\" \/>\n<meta name=\"twitter:image\" content=\"https:\/\/l21.mx\/wp-content\/uploads\/2023\/05\/turismo-colombiano-scaled.jpg\" \/>\n<meta name=\"twitter:creator\" content=\"@Latitud21mx\" \/>\n<meta name=\"twitter:site\" content=\"@Latitud21mx\" \/>\n<meta name=\"twitter:label1\" content=\"Escrito por\" \/>\n\t<meta name=\"twitter:data1\" content=\"NellyG\" \/>\n\t<meta name=\"twitter:label2\" content=\"Tiempo de lectura\" \/>\n\t<meta name=\"twitter:data2\" content=\"2 minutos\" \/>\n<script type=\"application\/ld+json\" class=\"yoast-schema-graph\">{\"@context\":\"https:\\\/\\\/schema.org\",\"@graph\":[{\"@type\":\"Article\",\"@id\":\"https:\\\/\\\/l21.mx\\\/?p=56581#article\",\"isPartOf\":{\"@id\":\"https:\\\/\\\/l21.mx\\\/?p=56581\"},\"author\":{\"name\":\"NellyG\",\"@id\":\"https:\\\/\\\/l21.mx\\\/#\\\/schema\\\/person\\\/cca68595b80b2f6c4c55a8b254bfbb2a\"},\"headline\":\"Impulsa la Amatur turismo de Colombia en M\u00e9xico\",\"datePublished\":\"2023-05-25T14:55:27+00:00\",\"mainEntityOfPage\":{\"@id\":\"https:\\\/\\\/l21.mx\\\/?p=56581\"},\"wordCount\":383,\"publisher\":{\"@id\":\"https:\\\/\\\/l21.mx\\\/#organization\"},\"image\":{\"@id\":\"https:\\\/\\\/l21.mx\\\/?p=56581#primaryimage\"},\"thumbnailUrl\":\"https:\\\/\\\/l21.mx\\\/wp-content\\\/uploads\\\/2023\\\/05\\\/turismo-colombiano-scaled.jpg\",\"articleSection\":[\"Noticias\",\"Quintana Roo\"],\"inLanguage\":\"es\"},{\"@type\":\"WebPage\",\"@id\":\"https:\\\/\\\/l21.mx\\\/?p=56581\",\"url\":\"https:\\\/\\\/l21.mx\\\/?p=56581\",\"name\":\"Impulsa la Amatur turismo de Colombia en M\u00e9xico | Revista Latitud 21\",\"isPartOf\":{\"@id\":\"https:\\\/\\\/l21.mx\\\/#website\"},\"primaryImageOfPage\":{\"@id\":\"https:\\\/\\\/l21.mx\\\/?p=56581#primaryimage\"},\"image\":{\"@id\":\"https:\\\/\\\/l21.mx\\\/?p=56581#primaryimage\"},\"thumbnailUrl\":\"https:\\\/\\\/l21.mx\\\/wp-content\\\/uploads\\\/2023\\\/05\\\/turismo-colombiano-scaled.jpg\",\"datePublished\":\"2023-05-25T14:55:27+00:00\",\"description\":\"L21, Emprendedores y Negocios en el Caribe Mexicano, es la revista l\u00edder entre el Sector Empresarial y Tur\u00edstico del Caribe Mexicano.\",\"breadcrumb\":{\"@id\":\"https:\\\/\\\/l21.mx\\\/?p=56581#breadcrumb\"},\"inLanguage\":\"es\",\"potentialAction\":[{\"@type\":\"ReadAction\",\"target\":[\"https:\\\/\\\/l21.mx\\\/?p=56581\"]}]},{\"@type\":\"ImageObject\",\"inLanguage\":\"es\",\"@id\":\"https:\\\/\\\/l21.mx\\\/?p=56581#primaryimage\",\"url\":\"https:\\\/\\\/l21.mx\\\/wp-content\\\/uploads\\\/2023\\\/05\\\/turismo-colombiano-scaled.jpg\",\"contentUrl\":\"https:\\\/\\\/l21.mx\\\/wp-content\\\/uploads\\\/2023\\\/05\\\/turismo-colombiano-scaled.jpg\",\"width\":2560,\"height\":1656,\"caption\":\"Turistas acuden a las playas el 27 de marzo de 2021, en el balneario de Canc\u00fan, en el estado de Quintana Roo, (M\u00e9xico). EFE\\\/Alonso Cupul\"},{\"@type\":\"BreadcrumbList\",\"@id\":\"https:\\\/\\\/l21.mx\\\/?p=56581#breadcrumb\",\"itemListElement\":[{\"@type\":\"ListItem\",\"position\":1,\"name\":\"Portada\",\"item\":\"https:\\\/\\\/l21.mx\\\/\"},{\"@type\":\"ListItem\",\"position\":2,\"name\":\"Impulsa la Amatur turismo de Colombia en M\u00e9xico\"}]},{\"@type\":\"WebSite\",\"@id\":\"https:\\\/\\\/l21.mx\\\/#website\",\"url\":\"https:\\\/\\\/l21.mx\\\/\",\"name\":\"Revista Latitud 21\",\"description\":\"Emprendedores  y negocios en el Caribe Mexicano\",\"publisher\":{\"@id\":\"https:\\\/\\\/l21.mx\\\/#organization\"},\"potentialAction\":[{\"@type\":\"SearchAction\",\"target\":{\"@type\":\"EntryPoint\",\"urlTemplate\":\"https:\\\/\\\/l21.mx\\\/?s={search_term_string}\"},\"query-input\":{\"@type\":\"PropertyValueSpecification\",\"valueRequired\":true,\"valueName\":\"search_term_string\"}}],\"inLanguage\":\"es\"},{\"@type\":\"Organization\",\"@id\":\"https:\\\/\\\/l21.mx\\\/#organization\",\"name\":\"Grupo Editorial Latitud 21 SA de CV\",\"url\":\"https:\\\/\\\/l21.mx\\\/\",\"logo\":{\"@type\":\"ImageObject\",\"inLanguage\":\"es\",\"@id\":\"https:\\\/\\\/l21.mx\\\/#\\\/schema\\\/logo\\\/image\\\/\",\"url\":\"https:\\\/\\\/l21.mx\\\/wp-content\\\/uploads\\\/2020\\\/10\\\/logo-l21-baja.jpg\",\"contentUrl\":\"https:\\\/\\\/l21.mx\\\/wp-content\\\/uploads\\\/2020\\\/10\\\/logo-l21-baja.jpg\",\"width\":250,\"height\":250,\"caption\":\"Grupo Editorial Latitud 21 SA de CV\"},\"image\":{\"@id\":\"https:\\\/\\\/l21.mx\\\/#\\\/schema\\\/logo\\\/image\\\/\"},\"sameAs\":[\"https:\\\/\\\/www.facebook.com\\\/RevistaLatitud21\\\/\",\"https:\\\/\\\/x.com\\\/Latitud21mx\"]},{\"@type\":\"Person\",\"@id\":\"https:\\\/\\\/l21.mx\\\/#\\\/schema\\\/person\\\/cca68595b80b2f6c4c55a8b254bfbb2a\",\"name\":\"NellyG\",\"url\":\"https:\\\/\\\/l21.mx\\\/?author=100\"}]}<\/script>\n<!-- \/ Yoast SEO plugin. -->","yoast_head_json":{"title":"Impulsa la Amatur turismo de Colombia en M\u00e9xico | Revista Latitud 21","description":"L21, Emprendedores y Negocios en el Caribe Mexicano, es la revista l\u00edder entre el Sector Empresarial y Tur\u00edstico del Caribe Mexicano.","robots":{"index":"index","follow":"follow","max-snippet":"max-snippet:-1","max-image-preview":"max-image-preview:large","max-video-preview":"max-video-preview:-1"},"canonical":"https:\/\/l21.mx\/?p=56581","twitter_card":"summary_large_image","twitter_title":"Impulsa la Amatur turismo de Colombia en M\u00e9xico | Revista Latitud 21","twitter_description":"L21, Emprendedores y Negocios en el Caribe Mexicano, es la revista l\u00edder entre el Sector Empresarial y Tur\u00edstico del Caribe Mexicano.","twitter_image":"https:\/\/l21.mx\/wp-content\/uploads\/2023\/05\/turismo-colombiano-scaled.jpg","twitter_creator":"@Latitud21mx","twitter_site":"@Latitud21mx","twitter_misc":{"Escrito por":"NellyG","Tiempo de lectura":"2 minutos"},"schema":{"@context":"https:\/\/schema.org","@graph":[{"@type":"Article","@id":"https:\/\/l21.mx\/?p=56581#article","isPartOf":{"@id":"https:\/\/l21.mx\/?p=56581"},"author":{"name":"NellyG","@id":"https:\/\/l21.mx\/#\/schema\/person\/cca68595b80b2f6c4c55a8b254bfbb2a"},"headline":"Impulsa la Amatur turismo de Colombia en M\u00e9xico","datePublished":"2023-05-25T14:55:27+00:00","mainEntityOfPage":{"@id":"https:\/\/l21.mx\/?p=56581"},"wordCount":383,"publisher":{"@id":"https:\/\/l21.mx\/#organization"},"image":{"@id":"https:\/\/l21.mx\/?p=56581#primaryimage"},"thumbnailUrl":"https:\/\/l21.mx\/wp-content\/uploads\/2023\/05\/turismo-colombiano-scaled.jpg","articleSection":["Noticias","Quintana Roo"],"inLanguage":"es"},{"@type":"WebPage","@id":"https:\/\/l21.mx\/?p=56581","url":"https:\/\/l21.mx\/?p=56581","name":"Impulsa la Amatur turismo de Colombia en M\u00e9xico | Revista Latitud 21","isPartOf":{"@id":"https:\/\/l21.mx\/#website"},"primaryImageOfPage":{"@id":"https:\/\/l21.mx\/?p=56581#primaryimage"},"image":{"@id":"https:\/\/l21.mx\/?p=56581#primaryimage"},"thumbnailUrl":"https:\/\/l21.mx\/wp-content\/uploads\/2023\/05\/turismo-colombiano-scaled.jpg","datePublished":"2023-05-25T14:55:27+00:00","description":"L21, Emprendedores y Negocios en el Caribe Mexicano, es la revista l\u00edder entre el Sector Empresarial y Tur\u00edstico del Caribe Mexicano.","breadcrumb":{"@id":"https:\/\/l21.mx\/?p=56581#breadcrumb"},"inLanguage":"es","potentialAction":[{"@type":"ReadAction","target":["https:\/\/l21.mx\/?p=56581"]}]},{"@type":"ImageObject","inLanguage":"es","@id":"https:\/\/l21.mx\/?p=56581#primaryimage","url":"https:\/\/l21.mx\/wp-content\/uploads\/2023\/05\/turismo-colombiano-scaled.jpg","contentUrl":"https:\/\/l21.mx\/wp-content\/uploads\/2023\/05\/turismo-colombiano-scaled.jpg","width":2560,"height":1656,"caption":"Turistas acuden a las playas el 27 de marzo de 2021, en el balneario de Canc\u00fan, en el estado de Quintana Roo, (M\u00e9xico). EFE\/Alonso Cupul"},{"@type":"BreadcrumbList","@id":"https:\/\/l21.mx\/?p=56581#breadcrumb","itemListElement":[{"@type":"ListItem","position":1,"name":"Portada","item":"https:\/\/l21.mx\/"},{"@type":"ListItem","position":2,"name":"Impulsa la Amatur turismo de Colombia en M\u00e9xico"}]},{"@type":"WebSite","@id":"https:\/\/l21.mx\/#website","url":"https:\/\/l21.mx\/","name":"Revista Latitud 21","description":"Emprendedores  y negocios en el Caribe Mexicano","publisher":{"@id":"https:\/\/l21.mx\/#organization"},"potentialAction":[{"@type":"SearchAction","target":{"@type":"EntryPoint","urlTemplate":"https:\/\/l21.mx\/?s={search_term_string}"},"query-input":{"@type":"PropertyValueSpecification","valueRequired":true,"valueName":"search_term_string"}}],"inLanguage":"es"},{"@type":"Organization","@id":"https:\/\/l21.mx\/#organization","name":"Grupo Editorial Latitud 21 SA de CV","url":"https:\/\/l21.mx\/","logo":{"@type":"ImageObject","inLanguage":"es","@id":"https:\/\/l21.mx\/#\/schema\/logo\/image\/","url":"https:\/\/l21.mx\/wp-content\/uploads\/2020\/10\/logo-l21-baja.jpg","contentUrl":"https:\/\/l21.mx\/wp-content\/uploads\/2020\/10\/logo-l21-baja.jpg","width":250,"height":250,"caption":"Grupo Editorial Latitud 21 SA de CV"},"image":{"@id":"https:\/\/l21.mx\/#\/schema\/logo\/image\/"},"sameAs":["https:\/\/www.facebook.com\/RevistaLatitud21\/","https:\/\/x.com\/Latitud21mx"]},{"@type":"Person","@id":"https:\/\/l21.mx\/#\/schema\/person\/cca68595b80b2f6c4c55a8b254bfbb2a","name":"NellyG","url":"https:\/\/l21.mx\/?author=100"}]}},"amp_enabled":true,"_links":{"self":[{"href":"https:\/\/l21.mx\/index.php?rest_route=\/wp\/v2\/posts\/56581","targetHints":{"allow":["GET"]}}],"collection":[{"href":"https:\/\/l21.mx\/index.php?rest_route=\/wp\/v2\/posts"}],"about":[{"href":"https:\/\/l21.mx\/index.php?rest_route=\/wp\/v2\/types\/post"}],"author":[{"embeddable":true,"href":"https:\/\/l21.mx\/index.php?rest_route=\/wp\/v2\/users\/100"}],"replies":[{"embeddable":true,"href":"https:\/\/l21.mx\/index.php?rest_route=%2Fwp%2Fv2%2Fcomments&post=56581"}],"version-history":[{"count":1,"href":"https:\/\/l21.mx\/index.php?rest_route=\/wp\/v2\/posts\/56581\/revisions"}],"predecessor-version":[{"id":56584,"href":"https:\/\/l21.mx\/index.php?rest_route=\/wp\/v2\/posts\/56581\/revisions\/56584"}],"wp:featuredmedia":[{"embeddable":true,"href":"https:\/\/l21.mx\/index.php?rest_route=\/wp\/v2\/media\/56583"}],"wp:attachment":[{"href":"https:\/\/l21.mx\/index.php?rest_route=%2Fwp%2Fv2%2Fmedia&parent=56581"}],"wp:term":[{"taxonomy":"category","embeddable":true,"href":"https:\/\/l21.mx\/index.php?rest_route=%2Fwp%2Fv2%2Fcategories&post=56581"},{"taxonomy":"post_tag","embeddable":true,"href":"https:\/\/l21.mx\/index.php?rest_route=%2Fwp%2Fv2%2Ftags&post=56581"}],"curies":[{"name":"wp","href":"https:\/\/api.w.org\/{rel}","templated":true}]}}