{"id":56647,"date":"2023-05-27T10:35:47","date_gmt":"2023-05-27T15:35:47","guid":{"rendered":"https:\/\/l21.mx\/?p=56647"},"modified":"2023-05-27T10:35:47","modified_gmt":"2023-05-27T15:35:47","slug":"premian-a-los-ganadores-absolutos-del-rally-maya-mexico","status":"publish","type":"post","link":"https:\/\/l21.mx\/?p=56647","title":{"rendered":"Premian a los ganadores absolutos del Rally Maya M\u00e9xico"},"content":{"rendered":"<p><em><strong>El Rally Maya M\u00e9xico en su edici\u00f3n 2023 ha llegado a su fin y la dupla de Placido G. y Arturo C. se quedaron con el primer lugar absoluto.<\/strong><\/em><\/p>\n<p>Canc\u00fan, Quintana Roo, M\u00e9xico 26 de mayo de 2023.- Teniendo como testigo el restaurante Illios ubicado en la zona hotelera de Canc\u00fan, con un atardecer inigualable sobre la laguna\u00a0 nichupt\u00e9, se llev\u00f3 a cabo la premiaci\u00f3n final del RMM 2023 teniendo a Placido G. y Arturo C. con el Mercedes Benz 250 S de 1967 como los campeones absolutos de la competencia.<\/p>\n<p>&nbsp;<\/p>\n<p><em><strong>Categor\u00eda A<\/strong><\/em><\/p>\n<p>1.- Alan d B. y Pedro P. con el Seat 600D de 1965<\/p>\n<p>2.- Jorge E, e Itzel R.con la Dodge Pick upde 1947<\/p>\n<p>3,. Carlos D. y Carlos D. con el Chevrotlet 1982<\/p>\n<p>&nbsp;<\/p>\n<p><a href=\"https:\/\/l21.mx\/wp-content\/uploads\/2023\/05\/rally-maya-ganadores-7.jpg\" data-rel=\"penci-gallery-image-content\" ><img fetchpriority=\"high\" decoding=\"async\" class=\"alignnone size-medium wp-image-56650\" src=\"https:\/\/l21.mx\/wp-content\/uploads\/2023\/05\/rally-maya-ganadores-7-300x194.jpg\" alt=\"\" width=\"300\" height=\"194\" srcset=\"https:\/\/l21.mx\/wp-content\/uploads\/2023\/05\/rally-maya-ganadores-7-300x194.jpg 300w, https:\/\/l21.mx\/wp-content\/uploads\/2023\/05\/rally-maya-ganadores-7-1024x663.jpg 1024w, https:\/\/l21.mx\/wp-content\/uploads\/2023\/05\/rally-maya-ganadores-7-768x497.jpg 768w, https:\/\/l21.mx\/wp-content\/uploads\/2023\/05\/rally-maya-ganadores-7-1200x777.jpg 1200w, https:\/\/l21.mx\/wp-content\/uploads\/2023\/05\/rally-maya-ganadores-7-1170x758.jpg 1170w, https:\/\/l21.mx\/wp-content\/uploads\/2023\/05\/rally-maya-ganadores-7-585x379.jpg 585w, https:\/\/l21.mx\/wp-content\/uploads\/2023\/05\/rally-maya-ganadores-7.jpg 1280w\" sizes=\"(max-width: 300px) 100vw, 300px\" \/><\/a><\/p>\n<p><em><strong>Categor\u00eda B<\/strong><\/em><\/p>\n<p>1.- Placiado G. y Arturo C. con el Mercedes benz 250 S de 1967<\/p>\n<p>2.- Gerardo G. y Roxana I. con lmercedez benz 280 SL de 1964<\/p>\n<p>3,. Carlos D. y Carlos D. con el Chevrotlet 1956<\/p>\n<p>&nbsp;<\/p>\n<p><a href=\"https:\/\/l21.mx\/wp-content\/uploads\/2023\/05\/rally-maya-ganadores-6.jpg\" data-rel=\"penci-gallery-image-content\" ><img decoding=\"async\" class=\"alignnone size-medium wp-image-56649\" src=\"https:\/\/l21.mx\/wp-content\/uploads\/2023\/05\/rally-maya-ganadores-6-300x200.jpg\" alt=\"\" width=\"300\" height=\"200\" srcset=\"https:\/\/l21.mx\/wp-content\/uploads\/2023\/05\/rally-maya-ganadores-6-300x200.jpg 300w, https:\/\/l21.mx\/wp-content\/uploads\/2023\/05\/rally-maya-ganadores-6-1024x683.jpg 1024w, https:\/\/l21.mx\/wp-content\/uploads\/2023\/05\/rally-maya-ganadores-6-768x512.jpg 768w, https:\/\/l21.mx\/wp-content\/uploads\/2023\/05\/rally-maya-ganadores-6-1200x801.jpg 1200w, https:\/\/l21.mx\/wp-content\/uploads\/2023\/05\/rally-maya-ganadores-6-1170x781.jpg 1170w, https:\/\/l21.mx\/wp-content\/uploads\/2023\/05\/rally-maya-ganadores-6-585x390.jpg 585w, https:\/\/l21.mx\/wp-content\/uploads\/2023\/05\/rally-maya-ganadores-6-263x175.jpg 263w, https:\/\/l21.mx\/wp-content\/uploads\/2023\/05\/rally-maya-ganadores-6.jpg 1280w\" sizes=\"(max-width: 300px) 100vw, 300px\" \/><\/a><\/p>\n<p><em><strong>Categor\u00eda C<\/strong><\/em><\/p>\n<p>1.- Jaime A. y Araceli B. con el Porshce 911 de 1975<\/p>\n<p>2.- Eduardo D. y Francisco O con el Mercedes Benz 450 SL de 1976<\/p>\n<p>3,. Jorge Luis M. y Luis Eduardo M. con el Porsche 1978<\/p>\n<p><em>El Rally Maya conocido tambi\u00e9n por ser un \u201cmuseo sobre ruedas\u201d entre los amantes de los autos, se quiere mostrar como una oportunidad \u00fanica de conocer la riqueza natural, cultural, gastron\u00f3mica y arqueol\u00f3gica del mundo maya. Durante la competencia m\u00e1s de 100 tripulaciones, procedentes de M\u00e9xico, Europa, Centroam\u00e9rica y Sudam\u00e9rica realizar\u00e1n tr\u00e1nsitos y regularidades, probando la habilidad del piloto y copiloto para mantener con toda precisi\u00f3n las velocidades preestablecidas en un tiempo determinado.<\/em><\/p>\n<p><em>Para esta competencia los autom\u00f3viles deben tener m\u00e1s de 40 a\u00f1os de antig\u00fcedad y tener un 90 por ciento de originalidad para poder participar dentro de una de las tres\u00a0categor\u00edas de antig\u00fcedad: veh\u00edculos fabricados de 1915 a 1949 en la categor\u00eda \u00abA\u00bb, para la categor\u00eda \u00abB\u00bb los autos de 1950 a 1969\u00a0y de 1970\u00a0a 1982\u00a0en la categor\u00eda \u00abC\u00bb.<\/em><\/p>\n<div data-sliderid=\"28856\" id=\"penci-post-gallery__28856\" class=\"penci-post-gallery-container justified column-3\" data-height=\"150\" data-margin=\"3\"><a class=\"penci-gallery-ite item-gallery-justified\" href=\"https:\/\/l21.mx\/wp-content\/uploads\/2023\/05\/rally-maya-ganadores-3.jpg\" data-rel=\"penci-gallery-image-content\" ><img decoding=\"async\" src=\"https:\/\/l21.mx\/wp-content\/uploads\/2023\/05\/rally-maya-ganadores-3-585x390.jpg\" alt=\"\" title=\"rally maya ganadores (3)\"><\/a><a class=\"penci-gallery-ite item-gallery-justified\" href=\"https:\/\/l21.mx\/wp-content\/uploads\/2023\/05\/rally-maya-ganadores-4.jpg\" data-rel=\"penci-gallery-image-content\" ><img decoding=\"async\" src=\"https:\/\/l21.mx\/wp-content\/uploads\/2023\/05\/rally-maya-ganadores-4-585x390.jpg\" alt=\"\" title=\"rally maya ganadores (4)\"><\/a><a class=\"penci-gallery-ite item-gallery-justified\" href=\"https:\/\/l21.mx\/wp-content\/uploads\/2023\/05\/rally-maya-ganadores-5.jpg\" data-rel=\"penci-gallery-image-content\" ><img decoding=\"async\" src=\"https:\/\/l21.mx\/wp-content\/uploads\/2023\/05\/rally-maya-ganadores-5-585x390.jpg\" alt=\"\" title=\"rally maya ganadores (5)\"><\/a><a class=\"penci-gallery-ite item-gallery-justified\" href=\"https:\/\/l21.mx\/wp-content\/uploads\/2023\/05\/rally-maya-ganadores-1.jpg\" data-rel=\"penci-gallery-image-content\" ><img decoding=\"async\" src=\"https:\/\/l21.mx\/wp-content\/uploads\/2023\/05\/rally-maya-ganadores-1-585x390.jpg\" alt=\"\" title=\"rally maya ganadores (1)\"><\/a><a class=\"penci-gallery-ite item-gallery-justified\" href=\"https:\/\/l21.mx\/wp-content\/uploads\/2023\/05\/rally-maya-ganadores-8.jpg\" data-rel=\"penci-gallery-image-content\" ><img decoding=\"async\" src=\"https:\/\/l21.mx\/wp-content\/uploads\/2023\/05\/rally-maya-ganadores-8-585x410.jpg\" alt=\"\" title=\"rally maya ganadores (8)\"><\/a><\/div>\n","protected":false},"excerpt":{"rendered":"<p>El Rally Maya M\u00e9xico en su edici\u00f3n 2023 ha llegado a su fin y la dupla&hellip;<\/p>\n","protected":false},"author":100,"featured_media":56651,"comment_status":"closed","ping_status":"closed","sticky":false,"template":"","format":"standard","meta":{"_acf_changed":false,"_lmt_disableupdate":"","_lmt_disable":"","_mbp_gutenberg_autopost":false,"footnotes":""},"categories":[23,1656],"tags":[],"class_list":["post-56647","post","type-post","status-publish","format-standard","has-post-thumbnail","hentry","category-noticias","category-quintana-roo"],"acf":[],"_links":{"self":[{"href":"https:\/\/l21.mx\/index.php?rest_route=\/wp\/v2\/posts\/56647","targetHints":{"allow":["GET"]}}],"collection":[{"href":"https:\/\/l21.mx\/index.php?rest_route=\/wp\/v2\/posts"}],"about":[{"href":"https:\/\/l21.mx\/index.php?rest_route=\/wp\/v2\/types\/post"}],"author":[{"embeddable":true,"href":"https:\/\/l21.mx\/index.php?rest_route=\/wp\/v2\/users\/100"}],"replies":[{"embeddable":true,"href":"https:\/\/l21.mx\/index.php?rest_route=%2Fwp%2Fv2%2Fcomments&post=56647"}],"version-history":[{"count":0,"href":"https:\/\/l21.mx\/index.php?rest_route=\/wp\/v2\/posts\/56647\/revisions"}],"wp:featuredmedia":[{"embeddable":true,"href":"https:\/\/l21.mx\/index.php?rest_route=\/wp\/v2\/media\/56651"}],"wp:attachment":[{"href":"https:\/\/l21.mx\/index.php?rest_route=%2Fwp%2Fv2%2Fmedia&parent=56647"}],"wp:term":[{"taxonomy":"category","embeddable":true,"href":"https:\/\/l21.mx\/index.php?rest_route=%2Fwp%2Fv2%2Fcategories&post=56647"},{"taxonomy":"post_tag","embeddable":true,"href":"https:\/\/l21.mx\/index.php?rest_route=%2Fwp%2Fv2%2Ftags&post=56647"}],"curies":[{"name":"wp","href":"https:\/\/api.w.org\/{rel}","templated":true}]}}