{"id":56687,"date":"2023-05-29T11:57:15","date_gmt":"2023-05-29T16:57:15","guid":{"rendered":"https:\/\/l21.mx\/?p=56687"},"modified":"2023-05-29T11:57:15","modified_gmt":"2023-05-29T16:57:15","slug":"respaldan-a-empresarios-de-puerto-morelos","status":"publish","type":"post","link":"https:\/\/l21.mx\/?p=56687","title":{"rendered":"Respaldan a empresarios de Puerto Morelos"},"content":{"rendered":"<p>*El municipio va por el rumbo correcto, que es el generar bienestar y prosperidad para las familias, abatir brechas de desigualdad y que el \u00e9xito tur\u00edstico del destino sea compartido, se\u00f1ala la alcaldesa<\/p>\n<p><a href=\"https:\/\/l21.mx\/wp-content\/uploads\/2023\/05\/WhatsApp-Image-2023-05-28-at-09.46.46-1.jpeg\" data-rel=\"penci-gallery-image-content\" ><img fetchpriority=\"high\" decoding=\"async\" class=\"alignnone size-medium wp-image-56689\" src=\"https:\/\/l21.mx\/wp-content\/uploads\/2023\/05\/WhatsApp-Image-2023-05-28-at-09.46.46-1-300x190.jpeg\" alt=\"\" width=\"300\" height=\"190\" srcset=\"https:\/\/l21.mx\/wp-content\/uploads\/2023\/05\/WhatsApp-Image-2023-05-28-at-09.46.46-1-300x190.jpeg 300w, https:\/\/l21.mx\/wp-content\/uploads\/2023\/05\/WhatsApp-Image-2023-05-28-at-09.46.46-1-1024x648.jpeg 1024w, https:\/\/l21.mx\/wp-content\/uploads\/2023\/05\/WhatsApp-Image-2023-05-28-at-09.46.46-1-768x486.jpeg 768w, https:\/\/l21.mx\/wp-content\/uploads\/2023\/05\/WhatsApp-Image-2023-05-28-at-09.46.46-1-1200x759.jpeg 1200w, https:\/\/l21.mx\/wp-content\/uploads\/2023\/05\/WhatsApp-Image-2023-05-28-at-09.46.46-1-1170x740.jpeg 1170w, https:\/\/l21.mx\/wp-content\/uploads\/2023\/05\/WhatsApp-Image-2023-05-28-at-09.46.46-1-585x370.jpeg 585w, https:\/\/l21.mx\/wp-content\/uploads\/2023\/05\/WhatsApp-Image-2023-05-28-at-09.46.46-1.jpeg 1280w\" sizes=\"(max-width: 300px) 100vw, 300px\" \/><\/a><br \/>\nPuerto Morelos, Quintana Roo, 28 de mayo de 2023.- En una muestra m\u00e1s de encabezar un gobierno de puertas abiertas, en el que se escucha y atiende a todos los sectores de la sociedad, la alcaldesa Blanca Merari Tziu Mu\u00f1oz se reuni\u00f3 con empresarios de Puerto Morelos, a quienes reiter\u00f3 que es una aliada de cada uno de ellos, para seguir impulsando el crecimiento ordenado del municipio.<br \/>\nDijo que estos puentes de comunicaci\u00f3n directa construidos a lo largo de su administraci\u00f3n han permitido que Puerto Morelos avance por el rumbo correcto, que es el generar bienestar y prosperidad para las familias, abatir brechas de desigualdad y que el \u00e9xito tur\u00edstico del destino sea compartido.<br \/>\n\u201cMe da mucho gusto estar aqu\u00ed, con todos ustedes, que son quienes invierten su capital para generar empleos y para mantener activa la econom\u00eda de nuestro municipio. S\u00e9, que trabajando de la mano, hombro con hombro, le ir\u00e1 bien a Puerto Morelos y, por supuesto, a sus empresas\u201d, coment\u00f3 la Presidenta Municipal, quien estuvo acompa\u00f1ada por el coordinador de asesores de la Presidencia, Manuel Tamanaja Gonz\u00e1lez.<br \/>\nEn este marco, record\u00f3 que la administraci\u00f3n municipal que encabeza se ha dado a la tarea de acercarse al sector empresarial, con el objetivo de regularizar sus negocios, ya que eso permite tener orden y certeza jur\u00eddica. \u201cHemos tenido gran respuesta por parte de los empresarios y por eso estamos aqu\u00ed, para reiterarles que estamos para ayudarlos, para que sumemos fuerzas en bien de nuestro municipio\u201d, abund\u00f3.<br \/>\nEn este sentido, se comprometi\u00f3 a organizar nuevas reuniones a las que asistan los titulares de las dependencias involucradas en que los negocios cuenten con toda la documentaci\u00f3n para operar con los permisos municipales, como son Protecci\u00f3n Civil, Desarrollo Urbano y Ecolog\u00eda, a fin de destrabar tr\u00e1mites.<br \/>\nPor otro lado, coment\u00f3 que vienen proyectos de gran relevancia para todo el municipio, como es el Tren Maya, que desde ahora es generador de empleos y que traer\u00e1 prosperidad y desarrollo al municipio, ya que en Leona Vicario se contar\u00e1 con un paradero y en Puerto Morelos con una estaci\u00f3n.<br \/>\n\u201cEstamos trabajando de la mano con nuestra gobernadora Mara Lezama Espinosa y con el Gobierno de M\u00e9xico, que encabeza nuestro presidente Andr\u00e9s Manuel L\u00f3pez Obrador, para que a Puerto Morelos le vaya bien\u201d, remarc\u00f3 la Presidenta Municipal, quien recibi\u00f3 el reconocimiento de los asistentes por su apertura al di\u00e1logo directo, sin intermediarios, y por el trabajo realizado durante su administraci\u00f3n.<br \/>\nAl encuentro acudieron empresarios de la Ruta de los Cenotes y del rubro inmobiliario, entre otros sectores.<\/p>\n","protected":false},"excerpt":{"rendered":"<p>*El municipio va por el rumbo correcto, que es el generar bienestar y prosperidad para las&hellip;<\/p>\n","protected":false},"author":100,"featured_media":56688,"comment_status":"closed","ping_status":"closed","sticky":false,"template":"","format":"standard","meta":{"_acf_changed":false,"_lmt_disableupdate":"","_lmt_disable":"","_mbp_gutenberg_autopost":false,"footnotes":""},"categories":[23,1656],"tags":[],"class_list":["post-56687","post","type-post","status-publish","format-standard","has-post-thumbnail","hentry","category-noticias","category-quintana-roo"],"acf":[],"_links":{"self":[{"href":"https:\/\/l21.mx\/index.php?rest_route=\/wp\/v2\/posts\/56687","targetHints":{"allow":["GET"]}}],"collection":[{"href":"https:\/\/l21.mx\/index.php?rest_route=\/wp\/v2\/posts"}],"about":[{"href":"https:\/\/l21.mx\/index.php?rest_route=\/wp\/v2\/types\/post"}],"author":[{"embeddable":true,"href":"https:\/\/l21.mx\/index.php?rest_route=\/wp\/v2\/users\/100"}],"replies":[{"embeddable":true,"href":"https:\/\/l21.mx\/index.php?rest_route=%2Fwp%2Fv2%2Fcomments&post=56687"}],"version-history":[{"count":0,"href":"https:\/\/l21.mx\/index.php?rest_route=\/wp\/v2\/posts\/56687\/revisions"}],"wp:featuredmedia":[{"embeddable":true,"href":"https:\/\/l21.mx\/index.php?rest_route=\/wp\/v2\/media\/56688"}],"wp:attachment":[{"href":"https:\/\/l21.mx\/index.php?rest_route=%2Fwp%2Fv2%2Fmedia&parent=56687"}],"wp:term":[{"taxonomy":"category","embeddable":true,"href":"https:\/\/l21.mx\/index.php?rest_route=%2Fwp%2Fv2%2Fcategories&post=56687"},{"taxonomy":"post_tag","embeddable":true,"href":"https:\/\/l21.mx\/index.php?rest_route=%2Fwp%2Fv2%2Ftags&post=56687"}],"curies":[{"name":"wp","href":"https:\/\/api.w.org\/{rel}","templated":true}]}}