{"id":56747,"date":"2023-06-01T10:00:35","date_gmt":"2023-06-01T15:00:35","guid":{"rendered":"https:\/\/l21.mx\/?p=56747"},"modified":"2023-06-01T10:00:35","modified_gmt":"2023-06-01T15:00:35","slug":"homenaje-a-tina-turner","status":"publish","type":"post","link":"https:\/\/l21.mx\/?p=56747","title":{"rendered":"Homenaje a Tina Turner"},"content":{"rendered":"<p>&nbsp;<\/p>\n<p>&nbsp;<\/p>\n<p>Lamentablemente muri\u00f3 una cantante. Una m\u00e1s, entre muchas, dir\u00edan algunos, pero \u00e9sta en particular fue una que rompi\u00f3 muchos paradigmas. En este peque\u00f1o espacio que me da la grandiosa oportunidad de expresarme y de que ustedes me lean (espero) puedo contarles de personas que fueron gigantes y realizaron contribuciones incre\u00edbles en el crecimiento de la humanidad.<\/p>\n<p>Tina Turner creci\u00f3 como cualquier mujer de su \u00e9poca, sometida al establishment masculino de control e incluso explotaci\u00f3n. Muchas mujeres no conocieron algo diferente. Sin embargo, a una edad reconocida incluso hoy como tard\u00eda, floreci\u00f3, se liber\u00f3 y cre\u00f3 una carrera. A sus 44 a\u00f1os estableci\u00f3 un estilo y vendi\u00f3 canciones sin ayuda de ning\u00fan marido. Su interpretaci\u00f3n, su voz, su forma de vestir y sobre todo sus pensamientos, fueron memorables.<\/p>\n<p>Hoy escribo sobre ella, porque como mencion\u00e9 en mi art\u00edculo pasado, estamos escasos de h\u00e9roes. Y en este caso encontr\u00e9 una hero\u00edna para recordar y apreciar.\u00a0 Las letras de sus canciones pueden hacernos creer que el amor nada tiene que ver en todo esto, pero siempre sabremos c\u00f3mo ser el mejor. \u00a0\u00a0Ella tiene conciertos que han quedado documentados en Youtube, en donde a la incre\u00edble edad de 69 a\u00f1os nos ense\u00f1a que el talento es atemporal.<\/p>\n<p>Ella es un ejemplo para todas nosotras; todos los esquemas que dictan el comportamiento de las mujeres, a cierta edad, se rompen. Ella demuestra que las mujeres a\u00fan en sus 70 a\u00f1os pueden hacerlo todo, o por lo menos conciertos que vendan todos los tickets disponibles. Conciertos en donde su forma de vestir, de peinarse, de comportarse no sea la de un estereotipo de mujer de 70 a\u00f1os. \u00a0\u00a0\u00a0Realmente una mujer que nos ayuda hoy a todas a crear sue\u00f1os, a dirigir nuestras vidas, a cambiar entornos, a romper paradigmas y sobre todo a simplemente SER. No hay edad, no hay g\u00e9nero\u2026 s\u00f3lo talento y capacidad.<\/p>\n<p>Descanse en paz, dir\u00edan en los protocolos, pero yo creo que una mujer como ella lo que menos har\u00eda ser\u00eda eso.<br \/>\nMe gusta pensar que lo que existe despu\u00e9s de la vida, es un regalo, y este consiste en seguir creando momentos de felicidad basados en las cosas que nos gustan. Puede ser una teor\u00eda un poco fuera de lo esperado, pero quiero imaginar a una Tina Turner cantando a todo pulm\u00f3n sus canciones favoritas, y los que ya est\u00e1n con ella disfrutando su concierto. \u00a0Cambiando el cielo y redefiniendo el infierno.<\/p>\n","protected":false},"excerpt":{"rendered":"<p>&nbsp; &nbsp; Lamentablemente muri\u00f3 una cantante. Una m\u00e1s, entre muchas, dir\u00edan algunos, pero \u00e9sta en particular&hellip;<\/p>\n","protected":false},"author":100,"featured_media":49544,"comment_status":"closed","ping_status":"closed","sticky":false,"template":"","format":"standard","meta":{"_acf_changed":false,"_lmt_disableupdate":"","_lmt_disable":"","_mbp_gutenberg_autopost":false,"footnotes":""},"categories":[486],"tags":[1675],"class_list":["post-56747","post","type-post","status-publish","format-standard","has-post-thumbnail","hentry","category-inna-german","tag-tina-turner"],"acf":[],"yoast_head":"<!-- This site is optimized with the Yoast SEO plugin v27.3 - https:\/\/yoast.com\/product\/yoast-seo-wordpress\/ -->\n<title>Homenaje a Tina Turner | Revista Latitud 21<\/title>\n<meta name=\"description\" content=\"L21, Emprendedores y Negocios en el Caribe Mexicano, es la revista l\u00edder entre el Sector Empresarial y Tur\u00edstico del Caribe Mexicano.\" \/>\n<meta name=\"robots\" content=\"index, follow, max-snippet:-1, max-image-preview:large, max-video-preview:-1\" \/>\n<link rel=\"canonical\" href=\"https:\/\/l21.mx\/?p=56747\" \/>\n<meta name=\"twitter:card\" content=\"summary_large_image\" \/>\n<meta name=\"twitter:title\" content=\"Homenaje a Tina Turner | Revista Latitud 21\" \/>\n<meta name=\"twitter:description\" content=\"L21, Emprendedores y Negocios en el Caribe Mexicano, es la revista l\u00edder entre el Sector Empresarial y Tur\u00edstico del Caribe Mexicano.\" \/>\n<meta name=\"twitter:image\" content=\"https:\/\/l21.mx\/wp-content\/uploads\/2021\/04\/inna-german-mirada-empresarial.jpg\" \/>\n<meta name=\"twitter:creator\" content=\"@Latitud21mx\" \/>\n<meta name=\"twitter:site\" content=\"@Latitud21mx\" \/>\n<meta name=\"twitter:label1\" content=\"Escrito por\" \/>\n\t<meta name=\"twitter:data1\" content=\"NellyG\" \/>\n\t<meta name=\"twitter:label2\" content=\"Tiempo de lectura\" \/>\n\t<meta name=\"twitter:data2\" content=\"2 minutos\" \/>\n<script type=\"application\/ld+json\" class=\"yoast-schema-graph\">{\"@context\":\"https:\\\/\\\/schema.org\",\"@graph\":[{\"@type\":\"Article\",\"@id\":\"https:\\\/\\\/l21.mx\\\/?p=56747#article\",\"isPartOf\":{\"@id\":\"https:\\\/\\\/l21.mx\\\/?p=56747\"},\"author\":{\"name\":\"NellyG\",\"@id\":\"https:\\\/\\\/l21.mx\\\/#\\\/schema\\\/person\\\/cca68595b80b2f6c4c55a8b254bfbb2a\"},\"headline\":\"Homenaje a Tina Turner\",\"datePublished\":\"2023-06-01T15:00:35+00:00\",\"mainEntityOfPage\":{\"@id\":\"https:\\\/\\\/l21.mx\\\/?p=56747\"},\"wordCount\":432,\"publisher\":{\"@id\":\"https:\\\/\\\/l21.mx\\\/#organization\"},\"image\":{\"@id\":\"https:\\\/\\\/l21.mx\\\/?p=56747#primaryimage\"},\"thumbnailUrl\":\"https:\\\/\\\/l21.mx\\\/wp-content\\\/uploads\\\/2021\\\/04\\\/inna-german-mirada-empresarial.jpg\",\"keywords\":[\"Tina Turner\"],\"articleSection\":[\"Inna German G\u00f3mez\"],\"inLanguage\":\"es\"},{\"@type\":\"WebPage\",\"@id\":\"https:\\\/\\\/l21.mx\\\/?p=56747\",\"url\":\"https:\\\/\\\/l21.mx\\\/?p=56747\",\"name\":\"Homenaje a Tina Turner | Revista Latitud 21\",\"isPartOf\":{\"@id\":\"https:\\\/\\\/l21.mx\\\/#website\"},\"primaryImageOfPage\":{\"@id\":\"https:\\\/\\\/l21.mx\\\/?p=56747#primaryimage\"},\"image\":{\"@id\":\"https:\\\/\\\/l21.mx\\\/?p=56747#primaryimage\"},\"thumbnailUrl\":\"https:\\\/\\\/l21.mx\\\/wp-content\\\/uploads\\\/2021\\\/04\\\/inna-german-mirada-empresarial.jpg\",\"datePublished\":\"2023-06-01T15:00:35+00:00\",\"description\":\"L21, Emprendedores y Negocios en el Caribe Mexicano, es la revista l\u00edder entre el Sector Empresarial y Tur\u00edstico del Caribe Mexicano.\",\"breadcrumb\":{\"@id\":\"https:\\\/\\\/l21.mx\\\/?p=56747#breadcrumb\"},\"inLanguage\":\"es\",\"potentialAction\":[{\"@type\":\"ReadAction\",\"target\":[\"https:\\\/\\\/l21.mx\\\/?p=56747\"]}]},{\"@type\":\"ImageObject\",\"inLanguage\":\"es\",\"@id\":\"https:\\\/\\\/l21.mx\\\/?p=56747#primaryimage\",\"url\":\"https:\\\/\\\/l21.mx\\\/wp-content\\\/uploads\\\/2021\\\/04\\\/inna-german-mirada-empresarial.jpg\",\"contentUrl\":\"https:\\\/\\\/l21.mx\\\/wp-content\\\/uploads\\\/2021\\\/04\\\/inna-german-mirada-empresarial.jpg\",\"width\":\"900\",\"height\":\"599\"},{\"@type\":\"BreadcrumbList\",\"@id\":\"https:\\\/\\\/l21.mx\\\/?p=56747#breadcrumb\",\"itemListElement\":[{\"@type\":\"ListItem\",\"position\":1,\"name\":\"Portada\",\"item\":\"https:\\\/\\\/l21.mx\\\/\"},{\"@type\":\"ListItem\",\"position\":2,\"name\":\"Homenaje a Tina Turner\"}]},{\"@type\":\"WebSite\",\"@id\":\"https:\\\/\\\/l21.mx\\\/#website\",\"url\":\"https:\\\/\\\/l21.mx\\\/\",\"name\":\"Revista Latitud 21\",\"description\":\"Emprendedores  y negocios en el Caribe Mexicano\",\"publisher\":{\"@id\":\"https:\\\/\\\/l21.mx\\\/#organization\"},\"potentialAction\":[{\"@type\":\"SearchAction\",\"target\":{\"@type\":\"EntryPoint\",\"urlTemplate\":\"https:\\\/\\\/l21.mx\\\/?s={search_term_string}\"},\"query-input\":{\"@type\":\"PropertyValueSpecification\",\"valueRequired\":true,\"valueName\":\"search_term_string\"}}],\"inLanguage\":\"es\"},{\"@type\":\"Organization\",\"@id\":\"https:\\\/\\\/l21.mx\\\/#organization\",\"name\":\"Grupo Editorial Latitud 21 SA de CV\",\"url\":\"https:\\\/\\\/l21.mx\\\/\",\"logo\":{\"@type\":\"ImageObject\",\"inLanguage\":\"es\",\"@id\":\"https:\\\/\\\/l21.mx\\\/#\\\/schema\\\/logo\\\/image\\\/\",\"url\":\"https:\\\/\\\/l21.mx\\\/wp-content\\\/uploads\\\/2020\\\/10\\\/logo-l21-baja.jpg\",\"contentUrl\":\"https:\\\/\\\/l21.mx\\\/wp-content\\\/uploads\\\/2020\\\/10\\\/logo-l21-baja.jpg\",\"width\":250,\"height\":250,\"caption\":\"Grupo Editorial Latitud 21 SA de CV\"},\"image\":{\"@id\":\"https:\\\/\\\/l21.mx\\\/#\\\/schema\\\/logo\\\/image\\\/\"},\"sameAs\":[\"https:\\\/\\\/www.facebook.com\\\/RevistaLatitud21\\\/\",\"https:\\\/\\\/x.com\\\/Latitud21mx\"]},{\"@type\":\"Person\",\"@id\":\"https:\\\/\\\/l21.mx\\\/#\\\/schema\\\/person\\\/cca68595b80b2f6c4c55a8b254bfbb2a\",\"name\":\"NellyG\",\"url\":\"https:\\\/\\\/l21.mx\\\/?author=100\"}]}<\/script>\n<!-- \/ Yoast SEO plugin. -->","yoast_head_json":{"title":"Homenaje a Tina Turner | Revista Latitud 21","description":"L21, Emprendedores y Negocios en el Caribe Mexicano, es la revista l\u00edder entre el Sector Empresarial y Tur\u00edstico del Caribe Mexicano.","robots":{"index":"index","follow":"follow","max-snippet":"max-snippet:-1","max-image-preview":"max-image-preview:large","max-video-preview":"max-video-preview:-1"},"canonical":"https:\/\/l21.mx\/?p=56747","twitter_card":"summary_large_image","twitter_title":"Homenaje a Tina Turner | Revista Latitud 21","twitter_description":"L21, Emprendedores y Negocios en el Caribe Mexicano, es la revista l\u00edder entre el Sector Empresarial y Tur\u00edstico del Caribe Mexicano.","twitter_image":"https:\/\/l21.mx\/wp-content\/uploads\/2021\/04\/inna-german-mirada-empresarial.jpg","twitter_creator":"@Latitud21mx","twitter_site":"@Latitud21mx","twitter_misc":{"Escrito por":"NellyG","Tiempo de lectura":"2 minutos"},"schema":{"@context":"https:\/\/schema.org","@graph":[{"@type":"Article","@id":"https:\/\/l21.mx\/?p=56747#article","isPartOf":{"@id":"https:\/\/l21.mx\/?p=56747"},"author":{"name":"NellyG","@id":"https:\/\/l21.mx\/#\/schema\/person\/cca68595b80b2f6c4c55a8b254bfbb2a"},"headline":"Homenaje a Tina Turner","datePublished":"2023-06-01T15:00:35+00:00","mainEntityOfPage":{"@id":"https:\/\/l21.mx\/?p=56747"},"wordCount":432,"publisher":{"@id":"https:\/\/l21.mx\/#organization"},"image":{"@id":"https:\/\/l21.mx\/?p=56747#primaryimage"},"thumbnailUrl":"https:\/\/l21.mx\/wp-content\/uploads\/2021\/04\/inna-german-mirada-empresarial.jpg","keywords":["Tina Turner"],"articleSection":["Inna German G\u00f3mez"],"inLanguage":"es"},{"@type":"WebPage","@id":"https:\/\/l21.mx\/?p=56747","url":"https:\/\/l21.mx\/?p=56747","name":"Homenaje a Tina Turner | Revista Latitud 21","isPartOf":{"@id":"https:\/\/l21.mx\/#website"},"primaryImageOfPage":{"@id":"https:\/\/l21.mx\/?p=56747#primaryimage"},"image":{"@id":"https:\/\/l21.mx\/?p=56747#primaryimage"},"thumbnailUrl":"https:\/\/l21.mx\/wp-content\/uploads\/2021\/04\/inna-german-mirada-empresarial.jpg","datePublished":"2023-06-01T15:00:35+00:00","description":"L21, Emprendedores y Negocios en el Caribe Mexicano, es la revista l\u00edder entre el Sector Empresarial y Tur\u00edstico del Caribe Mexicano.","breadcrumb":{"@id":"https:\/\/l21.mx\/?p=56747#breadcrumb"},"inLanguage":"es","potentialAction":[{"@type":"ReadAction","target":["https:\/\/l21.mx\/?p=56747"]}]},{"@type":"ImageObject","inLanguage":"es","@id":"https:\/\/l21.mx\/?p=56747#primaryimage","url":"https:\/\/l21.mx\/wp-content\/uploads\/2021\/04\/inna-german-mirada-empresarial.jpg","contentUrl":"https:\/\/l21.mx\/wp-content\/uploads\/2021\/04\/inna-german-mirada-empresarial.jpg","width":"900","height":"599"},{"@type":"BreadcrumbList","@id":"https:\/\/l21.mx\/?p=56747#breadcrumb","itemListElement":[{"@type":"ListItem","position":1,"name":"Portada","item":"https:\/\/l21.mx\/"},{"@type":"ListItem","position":2,"name":"Homenaje a Tina Turner"}]},{"@type":"WebSite","@id":"https:\/\/l21.mx\/#website","url":"https:\/\/l21.mx\/","name":"Revista Latitud 21","description":"Emprendedores  y negocios en el Caribe Mexicano","publisher":{"@id":"https:\/\/l21.mx\/#organization"},"potentialAction":[{"@type":"SearchAction","target":{"@type":"EntryPoint","urlTemplate":"https:\/\/l21.mx\/?s={search_term_string}"},"query-input":{"@type":"PropertyValueSpecification","valueRequired":true,"valueName":"search_term_string"}}],"inLanguage":"es"},{"@type":"Organization","@id":"https:\/\/l21.mx\/#organization","name":"Grupo Editorial Latitud 21 SA de CV","url":"https:\/\/l21.mx\/","logo":{"@type":"ImageObject","inLanguage":"es","@id":"https:\/\/l21.mx\/#\/schema\/logo\/image\/","url":"https:\/\/l21.mx\/wp-content\/uploads\/2020\/10\/logo-l21-baja.jpg","contentUrl":"https:\/\/l21.mx\/wp-content\/uploads\/2020\/10\/logo-l21-baja.jpg","width":250,"height":250,"caption":"Grupo Editorial Latitud 21 SA de CV"},"image":{"@id":"https:\/\/l21.mx\/#\/schema\/logo\/image\/"},"sameAs":["https:\/\/www.facebook.com\/RevistaLatitud21\/","https:\/\/x.com\/Latitud21mx"]},{"@type":"Person","@id":"https:\/\/l21.mx\/#\/schema\/person\/cca68595b80b2f6c4c55a8b254bfbb2a","name":"NellyG","url":"https:\/\/l21.mx\/?author=100"}]}},"amp_enabled":true,"_links":{"self":[{"href":"https:\/\/l21.mx\/index.php?rest_route=\/wp\/v2\/posts\/56747","targetHints":{"allow":["GET"]}}],"collection":[{"href":"https:\/\/l21.mx\/index.php?rest_route=\/wp\/v2\/posts"}],"about":[{"href":"https:\/\/l21.mx\/index.php?rest_route=\/wp\/v2\/types\/post"}],"author":[{"embeddable":true,"href":"https:\/\/l21.mx\/index.php?rest_route=\/wp\/v2\/users\/100"}],"replies":[{"embeddable":true,"href":"https:\/\/l21.mx\/index.php?rest_route=%2Fwp%2Fv2%2Fcomments&post=56747"}],"version-history":[{"count":1,"href":"https:\/\/l21.mx\/index.php?rest_route=\/wp\/v2\/posts\/56747\/revisions"}],"predecessor-version":[{"id":56748,"href":"https:\/\/l21.mx\/index.php?rest_route=\/wp\/v2\/posts\/56747\/revisions\/56748"}],"wp:featuredmedia":[{"embeddable":true,"href":"https:\/\/l21.mx\/index.php?rest_route=\/wp\/v2\/media\/49544"}],"wp:attachment":[{"href":"https:\/\/l21.mx\/index.php?rest_route=%2Fwp%2Fv2%2Fmedia&parent=56747"}],"wp:term":[{"taxonomy":"category","embeddable":true,"href":"https:\/\/l21.mx\/index.php?rest_route=%2Fwp%2Fv2%2Fcategories&post=56747"},{"taxonomy":"post_tag","embeddable":true,"href":"https:\/\/l21.mx\/index.php?rest_route=%2Fwp%2Fv2%2Ftags&post=56747"}],"curies":[{"name":"wp","href":"https:\/\/api.w.org\/{rel}","templated":true}]}}