{"id":56763,"date":"2023-06-01T10:05:19","date_gmt":"2023-06-01T15:05:19","guid":{"rendered":"https:\/\/l21.mx\/?p=56763"},"modified":"2023-06-01T10:05:19","modified_gmt":"2023-06-01T15:05:19","slug":"los-otros-retos","status":"publish","type":"post","link":"https:\/\/l21.mx\/?p=56763","title":{"rendered":"Los otros retos"},"content":{"rendered":"<p>Siempre que escribimos sobre nuestros destinos tur\u00edsticos y particularmente Canc\u00fan, cada vez que nos entrevistan o piden nuestra opini\u00f3n, hablamos de los grandes retos en materia tur\u00edstica para consolidar a nuestro destino, para mantener los flujos de visitantes y las buenas ocupaciones, y es l\u00f3gico y entendible, pues de ello vivimos, del turismo, y de su derrama depende nuestra econom\u00eda, subsistencia y desarrollo.<\/p>\n<p>Sin embargo, en Canc\u00fan se tiene que empezar a hablar, y nos hemos tardado, de los grandes retos en desarrollo social, de los grandes rezagos, carencias y de las condiciones que, como sociedad, merecer\u00edamos tener al ser uno de los destinos tur\u00edsticos m\u00e1s importantes del mundo.<\/p>\n<p>A pesar de las fabulosas ocupaciones hoteleras, del constante incremento en operaciones a\u00e9reas, de la enorme y positiva recuperaci\u00f3n econ\u00f3mica posterior a la pandemia, en Canc\u00fan y en el resto de Quintana Roo, vivimos un caos de movilidad, una anarqu\u00eda en el desarrollo sin orden, una inseguridad galopante y una trist\u00edsima y creciente descomposici\u00f3n del tejido social, agravada por el consumo de drogas.<\/p>\n<p>Canc\u00fan es exitoso, s\u00ed, pero \u00bfQu\u00e9 hay detr\u00e1s del \u00e9xito?&#8230;<\/p>\n<p>Trabajadores que pasan 4 horas y m\u00e1s en el transporte p\u00fablico para ir y venir de sus centros de trabajo sin que exista una soluci\u00f3n l\u00f3gica; el transporte urbano lagunar que promovi\u00f3 Germ\u00e1n Orozco, que en paz descanse, sigue en espera de voluntades; los concesionarios del transporte p\u00fablico siguen operando con unidades lamentables y con esquemas de operaci\u00f3n antiqu\u00edsimos.<\/p>\n<p>Y mientras los padres trabajan arduamente, los hijos consumen marihuana, otros escalan a otras drogas y luego a temas de salud mental como la depresi\u00f3n, la ansiedad y hasta la esquizofrenia, sin que exista hasta hoy un centro de salud que permita el internamiento.<\/p>\n<p>Jovencitas violadas por sus familiares y otros temas de abuso, son parte tambi\u00e9n de los otros retos y de descomposici\u00f3n de la sociedad en esta exitosa ciudad.<\/p>\n<p>La ausencia de espacios p\u00fablicos dignos y suficientes, se suma a la trama compleja del tejido social. Reconocimiento grande, a la muy loable puesta en marcha del <em>Parque Canc\u00fan<\/em>, que sin duda viene a contribuir de manera importante, pero a\u00fan hacen falta muchos \u201cparques Canc\u00fan\u201d \u2026<\/p>\n<p>El desorden en calles y avenidas, la ausencia de nomenclatura, la falta de estacionamientos en comercios y un sinf\u00edn de etc\u00e9teras, hacen que vivamos en un caos, en medio de una anarqu\u00eda, a pesar de recibir diariamente a decenas de miles de turistas.<\/p>\n<p>Los desarrolladores quieren m\u00e1s y m\u00e1s densidad, y los empresarios, como es l\u00f3gico, m\u00e1s y m\u00e1s negocio, pero \u00bfhasta d\u00f3nde es sano crecer sin orden y sobre todo sin garantizar calidad de vida para las pr\u00f3ximas generaciones?<\/p>\n<p>Cancu\u0301n merece una reflexio\u0301n de calidad.<\/p>\n<p>Un desarrollo que eventualmente mejore el presente, pero no considere el futuro, no puede considerarse ni sustentable ni mucho menos responsable.<\/p>\n<p>&nbsp;<\/p>\n<p>&nbsp;<\/p>\n<p>&nbsp;<\/p>\n<p>&nbsp;<\/p>\n","protected":false},"excerpt":{"rendered":"<p>Siempre que escribimos sobre nuestros destinos tur\u00edsticos y particularmente Canc\u00fan, cada vez que nos entrevistan o&hellip;<\/p>\n","protected":false},"author":100,"featured_media":49525,"comment_status":"closed","ping_status":"closed","sticky":false,"template":"","format":"standard","meta":{"_acf_changed":false,"_lmt_disableupdate":"","_lmt_disable":"","_mbp_gutenberg_autopost":false,"footnotes":""},"categories":[57],"tags":[],"class_list":["post-56763","post","type-post","status-publish","format-standard","has-post-thumbnail","hentry","category-sergio-gonzalez"],"acf":[],"_links":{"self":[{"href":"https:\/\/l21.mx\/index.php?rest_route=\/wp\/v2\/posts\/56763","targetHints":{"allow":["GET"]}}],"collection":[{"href":"https:\/\/l21.mx\/index.php?rest_route=\/wp\/v2\/posts"}],"about":[{"href":"https:\/\/l21.mx\/index.php?rest_route=\/wp\/v2\/types\/post"}],"author":[{"embeddable":true,"href":"https:\/\/l21.mx\/index.php?rest_route=\/wp\/v2\/users\/100"}],"replies":[{"embeddable":true,"href":"https:\/\/l21.mx\/index.php?rest_route=%2Fwp%2Fv2%2Fcomments&post=56763"}],"version-history":[{"count":0,"href":"https:\/\/l21.mx\/index.php?rest_route=\/wp\/v2\/posts\/56763\/revisions"}],"wp:featuredmedia":[{"embeddable":true,"href":"https:\/\/l21.mx\/index.php?rest_route=\/wp\/v2\/media\/49525"}],"wp:attachment":[{"href":"https:\/\/l21.mx\/index.php?rest_route=%2Fwp%2Fv2%2Fmedia&parent=56763"}],"wp:term":[{"taxonomy":"category","embeddable":true,"href":"https:\/\/l21.mx\/index.php?rest_route=%2Fwp%2Fv2%2Fcategories&post=56763"},{"taxonomy":"post_tag","embeddable":true,"href":"https:\/\/l21.mx\/index.php?rest_route=%2Fwp%2Fv2%2Ftags&post=56763"}],"curies":[{"name":"wp","href":"https:\/\/api.w.org\/{rel}","templated":true}]}}