{"id":56878,"date":"2023-06-01T20:41:10","date_gmt":"2023-06-02T01:41:10","guid":{"rendered":"https:\/\/l21.mx\/?p=56878"},"modified":"2023-06-01T20:41:10","modified_gmt":"2023-06-02T01:41:10","slug":"impulsan-a-la-juventud-en-quintana-roo","status":"publish","type":"post","link":"https:\/\/l21.mx\/?p=56878","title":{"rendered":"Impulsan a la juventud en Quintana Roo"},"content":{"rendered":"<p>&nbsp;<\/p>\n<p>Los 11 municipios de Q. Roo tienen representante en el Consejo Estatal de la Juventud<\/p>\n<p><a href=\"https:\/\/l21.mx\/wp-content\/uploads\/2023\/06\/consejo-juvenil-1.jpg\" data-rel=\"penci-gallery-image-content\" ><img fetchpriority=\"high\" decoding=\"async\" class=\"alignnone size-medium wp-image-56915\" src=\"https:\/\/l21.mx\/wp-content\/uploads\/2023\/06\/consejo-juvenil-1-300x200.jpg\" alt=\"\" width=\"300\" height=\"200\" srcset=\"https:\/\/l21.mx\/wp-content\/uploads\/2023\/06\/consejo-juvenil-1-300x200.jpg 300w, https:\/\/l21.mx\/wp-content\/uploads\/2023\/06\/consejo-juvenil-1-1024x683.jpg 1024w, https:\/\/l21.mx\/wp-content\/uploads\/2023\/06\/consejo-juvenil-1-768x512.jpg 768w, https:\/\/l21.mx\/wp-content\/uploads\/2023\/06\/consejo-juvenil-1-1200x800.jpg 1200w, https:\/\/l21.mx\/wp-content\/uploads\/2023\/06\/consejo-juvenil-1-1170x780.jpg 1170w, https:\/\/l21.mx\/wp-content\/uploads\/2023\/06\/consejo-juvenil-1-585x390.jpg 585w, https:\/\/l21.mx\/wp-content\/uploads\/2023\/06\/consejo-juvenil-1-263x175.jpg 263w, https:\/\/l21.mx\/wp-content\/uploads\/2023\/06\/consejo-juvenil-1.jpg 1500w\" sizes=\"(max-width: 300px) 100vw, 300px\" \/><\/a><\/p>\n<p>Rindieron protesta 22 j\u00f3venes de los 11 municipios como integrantes del Consejo Estatal de la Juventud para el periodo 2023-2024.<\/p>\n<p>Es un \u00f3rgano colegiado de consulta en el que sus integrantes representan a sectores de la sociedad civil y a organismos, asociaciones o instituciones que trabajan por este sector.<\/p>\n<p>En representaci\u00f3n de la gobernadora Mara Lezama Espinosa tom\u00f3 la protesta la secretaria del Trabajo y Previsi\u00f3n Social, Flor Ruiz Cos\u00edo, quien mencion\u00f3 que las juventudes forman parte primordial del Nuevo Acuerdo con el que se busca que todas y todos participen activamente en el crecimiento del estado.<\/p>\n<p><a href=\"https:\/\/l21.mx\/wp-content\/uploads\/2023\/06\/consejo-juvenil-2.jpg\" data-rel=\"penci-gallery-image-content\" ><img decoding=\"async\" class=\"alignnone size-medium wp-image-56914\" src=\"https:\/\/l21.mx\/wp-content\/uploads\/2023\/06\/consejo-juvenil-2-300x200.jpg\" alt=\"\" width=\"300\" height=\"200\" srcset=\"https:\/\/l21.mx\/wp-content\/uploads\/2023\/06\/consejo-juvenil-2-300x200.jpg 300w, https:\/\/l21.mx\/wp-content\/uploads\/2023\/06\/consejo-juvenil-2-1024x681.jpg 1024w, https:\/\/l21.mx\/wp-content\/uploads\/2023\/06\/consejo-juvenil-2-768x511.jpg 768w, https:\/\/l21.mx\/wp-content\/uploads\/2023\/06\/consejo-juvenil-2-1200x798.jpg 1200w, https:\/\/l21.mx\/wp-content\/uploads\/2023\/06\/consejo-juvenil-2-1170x778.jpg 1170w, https:\/\/l21.mx\/wp-content\/uploads\/2023\/06\/consejo-juvenil-2-585x389.jpg 585w, https:\/\/l21.mx\/wp-content\/uploads\/2023\/06\/consejo-juvenil-2-263x175.jpg 263w, https:\/\/l21.mx\/wp-content\/uploads\/2023\/06\/consejo-juvenil-2.jpg 1500w\" sizes=\"(max-width: 300px) 100vw, 300px\" \/><\/a><\/p>\n<p>Felicit\u00f3 a las y los nuevos integrantes del Consejo y destac\u00f3 que su labor ser\u00e1 de gran relevancia para la transformaci\u00f3n.<\/p>\n<p>Por su parte, la directora general del Instituto Quintanarroense de la Juventud, Alma Alvarado Moo, agradeci\u00f3 la participaci\u00f3n de las y los j\u00f3venes y resalt\u00f3 el inter\u00e9s que gener\u00f3 la convocatoria, lo que significa que se contin\u00faa avanzando para involucrar a todas y todos en la construcci\u00f3n y mejoramiento de las acciones y de las pol\u00edticas p\u00fablicas dirigidas al sector juvenil.<\/p>\n<p>&nbsp;<\/p>\n","protected":false},"excerpt":{"rendered":"<p>&nbsp; Los 11 municipios de Q. Roo tienen representante en el Consejo Estatal de la Juventud&hellip;<\/p>\n","protected":false},"author":100,"featured_media":56913,"comment_status":"closed","ping_status":"closed","sticky":false,"template":"","format":"standard","meta":{"_acf_changed":false,"_lmt_disableupdate":"","_lmt_disable":"","_mbp_gutenberg_autopost":false,"footnotes":""},"categories":[23,1656],"tags":[],"class_list":["post-56878","post","type-post","status-publish","format-standard","has-post-thumbnail","hentry","category-noticias","category-quintana-roo"],"acf":[],"_links":{"self":[{"href":"https:\/\/l21.mx\/index.php?rest_route=\/wp\/v2\/posts\/56878","targetHints":{"allow":["GET"]}}],"collection":[{"href":"https:\/\/l21.mx\/index.php?rest_route=\/wp\/v2\/posts"}],"about":[{"href":"https:\/\/l21.mx\/index.php?rest_route=\/wp\/v2\/types\/post"}],"author":[{"embeddable":true,"href":"https:\/\/l21.mx\/index.php?rest_route=\/wp\/v2\/users\/100"}],"replies":[{"embeddable":true,"href":"https:\/\/l21.mx\/index.php?rest_route=%2Fwp%2Fv2%2Fcomments&post=56878"}],"version-history":[{"count":0,"href":"https:\/\/l21.mx\/index.php?rest_route=\/wp\/v2\/posts\/56878\/revisions"}],"wp:featuredmedia":[{"embeddable":true,"href":"https:\/\/l21.mx\/index.php?rest_route=\/wp\/v2\/media\/56913"}],"wp:attachment":[{"href":"https:\/\/l21.mx\/index.php?rest_route=%2Fwp%2Fv2%2Fmedia&parent=56878"}],"wp:term":[{"taxonomy":"category","embeddable":true,"href":"https:\/\/l21.mx\/index.php?rest_route=%2Fwp%2Fv2%2Fcategories&post=56878"},{"taxonomy":"post_tag","embeddable":true,"href":"https:\/\/l21.mx\/index.php?rest_route=%2Fwp%2Fv2%2Ftags&post=56878"}],"curies":[{"name":"wp","href":"https:\/\/api.w.org\/{rel}","templated":true}]}}