{"id":56952,"date":"2023-06-02T12:14:26","date_gmt":"2023-06-02T17:14:26","guid":{"rendered":"https:\/\/l21.mx\/?p=56952"},"modified":"2023-06-02T12:14:26","modified_gmt":"2023-06-02T17:14:26","slug":"junio-2-foro-imef-2023","status":"publish","type":"post","link":"https:\/\/l21.mx\/?p=56952","title":{"rendered":"Junio 2 \u2022 Foro IMEF 2023"},"content":{"rendered":"<p>&nbsp;<\/p>\n<p><b>Nuevamente se realizar\u00e1 el Foro IMEF, organizado por el Instituto Mexicano de Ejecutivos de Finanzas, el cual tiene como objetivo evaluar, discutir y visualizar el contexto econ\u00f3mico para afrontar la situaci\u00f3n econ\u00f3mica presente del pa\u00eds.<\/b><\/p>\n<p><b>Desde el entorno econ\u00f3mico, pol\u00edtico y financiero, se expondr\u00e1n los principales retos que tiene el sector empresarial con los nuevos modelos de negocios. En este foro se plantean diversos escenarios presentes y futuros ante la reactivaci\u00f3n de la econom\u00eda en la regi\u00f3n y el pa\u00eds y tambi\u00e9n se anunci\u00f3 la Convenci\u00f3n Nacional del IMEF en donde se dar\u00e1n cita 400 socios. Jonathan Heath, subgobernador del Banco de M\u00e9xico, ofrecer\u00e1 la conferencia magistral \u201cPerspectivas econ\u00f3micas y pol\u00edtica monetaria para toma de decisiones en el \u00e1mbito tur\u00edstico dolarizado\u201d.<\/b><\/p>\n","protected":false},"excerpt":{"rendered":"<p>&nbsp; Nuevamente se realizar\u00e1 el Foro IMEF, organizado por el Instituto Mexicano de Ejecutivos de Finanzas,&hellip;<\/p>\n","protected":false},"author":95,"featured_media":56959,"comment_status":"closed","ping_status":"closed","sticky":false,"template":"","format":"standard","meta":{"_acf_changed":false,"_lmt_disableupdate":"","_lmt_disable":"","_mbp_gutenberg_autopost":false,"footnotes":""},"categories":[476],"tags":[],"class_list":["post-56952","post","type-post","status-publish","format-standard","has-post-thumbnail","hentry","category-agenda"],"acf":[],"_links":{"self":[{"href":"https:\/\/l21.mx\/index.php?rest_route=\/wp\/v2\/posts\/56952","targetHints":{"allow":["GET"]}}],"collection":[{"href":"https:\/\/l21.mx\/index.php?rest_route=\/wp\/v2\/posts"}],"about":[{"href":"https:\/\/l21.mx\/index.php?rest_route=\/wp\/v2\/types\/post"}],"author":[{"embeddable":true,"href":"https:\/\/l21.mx\/index.php?rest_route=\/wp\/v2\/users\/95"}],"replies":[{"embeddable":true,"href":"https:\/\/l21.mx\/index.php?rest_route=%2Fwp%2Fv2%2Fcomments&post=56952"}],"version-history":[{"count":0,"href":"https:\/\/l21.mx\/index.php?rest_route=\/wp\/v2\/posts\/56952\/revisions"}],"wp:featuredmedia":[{"embeddable":true,"href":"https:\/\/l21.mx\/index.php?rest_route=\/wp\/v2\/media\/56959"}],"wp:attachment":[{"href":"https:\/\/l21.mx\/index.php?rest_route=%2Fwp%2Fv2%2Fmedia&parent=56952"}],"wp:term":[{"taxonomy":"category","embeddable":true,"href":"https:\/\/l21.mx\/index.php?rest_route=%2Fwp%2Fv2%2Fcategories&post=56952"},{"taxonomy":"post_tag","embeddable":true,"href":"https:\/\/l21.mx\/index.php?rest_route=%2Fwp%2Fv2%2Ftags&post=56952"}],"curies":[{"name":"wp","href":"https:\/\/api.w.org\/{rel}","templated":true}]}}