{"id":57119,"date":"2023-06-03T11:54:42","date_gmt":"2023-06-03T16:54:42","guid":{"rendered":"https:\/\/l21.mx\/?p=57119"},"modified":"2023-06-03T11:54:42","modified_gmt":"2023-06-03T16:54:42","slug":"torneo-de-pesca-en-puerto-morelos-por-el-dia-de-la-marina","status":"publish","type":"post","link":"https:\/\/l21.mx\/?p=57119","title":{"rendered":"Torneo de pesca en Puerto Morelos por el D\u00eda de la Marina"},"content":{"rendered":"<p>Estamos recuperando nuestra tradicional justa deportiva y convivencia de portomorelenses, en la que se suman amigos gastron\u00f3micos y artesanos<\/p>\n<p><a href=\"https:\/\/l21.mx\/wp-content\/uploads\/2023\/06\/WhatsApp-Image-2023-06-03-at-11.15.01-1.jpeg\" data-rel=\"penci-gallery-image-content\" ><img fetchpriority=\"high\" decoding=\"async\" class=\"alignnone size-medium wp-image-57121\" src=\"https:\/\/l21.mx\/wp-content\/uploads\/2023\/06\/WhatsApp-Image-2023-06-03-at-11.15.01-1-300x201.jpeg\" alt=\"\" width=\"300\" height=\"201\" srcset=\"https:\/\/l21.mx\/wp-content\/uploads\/2023\/06\/WhatsApp-Image-2023-06-03-at-11.15.01-1-300x201.jpeg 300w, https:\/\/l21.mx\/wp-content\/uploads\/2023\/06\/WhatsApp-Image-2023-06-03-at-11.15.01-1-1024x685.jpeg 1024w, https:\/\/l21.mx\/wp-content\/uploads\/2023\/06\/WhatsApp-Image-2023-06-03-at-11.15.01-1-768x514.jpeg 768w, https:\/\/l21.mx\/wp-content\/uploads\/2023\/06\/WhatsApp-Image-2023-06-03-at-11.15.01-1-1200x803.jpeg 1200w, https:\/\/l21.mx\/wp-content\/uploads\/2023\/06\/WhatsApp-Image-2023-06-03-at-11.15.01-1-1170x782.jpeg 1170w, https:\/\/l21.mx\/wp-content\/uploads\/2023\/06\/WhatsApp-Image-2023-06-03-at-11.15.01-1-585x391.jpeg 585w, https:\/\/l21.mx\/wp-content\/uploads\/2023\/06\/WhatsApp-Image-2023-06-03-at-11.15.01-1-263x175.jpeg 263w, https:\/\/l21.mx\/wp-content\/uploads\/2023\/06\/WhatsApp-Image-2023-06-03-at-11.15.01-1.jpeg 1280w\" sizes=\"(max-width: 300px) 100vw, 300px\" \/><\/a><\/p>\n<p>Puerto Morelos, Quintana Roo a 3 de junio de 2023.- Con motivo de los festejos del D\u00eda de la Marina, la presidenta municipal de Puerto Morelos, Blanca Merari Tziu, dio el disparo de salida a las embarcaciones que participan en el concurso de pesca deportiva \u00abCaptura y Suelta\u00bb, en el muelle de Pescadores y salud\u00f3 a las y los participantes de las actividades deportivas que se realizan en la Playa de La Ventana al M ar.<\/p>\n<p>En este marco la presidenta municipal, reconoci\u00f3 la participaci\u00f3n de todas las dependencias del gobierno municipal para recuperar una tradici\u00f3n del pueblo portomorelense, con actividades como zumba, f\u00fatbol y v\u00f3libol de playa, carrera de costales, el tradicional palo encebado, as\u00ed como competencia de nataci\u00f3n, ademas de una exhibici\u00f3n de ejerc\u00edo funcional de elementos de Secretar\u00eda de Seguridad P\u00fablica,Sedena, Marina y Protecci\u00f3n Civil, entre otras actividades.<\/p>\n<p>\u00abEstamos recuperando esta tradici\u00f3n con el esfuerzo y la participaci\u00f3n de todos, fomentando las actividades deportivas y la sana convivencia de nuestra gente. Que adem\u00e1s generar\u00e1 un incentivos a nuestra econom\u00eda local\u00bb, apunt\u00f3.<\/p>\n<p>La Alcaldesa, salud\u00f3 a las mujeres que participaron en la clase de zumba y presenci\u00f3 el partido femenil de f\u00fatbol, luego de saludar a todos los capitanes de las 20 embarcaciones participantes previo a dar el disparo.<\/p>\n<p><a href=\"https:\/\/l21.mx\/wp-content\/uploads\/2023\/06\/WhatsApp-Image-2023-06-03-at-11.15.02.jpeg\" data-rel=\"penci-gallery-image-content\" ><img decoding=\"async\" class=\"alignnone size-medium wp-image-57120\" src=\"https:\/\/l21.mx\/wp-content\/uploads\/2023\/06\/WhatsApp-Image-2023-06-03-at-11.15.02-300x197.jpeg\" alt=\"\" width=\"300\" height=\"197\" srcset=\"https:\/\/l21.mx\/wp-content\/uploads\/2023\/06\/WhatsApp-Image-2023-06-03-at-11.15.02-300x197.jpeg 300w, https:\/\/l21.mx\/wp-content\/uploads\/2023\/06\/WhatsApp-Image-2023-06-03-at-11.15.02-1024x671.jpeg 1024w, https:\/\/l21.mx\/wp-content\/uploads\/2023\/06\/WhatsApp-Image-2023-06-03-at-11.15.02-768x503.jpeg 768w, https:\/\/l21.mx\/wp-content\/uploads\/2023\/06\/WhatsApp-Image-2023-06-03-at-11.15.02-1200x787.jpeg 1200w, https:\/\/l21.mx\/wp-content\/uploads\/2023\/06\/WhatsApp-Image-2023-06-03-at-11.15.02-1170x767.jpeg 1170w, https:\/\/l21.mx\/wp-content\/uploads\/2023\/06\/WhatsApp-Image-2023-06-03-at-11.15.02-780x516.jpeg 780w, https:\/\/l21.mx\/wp-content\/uploads\/2023\/06\/WhatsApp-Image-2023-06-03-at-11.15.02-585x383.jpeg 585w, https:\/\/l21.mx\/wp-content\/uploads\/2023\/06\/WhatsApp-Image-2023-06-03-at-11.15.02.jpeg 1280w\" sizes=\"(max-width: 300px) 100vw, 300px\" \/><\/a><\/p>\n<p>Entre las embarcaciones que participan est\u00e1n \u00c1ngel de los Mares, Fast Acci\u00f3n, El Patr\u00f3n, Pescadora 1, Fernanda, Big Boss, Pelana, Blak Marlin y Morbiaan entre otras.<\/p>\n<p>Por su parte, el director general de Deporte, Miguel Angel Chimal indic\u00f3 que estar\u00e1n en las justas deportivas alrededor de 600 j\u00f3venes del Colegio de Bachilleres y se entregar\u00e1n premios a los primeros y segundos lugares de los torneos, ademas se obsequiaran pases para parques tem\u00e1ticos.<br \/>\nCabe se\u00f1alar que a este gran festival se sumaran restauranteros y artesanos donde se podr\u00e1n degustar los platillos de cada local y adquirir los productos que elaboran las manos de las y los portomorelenses.<\/p>\n","protected":false},"excerpt":{"rendered":"<p>Estamos recuperando nuestra tradicional justa deportiva y convivencia de portomorelenses, en la que se suman amigos&hellip;<\/p>\n","protected":false},"author":100,"featured_media":57122,"comment_status":"closed","ping_status":"closed","sticky":false,"template":"","format":"standard","meta":{"_acf_changed":false,"_lmt_disableupdate":"","_lmt_disable":"","_mbp_gutenberg_autopost":false,"footnotes":""},"categories":[23,1656],"tags":[],"class_list":["post-57119","post","type-post","status-publish","format-standard","has-post-thumbnail","hentry","category-noticias","category-quintana-roo"],"acf":[],"_links":{"self":[{"href":"https:\/\/l21.mx\/index.php?rest_route=\/wp\/v2\/posts\/57119","targetHints":{"allow":["GET"]}}],"collection":[{"href":"https:\/\/l21.mx\/index.php?rest_route=\/wp\/v2\/posts"}],"about":[{"href":"https:\/\/l21.mx\/index.php?rest_route=\/wp\/v2\/types\/post"}],"author":[{"embeddable":true,"href":"https:\/\/l21.mx\/index.php?rest_route=\/wp\/v2\/users\/100"}],"replies":[{"embeddable":true,"href":"https:\/\/l21.mx\/index.php?rest_route=%2Fwp%2Fv2%2Fcomments&post=57119"}],"version-history":[{"count":0,"href":"https:\/\/l21.mx\/index.php?rest_route=\/wp\/v2\/posts\/57119\/revisions"}],"wp:featuredmedia":[{"embeddable":true,"href":"https:\/\/l21.mx\/index.php?rest_route=\/wp\/v2\/media\/57122"}],"wp:attachment":[{"href":"https:\/\/l21.mx\/index.php?rest_route=%2Fwp%2Fv2%2Fmedia&parent=57119"}],"wp:term":[{"taxonomy":"category","embeddable":true,"href":"https:\/\/l21.mx\/index.php?rest_route=%2Fwp%2Fv2%2Fcategories&post=57119"},{"taxonomy":"post_tag","embeddable":true,"href":"https:\/\/l21.mx\/index.php?rest_route=%2Fwp%2Fv2%2Ftags&post=57119"}],"curies":[{"name":"wp","href":"https:\/\/api.w.org\/{rel}","templated":true}]}}