{"id":57164,"date":"2023-06-06T11:15:01","date_gmt":"2023-06-06T16:15:01","guid":{"rendered":"https:\/\/l21.mx\/?p=57164"},"modified":"2023-06-07T11:16:14","modified_gmt":"2023-06-07T16:16:14","slug":"la-renovacion-va-fuerte-en-villas-del-sol-con-inicio-de-obras","status":"publish","type":"post","link":"https:\/\/l21.mx\/?p=57164","title":{"rendered":"La renovaci\u00f3n va fuerte en Villas del Sol con inicio de obras"},"content":{"rendered":"<p>&nbsp;<\/p>\n<p>Lili Campos inici\u00f3 la construcci\u00f3n de un paradero de transporte, equipado con bancas, internet, iluminaci\u00f3n y bot\u00f3n de p\u00e1nico<\/p>\n<p><a href=\"https:\/\/l21.mx\/wp-content\/uploads\/2023\/06\/WhatsApp-Image-2023-06-06-at-20.10.02.jpeg\" data-rel=\"penci-gallery-image-content\" ><img fetchpriority=\"high\" decoding=\"async\" class=\"alignnone size-medium wp-image-57166\" src=\"https:\/\/l21.mx\/wp-content\/uploads\/2023\/06\/WhatsApp-Image-2023-06-06-at-20.10.02-300x212.jpeg\" alt=\"\" width=\"300\" height=\"212\" srcset=\"https:\/\/l21.mx\/wp-content\/uploads\/2023\/06\/WhatsApp-Image-2023-06-06-at-20.10.02-300x212.jpeg 300w, https:\/\/l21.mx\/wp-content\/uploads\/2023\/06\/WhatsApp-Image-2023-06-06-at-20.10.02-1024x724.jpeg 1024w, https:\/\/l21.mx\/wp-content\/uploads\/2023\/06\/WhatsApp-Image-2023-06-06-at-20.10.02-768x543.jpeg 768w, https:\/\/l21.mx\/wp-content\/uploads\/2023\/06\/WhatsApp-Image-2023-06-06-at-20.10.02-1200x849.jpeg 1200w, https:\/\/l21.mx\/wp-content\/uploads\/2023\/06\/WhatsApp-Image-2023-06-06-at-20.10.02-1170x828.jpeg 1170w, https:\/\/l21.mx\/wp-content\/uploads\/2023\/06\/WhatsApp-Image-2023-06-06-at-20.10.02-585x414.jpeg 585w, https:\/\/l21.mx\/wp-content\/uploads\/2023\/06\/WhatsApp-Image-2023-06-06-at-20.10.02.jpeg 1206w\" sizes=\"(max-width: 300px) 100vw, 300px\" \/><\/a><\/p>\n<p>Playa del Carmen, Solidaridad, 6 de junio del 2023.- A fin de dignificar la vida de las familias, la presidenta Lili Campos presenci\u00f3 en Villas del Sol el inicio de obra del paradero del transporte p\u00fablico, el cual ser\u00e1 el m\u00e1s grande de Solidaridad. Adelant\u00f3 que la pr\u00f3xima semana iniciar\u00e1 la construcci\u00f3n de la Unidad deportiva en ese mismo fraccionamiento, banquetas en la avenida Loros, pasos peatonales y el programa de \u00abPinta tu Fachada\u00bb.<\/p>\n<p>Acompa\u00f1ada de ciudadanos y funcionarios, Lili Campos se\u00f1al\u00f3 que la renovaci\u00f3n de Solidaridad contin\u00faa fuerte, con 42 obras y 14 acciones aprobadas para este 2023. \u00abSin embargo, ajustando el presupuesto ser\u00e1n mucho m\u00e1s, porque los solidarenses se merecen obras y acciones acertadas, como \u00e9sta, donde trabajadores, estudiantes, amas de casa, se beneficiar\u00e1n al contar con un paradero digno, seguro y protegidos de las inclemencias del tiempo\u00bb, afirm\u00f3.<\/p>\n<p>La secretaria de Infraestructura y Obra P\u00fablica, Teresita Flota, inform\u00f3 que el paradero ser\u00e1 construido en las avenidas Pavo Real entre Las Cig\u00fce\u00f1as y CTM, mismo que contar\u00e1 con 30 metros de longitud, tres m\u00f3dulos techados, iluminaci\u00f3n, internet, bot\u00f3n de p\u00e1nico para mayor seguridad de las mujeres, c\u00e1maras de vigilancia que ser\u00e1n conectadas al C-4, bancas de descanso para pasajeros, con recursos del Fortalecimiento Municipal (Fortamun) en beneficio de m\u00e1s de 120 mil habitantes.<\/p>\n<p><a href=\"https:\/\/l21.mx\/wp-content\/uploads\/2023\/06\/WhatsApp-Image-2023-06-06-at-20.10.04.jpeg\" data-rel=\"penci-gallery-image-content\" ><img decoding=\"async\" class=\"alignnone size-medium wp-image-57165\" src=\"https:\/\/l21.mx\/wp-content\/uploads\/2023\/06\/WhatsApp-Image-2023-06-06-at-20.10.04-300x200.jpeg\" alt=\"\" width=\"300\" height=\"200\" srcset=\"https:\/\/l21.mx\/wp-content\/uploads\/2023\/06\/WhatsApp-Image-2023-06-06-at-20.10.04-300x200.jpeg 300w, https:\/\/l21.mx\/wp-content\/uploads\/2023\/06\/WhatsApp-Image-2023-06-06-at-20.10.04-1024x682.jpeg 1024w, https:\/\/l21.mx\/wp-content\/uploads\/2023\/06\/WhatsApp-Image-2023-06-06-at-20.10.04-768x512.jpeg 768w, https:\/\/l21.mx\/wp-content\/uploads\/2023\/06\/WhatsApp-Image-2023-06-06-at-20.10.04-1200x800.jpeg 1200w, https:\/\/l21.mx\/wp-content\/uploads\/2023\/06\/WhatsApp-Image-2023-06-06-at-20.10.04-1170x780.jpeg 1170w, https:\/\/l21.mx\/wp-content\/uploads\/2023\/06\/WhatsApp-Image-2023-06-06-at-20.10.04-585x390.jpeg 585w, https:\/\/l21.mx\/wp-content\/uploads\/2023\/06\/WhatsApp-Image-2023-06-06-at-20.10.04-263x175.jpeg 263w, https:\/\/l21.mx\/wp-content\/uploads\/2023\/06\/WhatsApp-Image-2023-06-06-at-20.10.04.jpeg 1280w\" sizes=\"(max-width: 300px) 100vw, 300px\" \/><\/a><br \/>\nLili Campos a\u00f1adi\u00f3 que el municipio se est\u00e1 renovando con obras que requiere, para continuar como destino tur\u00edstico l\u00edder y de calidad mundial. \u00abContinuaremos construyendo pozos de absorci\u00f3n para evitar encharcamientos, banquetas para el desplazamiento seguro de peatones, iluminaci\u00f3n, rehabilitaci\u00f3n de la red de agua potable, m\u00e1s espacios deportivos y servicios p\u00fablicos de calidad para todos\u00bb, precis\u00f3 ante vecinos que acudieron a constatar este inicio, coincidiendo en la importancia de esta obra para el fraccionamiento m\u00e1s habitado de Solidaridad.<\/p>\n","protected":false},"excerpt":{"rendered":"<p>&nbsp; Lili Campos inici\u00f3 la construcci\u00f3n de un paradero de transporte, equipado con bancas, internet, iluminaci\u00f3n&hellip;<\/p>\n","protected":false},"author":100,"featured_media":57167,"comment_status":"closed","ping_status":"closed","sticky":false,"template":"","format":"standard","meta":{"_acf_changed":false,"_lmt_disableupdate":"","_lmt_disable":"","_mbp_gutenberg_autopost":false,"footnotes":""},"categories":[1654],"tags":[],"class_list":["post-57164","post","type-post","status-publish","format-standard","has-post-thumbnail","hentry","category-solidaridad"],"acf":[],"_links":{"self":[{"href":"https:\/\/l21.mx\/index.php?rest_route=\/wp\/v2\/posts\/57164","targetHints":{"allow":["GET"]}}],"collection":[{"href":"https:\/\/l21.mx\/index.php?rest_route=\/wp\/v2\/posts"}],"about":[{"href":"https:\/\/l21.mx\/index.php?rest_route=\/wp\/v2\/types\/post"}],"author":[{"embeddable":true,"href":"https:\/\/l21.mx\/index.php?rest_route=\/wp\/v2\/users\/100"}],"replies":[{"embeddable":true,"href":"https:\/\/l21.mx\/index.php?rest_route=%2Fwp%2Fv2%2Fcomments&post=57164"}],"version-history":[{"count":0,"href":"https:\/\/l21.mx\/index.php?rest_route=\/wp\/v2\/posts\/57164\/revisions"}],"wp:featuredmedia":[{"embeddable":true,"href":"https:\/\/l21.mx\/index.php?rest_route=\/wp\/v2\/media\/57167"}],"wp:attachment":[{"href":"https:\/\/l21.mx\/index.php?rest_route=%2Fwp%2Fv2%2Fmedia&parent=57164"}],"wp:term":[{"taxonomy":"category","embeddable":true,"href":"https:\/\/l21.mx\/index.php?rest_route=%2Fwp%2Fv2%2Fcategories&post=57164"},{"taxonomy":"post_tag","embeddable":true,"href":"https:\/\/l21.mx\/index.php?rest_route=%2Fwp%2Fv2%2Ftags&post=57164"}],"curies":[{"name":"wp","href":"https:\/\/api.w.org\/{rel}","templated":true}]}}