{"id":57234,"date":"2023-06-09T14:47:10","date_gmt":"2023-06-09T19:47:10","guid":{"rendered":"https:\/\/l21.mx\/?p=57234"},"modified":"2023-06-09T14:47:10","modified_gmt":"2023-06-09T19:47:10","slug":"concluye-participacion-canotaje-quintanarroense-de-los-nacionales-conade-2023","status":"publish","type":"post","link":"https:\/\/l21.mx\/?p=57234","title":{"rendered":"Concluye participaci\u00f3n canotaje quintanarroense de los Nacionales CONADE 2023"},"content":{"rendered":"<p>&nbsp;<\/p>\n<p>El equipo de canotaje de Quintana Roo concluyo su participaci\u00f3n en los Nacionales CONADE 2023, esto luego de disputarse el \u00faltimo d\u00eda de pruebas en la Pista Panamericana de Remo y Canotaje, ubicada en la Laguna de Zapotl\u00e1n en Cd. Guzm\u00e1n, Jalisco, donde las y los atletas de la entidad dieron su mayor esfuerzo en cada d\u00eda de competencias.<\/p>\n<p><a href=\"https:\/\/l21.mx\/wp-content\/uploads\/2023\/06\/canotaje-3.jpeg\" data-rel=\"penci-gallery-image-content\" ><img fetchpriority=\"high\" decoding=\"async\" class=\"alignnone size-medium wp-image-57237\" src=\"https:\/\/l21.mx\/wp-content\/uploads\/2023\/06\/canotaje-3-300x200.jpeg\" alt=\"\" width=\"300\" height=\"200\" srcset=\"https:\/\/l21.mx\/wp-content\/uploads\/2023\/06\/canotaje-3-300x200.jpeg 300w, https:\/\/l21.mx\/wp-content\/uploads\/2023\/06\/canotaje-3-1024x682.jpeg 1024w, https:\/\/l21.mx\/wp-content\/uploads\/2023\/06\/canotaje-3-768x512.jpeg 768w, https:\/\/l21.mx\/wp-content\/uploads\/2023\/06\/canotaje-3-1200x800.jpeg 1200w, https:\/\/l21.mx\/wp-content\/uploads\/2023\/06\/canotaje-3-1170x780.jpeg 1170w, https:\/\/l21.mx\/wp-content\/uploads\/2023\/06\/canotaje-3-585x390.jpeg 585w, https:\/\/l21.mx\/wp-content\/uploads\/2023\/06\/canotaje-3-263x175.jpeg 263w, https:\/\/l21.mx\/wp-content\/uploads\/2023\/06\/canotaje-3.jpeg 1280w\" sizes=\"(max-width: 300px) 100vw, 300px\" \/><\/a><\/p>\n<p>\u201cEsta delegaci\u00f3n finaliz\u00f3 su participaci\u00f3n con una medalla de bronce, que se logr\u00f3 en los primeros d\u00edas de competencia, estamos muy felices por la entrega de las y los atletas, en esta edici\u00f3n el equipo cont\u00f3 con deportistas que tuvieron su primera experiencia en la justa nacional y que esto les servir\u00e1 para futuras ediciones\u201d, coment\u00f3 Eric Arcila Arjona, presidente de la Comisi\u00f3n para la Juventud y el Deporte de Quintana Roo (COJUDEQ).<\/p>\n<p>En el \u00faltimo d\u00eda de pruebas, entr\u00f3 en acci\u00f3n Leslie \u00c1lvarez Carranza, quien fue una de las encargadas de dar el cerrojazo final en los 200 metros C-1 femenil categor\u00eda 17-18 a\u00f1os, logrando ubicarse en la quinta posici\u00f3n. En lo que respecta a la prueba del K-1200 metros, Yosafat P\u00e9rez P\u00e9rez lleg\u00f3 en la quinta plaza con tiempo de 42 segundo.<\/p>\n<p>Cabe recordar que la \u00fanica medalla obtenida por este equipo fue de una de bronce, que se lo adjudic\u00f3 el joven H\u00e9ctor Guti\u00e9rrez Paz en la prueba de los 500 metros C-1 categor\u00eda 17-18 a\u00f1os.<\/p>\n<p><a href=\"https:\/\/l21.mx\/wp-content\/uploads\/2023\/06\/canotaje-1.jpeg\" data-rel=\"penci-gallery-image-content\" ><img decoding=\"async\" class=\"alignnone size-medium wp-image-57235\" src=\"https:\/\/l21.mx\/wp-content\/uploads\/2023\/06\/canotaje-1-300x200.jpeg\" alt=\"\" width=\"300\" height=\"200\" srcset=\"https:\/\/l21.mx\/wp-content\/uploads\/2023\/06\/canotaje-1-300x200.jpeg 300w, https:\/\/l21.mx\/wp-content\/uploads\/2023\/06\/canotaje-1-1024x682.jpeg 1024w, https:\/\/l21.mx\/wp-content\/uploads\/2023\/06\/canotaje-1-768x512.jpeg 768w, https:\/\/l21.mx\/wp-content\/uploads\/2023\/06\/canotaje-1-1200x800.jpeg 1200w, https:\/\/l21.mx\/wp-content\/uploads\/2023\/06\/canotaje-1-1170x780.jpeg 1170w, https:\/\/l21.mx\/wp-content\/uploads\/2023\/06\/canotaje-1-585x390.jpeg 585w, https:\/\/l21.mx\/wp-content\/uploads\/2023\/06\/canotaje-1-263x175.jpeg 263w, https:\/\/l21.mx\/wp-content\/uploads\/2023\/06\/canotaje-1.jpeg 1280w\" sizes=\"(max-width: 300px) 100vw, 300px\" \/><\/a><\/p>\n","protected":false},"excerpt":{"rendered":"<p>&nbsp; El equipo de canotaje de Quintana Roo concluyo su participaci\u00f3n en los Nacionales CONADE 2023,&hellip;<\/p>\n","protected":false},"author":100,"featured_media":57236,"comment_status":"closed","ping_status":"closed","sticky":false,"template":"","format":"standard","meta":{"_acf_changed":false,"_lmt_disableupdate":"","_lmt_disable":"","_mbp_gutenberg_autopost":false,"footnotes":""},"categories":[1689],"tags":[],"class_list":["post-57234","post","type-post","status-publish","format-standard","has-post-thumbnail","hentry","category-deporte-y-salud"],"acf":[],"_links":{"self":[{"href":"https:\/\/l21.mx\/index.php?rest_route=\/wp\/v2\/posts\/57234","targetHints":{"allow":["GET"]}}],"collection":[{"href":"https:\/\/l21.mx\/index.php?rest_route=\/wp\/v2\/posts"}],"about":[{"href":"https:\/\/l21.mx\/index.php?rest_route=\/wp\/v2\/types\/post"}],"author":[{"embeddable":true,"href":"https:\/\/l21.mx\/index.php?rest_route=\/wp\/v2\/users\/100"}],"replies":[{"embeddable":true,"href":"https:\/\/l21.mx\/index.php?rest_route=%2Fwp%2Fv2%2Fcomments&post=57234"}],"version-history":[{"count":0,"href":"https:\/\/l21.mx\/index.php?rest_route=\/wp\/v2\/posts\/57234\/revisions"}],"wp:featuredmedia":[{"embeddable":true,"href":"https:\/\/l21.mx\/index.php?rest_route=\/wp\/v2\/media\/57236"}],"wp:attachment":[{"href":"https:\/\/l21.mx\/index.php?rest_route=%2Fwp%2Fv2%2Fmedia&parent=57234"}],"wp:term":[{"taxonomy":"category","embeddable":true,"href":"https:\/\/l21.mx\/index.php?rest_route=%2Fwp%2Fv2%2Fcategories&post=57234"},{"taxonomy":"post_tag","embeddable":true,"href":"https:\/\/l21.mx\/index.php?rest_route=%2Fwp%2Fv2%2Ftags&post=57234"}],"curies":[{"name":"wp","href":"https:\/\/api.w.org\/{rel}","templated":true}]}}