{"id":57270,"date":"2023-06-10T21:38:51","date_gmt":"2023-06-11T02:38:51","guid":{"rendered":"https:\/\/l21.mx\/?p=57270"},"modified":"2023-06-10T21:38:51","modified_gmt":"2023-06-11T02:38:51","slug":"logra-quintana-roo-150-medallas-en-los-nacionales-conade-2023","status":"publish","type":"post","link":"https:\/\/l21.mx\/?p=57270","title":{"rendered":"Logra Quintana Roo 150 medallas en los Nacionales CONADE 2023"},"content":{"rendered":"<p>&#8211; El equipo de tiro con arco cerr\u00f3 su participaci\u00f3n sumando ocho preseas m\u00e1s en las \u00faltimas pruebas en Aguascalientes<\/p>\n<p><a href=\"https:\/\/l21.mx\/wp-content\/uploads\/2023\/06\/WhatsApp-Image-2023-06-10-at-17.16.38.jpeg\" data-rel=\"penci-gallery-image-content\" ><img fetchpriority=\"high\" decoding=\"async\" class=\"alignnone size-medium wp-image-57274\" src=\"https:\/\/l21.mx\/wp-content\/uploads\/2023\/06\/WhatsApp-Image-2023-06-10-at-17.16.38-225x300.jpeg\" alt=\"\" width=\"225\" height=\"300\" srcset=\"https:\/\/l21.mx\/wp-content\/uploads\/2023\/06\/WhatsApp-Image-2023-06-10-at-17.16.38-225x300.jpeg 225w, https:\/\/l21.mx\/wp-content\/uploads\/2023\/06\/WhatsApp-Image-2023-06-10-at-17.16.38-768x1024.jpeg 768w, https:\/\/l21.mx\/wp-content\/uploads\/2023\/06\/WhatsApp-Image-2023-06-10-at-17.16.38-675x900.jpeg 675w, https:\/\/l21.mx\/wp-content\/uploads\/2023\/06\/WhatsApp-Image-2023-06-10-at-17.16.38-585x780.jpeg 585w, https:\/\/l21.mx\/wp-content\/uploads\/2023\/06\/WhatsApp-Image-2023-06-10-at-17.16.38.jpeg 960w\" sizes=\"(max-width: 225px) 100vw, 225px\" \/><\/a><\/p>\n<p>La delegaci\u00f3n de tiro con arco de Quintana Roo tuvo un cierre de competencias muy productivo en los Nacionales CONADE 2023, luego de sumar ocho preseas m\u00e1s (cuatro platas y cuatro bronces) en el \u00faltimo de pruebas de esta disciplina y de paso esta \u201ccosecha\u201d aport\u00f3 al medallero general de la entidad que suma 150 metales al momento.<\/p>\n<p>\u201cEstamos muy felices por este resultado, las y los arqueros quintanarroenses al final sumaron 17 preseas y de paso le dieron a nuestro estado la medalla 150, estamos muy orgullosos por lo que est\u00e1n logrando nuestros deportistas, la competencia sigue y sabemos que seguir\u00e1n cayendo medallas para la causa\u201d, coment\u00f3 Eric Arcila Arjona, presidente de la Comisi\u00f3n para la Juventud y el Deporte de Quintana Roo.<\/p>\n<p><a href=\"https:\/\/l21.mx\/wp-content\/uploads\/2023\/06\/WhatsApp-Image-2023-06-10-at-17.16.36-1.jpeg\" data-rel=\"penci-gallery-image-content\" ><img decoding=\"async\" class=\"alignnone size-medium wp-image-57273\" src=\"https:\/\/l21.mx\/wp-content\/uploads\/2023\/06\/WhatsApp-Image-2023-06-10-at-17.16.36-1-225x300.jpeg\" alt=\"\" width=\"225\" height=\"300\" srcset=\"https:\/\/l21.mx\/wp-content\/uploads\/2023\/06\/WhatsApp-Image-2023-06-10-at-17.16.36-1-225x300.jpeg 225w, https:\/\/l21.mx\/wp-content\/uploads\/2023\/06\/WhatsApp-Image-2023-06-10-at-17.16.36-1-768x1024.jpeg 768w, https:\/\/l21.mx\/wp-content\/uploads\/2023\/06\/WhatsApp-Image-2023-06-10-at-17.16.36-1-1152x1536.jpeg 1152w, https:\/\/l21.mx\/wp-content\/uploads\/2023\/06\/WhatsApp-Image-2023-06-10-at-17.16.36-1-675x900.jpeg 675w, https:\/\/l21.mx\/wp-content\/uploads\/2023\/06\/WhatsApp-Image-2023-06-10-at-17.16.36-1-1170x1560.jpeg 1170w, https:\/\/l21.mx\/wp-content\/uploads\/2023\/06\/WhatsApp-Image-2023-06-10-at-17.16.36-1-585x780.jpeg 585w, https:\/\/l21.mx\/wp-content\/uploads\/2023\/06\/WhatsApp-Image-2023-06-10-at-17.16.36-1.jpeg 1200w\" sizes=\"(max-width: 225px) 100vw, 225px\" \/><\/a><\/p>\n<p>En lo que fue el \u00faltimo d\u00eda de competencias, escenificado en los Campos Deportivos del Cruz Azul en Aguascalientes, el equipo quintanarroense resalt\u00f3 en las Rondas Ol\u00edmpicas, y es que los atletas V\u00edctor Mateo Garc\u00eda G\u00fcemes, Zulema Isabel Ram\u00edrez Nava y Ana Laura V\u00e1zquez Saucedo cada uno se adjudic\u00f3 una medalla de plata.<\/p>\n<p>En esta misma divisi\u00f3n tambi\u00e9n se lograron dos bronces de la mano de Diego Fernando G\u00f3ngora Trujillo y Sa\u00fal Jared Pech Chi, cada uno.<\/p>\n<p>Otra plata para la entidad fue en la prueba Por Equipos, donde resalt\u00f3 el conjunto integrado por los arqueros quintanarroenses Roberto Jes\u00fas Sarti Mendoza, Eliud Fernando Elizondo Mack y Carlos Manuel Sosa L\u00f3pez.<\/p>\n<p>Finalmente, en las pruebas de Doble Mixtos se concretaron otros dos bronces, uno lo obtuvo la dupla de Ana Sof\u00eda Hern\u00e1ndez Hern\u00e1ndez y Gabriel Alberto Jaramillo Serralta; y el otro metal lo lograron Itzuri Ailen Cahum Garc\u00eda y Diego Fernando G\u00f3ngora Trujillo.<\/p>\n<p><a href=\"https:\/\/l21.mx\/wp-content\/uploads\/2023\/06\/WhatsApp-Image-2023-06-10-at-17.16.38-1.jpeg\" data-rel=\"penci-gallery-image-content\" ><img decoding=\"async\" class=\"alignnone size-medium wp-image-57271\" src=\"https:\/\/l21.mx\/wp-content\/uploads\/2023\/06\/WhatsApp-Image-2023-06-10-at-17.16.38-1-225x300.jpeg\" alt=\"\" width=\"225\" height=\"300\" srcset=\"https:\/\/l21.mx\/wp-content\/uploads\/2023\/06\/WhatsApp-Image-2023-06-10-at-17.16.38-1-225x300.jpeg 225w, https:\/\/l21.mx\/wp-content\/uploads\/2023\/06\/WhatsApp-Image-2023-06-10-at-17.16.38-1-768x1024.jpeg 768w, https:\/\/l21.mx\/wp-content\/uploads\/2023\/06\/WhatsApp-Image-2023-06-10-at-17.16.38-1-1152x1536.jpeg 1152w, https:\/\/l21.mx\/wp-content\/uploads\/2023\/06\/WhatsApp-Image-2023-06-10-at-17.16.38-1-675x900.jpeg 675w, https:\/\/l21.mx\/wp-content\/uploads\/2023\/06\/WhatsApp-Image-2023-06-10-at-17.16.38-1-1170x1560.jpeg 1170w, https:\/\/l21.mx\/wp-content\/uploads\/2023\/06\/WhatsApp-Image-2023-06-10-at-17.16.38-1-585x780.jpeg 585w, https:\/\/l21.mx\/wp-content\/uploads\/2023\/06\/WhatsApp-Image-2023-06-10-at-17.16.38-1.jpeg 1200w\" sizes=\"(max-width: 225px) 100vw, 225px\" \/><\/a><\/p>\n<p>Con este resultado, el equipo de tiro con arco super\u00f3 el n\u00famero de medallas obtenidas en la pasada edici\u00f3n 2022, cuando se consum\u00f3 siete preseas y para este 2023 se concretaron 17 medallas; adem\u00e1s, con esto la entidad lleg\u00f3 a los 150 metales, que son 37 oros, 53 platas y 60 bronces, en lo que va de la justa.<\/p>\n<p>El equipo quintanarroense estuvo complementado por los entrenadores Hugo Garc\u00eda Hern\u00e1ndez, Laura Jaqueline Sosa Serralta y Joan Jes\u00fas Chuc Canche, adem\u00e1s de la delegada Hilda Martell Mitchell.<\/p>\n","protected":false},"excerpt":{"rendered":"<p>&#8211; El equipo de tiro con arco cerr\u00f3 su participaci\u00f3n sumando ocho preseas m\u00e1s en las&hellip;<\/p>\n","protected":false},"author":100,"featured_media":57272,"comment_status":"closed","ping_status":"closed","sticky":false,"template":"","format":"standard","meta":{"_acf_changed":false,"_lmt_disableupdate":"","_lmt_disable":"","_mbp_gutenberg_autopost":false,"footnotes":""},"categories":[1689],"tags":[],"class_list":["post-57270","post","type-post","status-publish","format-standard","has-post-thumbnail","hentry","category-deporte-y-salud"],"acf":[],"_links":{"self":[{"href":"https:\/\/l21.mx\/index.php?rest_route=\/wp\/v2\/posts\/57270","targetHints":{"allow":["GET"]}}],"collection":[{"href":"https:\/\/l21.mx\/index.php?rest_route=\/wp\/v2\/posts"}],"about":[{"href":"https:\/\/l21.mx\/index.php?rest_route=\/wp\/v2\/types\/post"}],"author":[{"embeddable":true,"href":"https:\/\/l21.mx\/index.php?rest_route=\/wp\/v2\/users\/100"}],"replies":[{"embeddable":true,"href":"https:\/\/l21.mx\/index.php?rest_route=%2Fwp%2Fv2%2Fcomments&post=57270"}],"version-history":[{"count":0,"href":"https:\/\/l21.mx\/index.php?rest_route=\/wp\/v2\/posts\/57270\/revisions"}],"wp:featuredmedia":[{"embeddable":true,"href":"https:\/\/l21.mx\/index.php?rest_route=\/wp\/v2\/media\/57272"}],"wp:attachment":[{"href":"https:\/\/l21.mx\/index.php?rest_route=%2Fwp%2Fv2%2Fmedia&parent=57270"}],"wp:term":[{"taxonomy":"category","embeddable":true,"href":"https:\/\/l21.mx\/index.php?rest_route=%2Fwp%2Fv2%2Fcategories&post=57270"},{"taxonomy":"post_tag","embeddable":true,"href":"https:\/\/l21.mx\/index.php?rest_route=%2Fwp%2Fv2%2Ftags&post=57270"}],"curies":[{"name":"wp","href":"https:\/\/api.w.org\/{rel}","templated":true}]}}