{"id":57324,"date":"2023-06-12T15:37:45","date_gmt":"2023-06-12T20:37:45","guid":{"rendered":"https:\/\/l21.mx\/?p=57324"},"modified":"2023-06-12T15:37:45","modified_gmt":"2023-06-12T20:37:45","slug":"lili-campos-fomenta-valores-civicos-y-patrios","status":"publish","type":"post","link":"https:\/\/l21.mx\/?p=57324","title":{"rendered":"Lili Campos fomenta valores c\u00edvicos y patrios"},"content":{"rendered":"<p>&nbsp;<\/p>\n<p>\u2022 A trav\u00e9s del programa \u201cActos C\u00edvicos\u201d que este lunes estuvo en la primaria \u201cH\u00e9roes de M\u00e9xico\u201d, en Villas del Sol<\/p>\n<p><a href=\"https:\/\/l21.mx\/wp-content\/uploads\/2023\/06\/WhatsApp-Image-2023-06-12-at-12.40.01.jpeg\" data-rel=\"penci-gallery-image-content\" ><img fetchpriority=\"high\" decoding=\"async\" class=\"alignnone size-medium wp-image-57325\" src=\"https:\/\/l21.mx\/wp-content\/uploads\/2023\/06\/WhatsApp-Image-2023-06-12-at-12.40.01-300x200.jpeg\" alt=\"\" width=\"300\" height=\"200\" srcset=\"https:\/\/l21.mx\/wp-content\/uploads\/2023\/06\/WhatsApp-Image-2023-06-12-at-12.40.01-300x200.jpeg 300w, https:\/\/l21.mx\/wp-content\/uploads\/2023\/06\/WhatsApp-Image-2023-06-12-at-12.40.01-1024x682.jpeg 1024w, https:\/\/l21.mx\/wp-content\/uploads\/2023\/06\/WhatsApp-Image-2023-06-12-at-12.40.01-768x512.jpeg 768w, https:\/\/l21.mx\/wp-content\/uploads\/2023\/06\/WhatsApp-Image-2023-06-12-at-12.40.01-1200x799.jpeg 1200w, https:\/\/l21.mx\/wp-content\/uploads\/2023\/06\/WhatsApp-Image-2023-06-12-at-12.40.01-1170x779.jpeg 1170w, https:\/\/l21.mx\/wp-content\/uploads\/2023\/06\/WhatsApp-Image-2023-06-12-at-12.40.01-585x390.jpeg 585w, https:\/\/l21.mx\/wp-content\/uploads\/2023\/06\/WhatsApp-Image-2023-06-12-at-12.40.01-263x175.jpeg 263w, https:\/\/l21.mx\/wp-content\/uploads\/2023\/06\/WhatsApp-Image-2023-06-12-at-12.40.01.jpeg 1279w\" sizes=\"(max-width: 300px) 100vw, 300px\" \/><\/a><\/p>\n<p>Playa del Carmen, Solidaridad, 12 de junio del 2023.- Para fortalecer la identidad y rescatar los valores patrios, a trav\u00e9s de la direcci\u00f3n de Educaci\u00f3n, Desarrollo Humano y Bibliotecas P\u00fablicas, el gobierno que encabeza Lili Campos llev\u00f3 a cabo el programa \u201cActos C\u00edvicos\u201d en la escuela primaria \u201cH\u00e9roes de M\u00e9xico\u201d ubicada en Villas del Sol.<\/p>\n<p>En el evento, Lili Campos exhort\u00f3 a las y los ni\u00f1os a estudiar y prepararse para que tengan una profesi\u00f3n o un oficio que les permita ser gente de bien. A los padres de familia, a cuidar de ellos porque a trav\u00e9s del internet \u201cbastan 10 minutos para que los cautiven y puedan ser v\u00edctimas de trata de personas o explotaci\u00f3n infantil\u201d.<\/p>\n<p>Ana Castillo, directora de la primaria \u201cH\u00e9roes de M\u00e9xico\u201d, agradeci\u00f3 el trabajo de la edil por fomentar la identidad, valores y cultura en la comunidad estudiantil.<\/p>\n<p>En estos eventos c\u00edvicos participaron instituciones como seguridad p\u00fablica y el Ej\u00e9rcito Mexicano con banda de guerra y escolta. Adem\u00e1s, se entregaron reconocimientos a las y los alumnos por su aprovechamiento acad\u00e9mico, deportivo y cultural.<\/p>\n","protected":false},"excerpt":{"rendered":"<p>&nbsp; \u2022 A trav\u00e9s del programa \u201cActos C\u00edvicos\u201d que este lunes estuvo en la primaria \u201cH\u00e9roes&hellip;<\/p>\n","protected":false},"author":100,"featured_media":57326,"comment_status":"closed","ping_status":"closed","sticky":false,"template":"","format":"standard","meta":{"_acf_changed":false,"_lmt_disableupdate":"","_lmt_disable":"","_mbp_gutenberg_autopost":false,"footnotes":""},"categories":[1654],"tags":[],"class_list":["post-57324","post","type-post","status-publish","format-standard","has-post-thumbnail","hentry","category-solidaridad"],"acf":[],"_links":{"self":[{"href":"https:\/\/l21.mx\/index.php?rest_route=\/wp\/v2\/posts\/57324","targetHints":{"allow":["GET"]}}],"collection":[{"href":"https:\/\/l21.mx\/index.php?rest_route=\/wp\/v2\/posts"}],"about":[{"href":"https:\/\/l21.mx\/index.php?rest_route=\/wp\/v2\/types\/post"}],"author":[{"embeddable":true,"href":"https:\/\/l21.mx\/index.php?rest_route=\/wp\/v2\/users\/100"}],"replies":[{"embeddable":true,"href":"https:\/\/l21.mx\/index.php?rest_route=%2Fwp%2Fv2%2Fcomments&post=57324"}],"version-history":[{"count":0,"href":"https:\/\/l21.mx\/index.php?rest_route=\/wp\/v2\/posts\/57324\/revisions"}],"wp:featuredmedia":[{"embeddable":true,"href":"https:\/\/l21.mx\/index.php?rest_route=\/wp\/v2\/media\/57326"}],"wp:attachment":[{"href":"https:\/\/l21.mx\/index.php?rest_route=%2Fwp%2Fv2%2Fmedia&parent=57324"}],"wp:term":[{"taxonomy":"category","embeddable":true,"href":"https:\/\/l21.mx\/index.php?rest_route=%2Fwp%2Fv2%2Fcategories&post=57324"},{"taxonomy":"post_tag","embeddable":true,"href":"https:\/\/l21.mx\/index.php?rest_route=%2Fwp%2Fv2%2Ftags&post=57324"}],"curies":[{"name":"wp","href":"https:\/\/api.w.org\/{rel}","templated":true}]}}