{"id":57370,"date":"2023-06-13T20:56:17","date_gmt":"2023-06-14T01:56:17","guid":{"rendered":"https:\/\/l21.mx\/?p=57370"},"modified":"2023-06-13T21:05:27","modified_gmt":"2023-06-14T02:05:27","slug":"inauguran-en-cancun-la-26a-exphotel-principal-foro-de-negocios-de-la-industria-de-la-hospitalidad","status":"publish","type":"post","link":"https:\/\/l21.mx\/?p=57370","title":{"rendered":"Inauguran en Canc\u00fan la 26\u00aa ExpHotel, principal foro de negocios de la industria de la hospitalidad"},"content":{"rendered":"<p>&nbsp;<\/p>\n<p>-ExpHotel re\u00fane a m\u00e1s de 500 proveedores que exponen m\u00e1s de 26 mil productos y a m\u00e1s de siete mil 500 compradores potenciales<\/p>\n<p><a href=\"https:\/\/l21.mx\/wp-content\/uploads\/2023\/06\/exphotel-2.jpeg\" data-rel=\"penci-gallery-image-content\" ><img fetchpriority=\"high\" decoding=\"async\" class=\"alignnone size-medium wp-image-57372\" src=\"https:\/\/l21.mx\/wp-content\/uploads\/2023\/06\/exphotel-2-300x200.jpeg\" alt=\"\" width=\"300\" height=\"200\" srcset=\"https:\/\/l21.mx\/wp-content\/uploads\/2023\/06\/exphotel-2-300x200.jpeg 300w, https:\/\/l21.mx\/wp-content\/uploads\/2023\/06\/exphotel-2-1024x683.jpeg 1024w, https:\/\/l21.mx\/wp-content\/uploads\/2023\/06\/exphotel-2-768x512.jpeg 768w, https:\/\/l21.mx\/wp-content\/uploads\/2023\/06\/exphotel-2-1200x800.jpeg 1200w, https:\/\/l21.mx\/wp-content\/uploads\/2023\/06\/exphotel-2-1170x780.jpeg 1170w, https:\/\/l21.mx\/wp-content\/uploads\/2023\/06\/exphotel-2-585x390.jpeg 585w, https:\/\/l21.mx\/wp-content\/uploads\/2023\/06\/exphotel-2-263x175.jpeg 263w, https:\/\/l21.mx\/wp-content\/uploads\/2023\/06\/exphotel-2.jpeg 1368w\" sizes=\"(max-width: 300px) 100vw, 300px\" \/><\/a><\/p>\n<p>Canc\u00fan.- Al inaugurar la 26\u00aa edici\u00f3n de la ExpHotel, la gobernadora Mara Lezama Espinosa, destac\u00f3 que este foro de negocios es el principal en la industria de la hospitalidad en M\u00e9xico y el Caribe que, contribuir\u00e1 para el desarrollo y crecimiento econ\u00f3mico de la regi\u00f3n, as\u00ed como de las familias.<\/p>\n<p>ExpHotel, que forma parte de la historia de Quintana Roo ha sido un detonador importante de negocios, entre los proveedores y los prestadores de servicios tur\u00edsticos de Quintana Roo y del Caribe Mexicano, coloc\u00e1ndose como un referente donde encontrar tendencias y lo \u00faltimo en tecnolog\u00eda en proveedur\u00eda para hoteles y restaurantes.<\/p>\n<p>En ese marco, Mara Lezama Espinosa exhort\u00f3 a todas y todos los participantes a aprovechar la transformaci\u00f3n sin precedentes que se vive en Quintana Roo, en que el \u00e9xito tur\u00edstico genera prosperidad compartida para todas y todos.<\/p>\n<p><a href=\"https:\/\/l21.mx\/wp-content\/uploads\/2023\/06\/exphotel-3.jpeg\" data-rel=\"penci-gallery-image-content\" ><img decoding=\"async\" class=\"alignnone size-medium wp-image-57373\" src=\"https:\/\/l21.mx\/wp-content\/uploads\/2023\/06\/exphotel-3-300x228.jpeg\" alt=\"\" width=\"300\" height=\"228\" srcset=\"https:\/\/l21.mx\/wp-content\/uploads\/2023\/06\/exphotel-3-300x228.jpeg 300w, https:\/\/l21.mx\/wp-content\/uploads\/2023\/06\/exphotel-3-1024x779.jpeg 1024w, https:\/\/l21.mx\/wp-content\/uploads\/2023\/06\/exphotel-3-768x585.jpeg 768w, https:\/\/l21.mx\/wp-content\/uploads\/2023\/06\/exphotel-3-1536x1169.jpeg 1536w, https:\/\/l21.mx\/wp-content\/uploads\/2023\/06\/exphotel-3-1182x900.jpeg 1182w, https:\/\/l21.mx\/wp-content\/uploads\/2023\/06\/exphotel-3-1170x890.jpeg 1170w, https:\/\/l21.mx\/wp-content\/uploads\/2023\/06\/exphotel-3-585x445.jpeg 585w, https:\/\/l21.mx\/wp-content\/uploads\/2023\/06\/exphotel-3.jpeg 1599w\" sizes=\"(max-width: 300px) 100vw, 300px\" \/><\/a><\/p>\n<p>\u201cAprovechemos esta 26\u00aa ExpHotel para mirar hacia adelante con entusiasmo y determinaci\u00f3n, como lo hemos establecido en el Nuevo Acuerdo por el Bienestar y Desarrollo de Quintana Roo, que nos permitir\u00e1 alcanzar logros sin precedentes\u201d expres\u00f3 Mara Lezama.<\/p>\n<p>Inform\u00f3 que este evento abre la puerta a la familia hotelera para mantenerse a la vanguardia en servicios de calidad, lo que nos mantiene como referente tur\u00edstico a nivel mundial, como se confirma con m\u00e1s de 30 millones de pasajeros alcanzados en 2022 y en los primeros meses del 2023 se han roto r\u00e9cords.<\/p>\n<p>Este a\u00f1o, ExpHotel re\u00fane a m\u00e1s de 500 proveedores que exponen m\u00e1s de 26 mil productos y a m\u00e1s de siete mil 500 compradores potenciales, marco donde las empresas y el esfuerzo conjunto genera cientos de miles de trabajos para las familias quintanarroenses.<\/p>\n<p>Estuvieron en este evento Salvador Vidal, del comit\u00e9 organizador; Ana Paty Peralta de la Pe\u00f1a, presidenta municipal de Benito Ju\u00e1rez; Atenea G\u00f3mez Ricalde, presidenta municipal de Isla Mujeres; Julio Villarreal, presidente de la Canirac de Quintana Roo; Carlos Alberto Salazar Estrada, secretario de Econom\u00eda y del Trabajo del gobierno de Chiapas, as\u00ed como Eduardo Dom\u00ednguez, vicepresidente de la Asociaci\u00f3n de Hoteles de Canc\u00fan y Puerto Morelos.<\/p>\n<p><a href=\"https:\/\/l21.mx\/wp-content\/uploads\/2023\/06\/exphotel-4.jpeg\" data-rel=\"penci-gallery-image-content\" ><img decoding=\"async\" class=\"alignnone size-medium wp-image-57374\" src=\"https:\/\/l21.mx\/wp-content\/uploads\/2023\/06\/exphotel-4-300x230.jpeg\" alt=\"\" width=\"300\" height=\"230\" srcset=\"https:\/\/l21.mx\/wp-content\/uploads\/2023\/06\/exphotel-4-300x230.jpeg 300w, https:\/\/l21.mx\/wp-content\/uploads\/2023\/06\/exphotel-4-1024x784.jpeg 1024w, https:\/\/l21.mx\/wp-content\/uploads\/2023\/06\/exphotel-4-768x588.jpeg 768w, https:\/\/l21.mx\/wp-content\/uploads\/2023\/06\/exphotel-4-1536x1176.jpeg 1536w, https:\/\/l21.mx\/wp-content\/uploads\/2023\/06\/exphotel-4-1176x900.jpeg 1176w, https:\/\/l21.mx\/wp-content\/uploads\/2023\/06\/exphotel-4-1170x896.jpeg 1170w, https:\/\/l21.mx\/wp-content\/uploads\/2023\/06\/exphotel-4-585x448.jpeg 585w, https:\/\/l21.mx\/wp-content\/uploads\/2023\/06\/exphotel-4.jpeg 1600w\" sizes=\"(max-width: 300px) 100vw, 300px\" \/><\/a><\/p>\n<p>La presidenta Ana Paty destac\u00f3 que Quintana Roo vive tiempos de cambio y transformaci\u00f3n, y el \u00e9xito del evento se traducir\u00e1 en prosperidad compartida.<\/p>\n<p>Juan Pablo Cornejo, a nombre de la ExpHotel expres\u00f3 que esta actividad genera miles de empleos e ingresos al estado, de ah\u00ed la importancia de buscar m\u00e1s oportunidades para los proveedores, a fin de impulsar un desarrollo y crecimiento econ\u00f3mico para todos.<\/p>\n<p>Tras la ceremonia de apertura, la gobernadora Mara Lezama y los anfitriones recorrieron los stands, donde se congregaron los grandes compradores de hoteles y restaurantes de Quintana Roo y del Sureste Mexicano.<\/p>\n","protected":false},"excerpt":{"rendered":"<p>&nbsp; -ExpHotel re\u00fane a m\u00e1s de 500 proveedores que exponen m\u00e1s de 26 mil productos y&hellip;<\/p>\n","protected":false},"author":100,"featured_media":57371,"comment_status":"closed","ping_status":"closed","sticky":false,"template":"","format":"standard","meta":{"_acf_changed":false,"_lmt_disableupdate":"","_lmt_disable":"","_mbp_gutenberg_autopost":false,"footnotes":""},"categories":[23,1656,8],"tags":[],"class_list":["post-57370","post","type-post","status-publish","format-standard","has-post-thumbnail","hentry","category-noticias","category-quintana-roo","category-turismo"],"acf":[],"_links":{"self":[{"href":"https:\/\/l21.mx\/index.php?rest_route=\/wp\/v2\/posts\/57370","targetHints":{"allow":["GET"]}}],"collection":[{"href":"https:\/\/l21.mx\/index.php?rest_route=\/wp\/v2\/posts"}],"about":[{"href":"https:\/\/l21.mx\/index.php?rest_route=\/wp\/v2\/types\/post"}],"author":[{"embeddable":true,"href":"https:\/\/l21.mx\/index.php?rest_route=\/wp\/v2\/users\/100"}],"replies":[{"embeddable":true,"href":"https:\/\/l21.mx\/index.php?rest_route=%2Fwp%2Fv2%2Fcomments&post=57370"}],"version-history":[{"count":0,"href":"https:\/\/l21.mx\/index.php?rest_route=\/wp\/v2\/posts\/57370\/revisions"}],"wp:featuredmedia":[{"embeddable":true,"href":"https:\/\/l21.mx\/index.php?rest_route=\/wp\/v2\/media\/57371"}],"wp:attachment":[{"href":"https:\/\/l21.mx\/index.php?rest_route=%2Fwp%2Fv2%2Fmedia&parent=57370"}],"wp:term":[{"taxonomy":"category","embeddable":true,"href":"https:\/\/l21.mx\/index.php?rest_route=%2Fwp%2Fv2%2Fcategories&post=57370"},{"taxonomy":"post_tag","embeddable":true,"href":"https:\/\/l21.mx\/index.php?rest_route=%2Fwp%2Fv2%2Ftags&post=57370"}],"curies":[{"name":"wp","href":"https:\/\/api.w.org\/{rel}","templated":true}]}}