{"id":57387,"date":"2023-06-14T11:30:04","date_gmt":"2023-06-14T16:30:04","guid":{"rendered":"https:\/\/l21.mx\/?p=57387"},"modified":"2023-06-14T11:30:04","modified_gmt":"2023-06-14T16:30:04","slug":"arajet-conecta-ciudad-de-mexico-y-cancun-con-sao-paulo-brasil","status":"publish","type":"post","link":"https:\/\/l21.mx\/?p=57387","title":{"rendered":"Arajet conecta Ciudad de Me\u0301xico y Cancu\u0301n con Sa\u0303o Paulo, Brasil"},"content":{"rendered":"<div>Anuncia nuevas conexiones que ofrece Arajet desde la Ciudad de M\u00e9xico y Canc\u00fan a Sao Paulo, Brasil.<\/div>\n<div><\/div>\n<div>Desde el 21 de septiembre los mexicanos tendr\u00e1n una nueva opci\u00f3n para llegar a Brasil, usando a Rep\u00fablica Dominicana como punto de conexi\u00f3n, sin pasar por migraci\u00f3n ni buscar equipaje.Las nuevas conexiones desde la Ciudad de M\u00e9xico operar\u00e1n los jueves y domingos, saliendo del Aeropuerto Internacional Felipe \u00c1ngeles a las 9:25 de la ma\u00f1ana y llegando a S\u00e3o Paulo a las 3:35 de la madrugada, y saliendo del Aeropuerto Internacional de S\u00e3o Paulo (GRU) a las 5:40 y llegando a la Ciudad de M\u00e9xico a las 15:55 de la tarde.<\/p>\n<p><a href=\"https:\/\/l21.mx\/wp-content\/uploads\/2023\/06\/Sao-Paulo.png\" data-rel=\"penci-gallery-image-content\" ><img decoding=\"async\" class=\"alignnone size-medium wp-image-57388\" src=\"https:\/\/l21.mx\/wp-content\/uploads\/2023\/06\/Sao-Paulo-300x151.png\" alt=\"\" width=\"300\" height=\"151\" srcset=\"https:\/\/l21.mx\/wp-content\/uploads\/2023\/06\/Sao-Paulo-300x151.png 300w, https:\/\/l21.mx\/wp-content\/uploads\/2023\/06\/Sao-Paulo-1024x517.png 1024w, https:\/\/l21.mx\/wp-content\/uploads\/2023\/06\/Sao-Paulo-768x388.png 768w, https:\/\/l21.mx\/wp-content\/uploads\/2023\/06\/Sao-Paulo-1536x775.png 1536w, https:\/\/l21.mx\/wp-content\/uploads\/2023\/06\/Sao-Paulo-1200x605.png 1200w, https:\/\/l21.mx\/wp-content\/uploads\/2023\/06\/Sao-Paulo-1170x590.png 1170w, https:\/\/l21.mx\/wp-content\/uploads\/2023\/06\/Sao-Paulo-585x295.png 585w, https:\/\/l21.mx\/wp-content\/uploads\/2023\/06\/Sao-Paulo.png 1752w\" sizes=\"(max-width: 300px) 100vw, 300px\" \/><\/a><\/p>\n<p>Desde el Aeropuerto Internacional de de Canc\u00fan (CUN), la nueva conexi\u00f3n de Arajet saldr\u00e1 a las 10:50 de la ma\u00f1ana y llegar\u00e1 a S\u00e3o Paulo a las 3:35 de la madrugada, y el retorno desde S\u00e3o Paulo ser\u00e1 a las 5:40 con llegada a Canc\u00fan a las 17:15.<\/p>\n<\/div>\n","protected":false},"excerpt":{"rendered":"<p>Anuncia nuevas conexiones que ofrece Arajet desde la Ciudad de M\u00e9xico y Canc\u00fan a Sao Paulo,&hellip;<\/p>\n","protected":false},"author":100,"featured_media":51727,"comment_status":"closed","ping_status":"closed","sticky":false,"template":"","format":"standard","meta":{"_acf_changed":false,"_lmt_disableupdate":"","_lmt_disable":"","_mbp_gutenberg_autopost":false,"footnotes":""},"categories":[23,1656],"tags":[],"class_list":["post-57387","post","type-post","status-publish","format-standard","has-post-thumbnail","hentry","category-noticias","category-quintana-roo"],"acf":[],"_links":{"self":[{"href":"https:\/\/l21.mx\/index.php?rest_route=\/wp\/v2\/posts\/57387","targetHints":{"allow":["GET"]}}],"collection":[{"href":"https:\/\/l21.mx\/index.php?rest_route=\/wp\/v2\/posts"}],"about":[{"href":"https:\/\/l21.mx\/index.php?rest_route=\/wp\/v2\/types\/post"}],"author":[{"embeddable":true,"href":"https:\/\/l21.mx\/index.php?rest_route=\/wp\/v2\/users\/100"}],"replies":[{"embeddable":true,"href":"https:\/\/l21.mx\/index.php?rest_route=%2Fwp%2Fv2%2Fcomments&post=57387"}],"version-history":[{"count":0,"href":"https:\/\/l21.mx\/index.php?rest_route=\/wp\/v2\/posts\/57387\/revisions"}],"wp:featuredmedia":[{"embeddable":true,"href":"https:\/\/l21.mx\/index.php?rest_route=\/wp\/v2\/media\/51727"}],"wp:attachment":[{"href":"https:\/\/l21.mx\/index.php?rest_route=%2Fwp%2Fv2%2Fmedia&parent=57387"}],"wp:term":[{"taxonomy":"category","embeddable":true,"href":"https:\/\/l21.mx\/index.php?rest_route=%2Fwp%2Fv2%2Fcategories&post=57387"},{"taxonomy":"post_tag","embeddable":true,"href":"https:\/\/l21.mx\/index.php?rest_route=%2Fwp%2Fv2%2Ftags&post=57387"}],"curies":[{"name":"wp","href":"https:\/\/api.w.org\/{rel}","templated":true}]}}