{"id":5745,"date":"2014-01-09T10:36:01","date_gmt":"2014-01-09T16:36:01","guid":{"rendered":"http:\/\/innovatori.space\/lat21\/?p=5745"},"modified":"2014-01-09T10:36:01","modified_gmt":"2014-01-09T16:36:01","slug":"volaris-abre-cuatro-nuevas-rutas-desde-cancun","status":"publish","type":"post","link":"https:\/\/l21.mx\/?p=5745","title":{"rendered":"Volaris abre cuatro nuevas rutas desde Canc\u00fan"},"content":{"rendered":"<p><a href=\"http:\/\/l21.mx\/wp-content\/uploads\/2014\/01\/volaris-abre-nuevas-rutas.png\" data-rel=\"penci-gallery-image-content\" ><img fetchpriority=\"high\" decoding=\"async\" class=\"alignleft size-full wp-image-5746\" title=\"volaris abre  nuevas rutas\" src=\"http:\/\/l21.mx\/wp-content\/uploads\/2014\/01\/volaris-abre-nuevas-rutas.png\" alt=\"\" width=\"581\" height=\"413\" srcset=\"https:\/\/l21.mx\/wp-content\/uploads\/2014\/01\/volaris-abre-nuevas-rutas.png 581w, https:\/\/l21.mx\/wp-content\/uploads\/2014\/01\/volaris-abre-nuevas-rutas-300x213.png 300w\" sizes=\"(max-width: 581px) 100vw, 581px\" \/><\/a><\/p>\n<p>Aprovechando la bonanza de la temporada, Volaris lanz\u00f3 en el mes de diciembre cuatro nuevas rutas desde Canc\u00fan, Quintana Roo, a las ciudades de San Luis Potos\u00ed, SLP; Hermosillo, Sonora; Veracruz, Ver., y Mexicali, BC, con lo que establece liderazgo en el principal centro tur\u00edstico del pa\u00eds al conectarlo con 15 destinos nacionales.<\/p>\n<p>Enrique Beltranena, CEO de Volaris, dijo que \u201cestamos comprometidos en ofrecer a nuestros clientes las mejores opciones de viaje en una de las flotas m\u00e1s j\u00f3venes de las Am\u00e9ricas, al tiempo que proporcionamos el servicio excepcional que nos distingue por contar con las mejores tarifas para llegar a Canc\u00fan\u201d.<\/p>\n<p>Por su parte, el secretario de Turismo de San Luis Potos\u00ed, Enrique Abud Dip, dio la bienvenida a los pasajeros del primer vuelo de Volaris procedente de\u00a0 Canc\u00fan, con 130 pasajeros a bordo, a su llegada al Aeropuerto Internacional\u00a0 Ponciano Arriaga.<\/p>\n<p>Abud Dip se\u00f1al\u00f3 que con esta ruta Volaris conecta dos destinos prioritarios para el sector turismo, de negocios y comercio de ese estado, como son Canc\u00fan y Tijuana, cumpliendo las expectativas que ten\u00edan para incrementar su conectividad a\u00e9rea. La aeronave regres\u00f3 posteriormente a Canc\u00fan con 140 pasajeros.<\/p>\n<p>[editor]empresas-y-negocios[\/editor]<\/p>\n","protected":false},"excerpt":{"rendered":"<p>Aprovechando la bonanza de la temporada, Volaris lanz\u00f3 en el mes de diciembre cuatro nuevas rutas&hellip;<\/p>\n","protected":false},"author":2,"featured_media":5746,"comment_status":"open","ping_status":"open","sticky":false,"template":"","format":"standard","meta":{"_acf_changed":false,"_lmt_disableupdate":"","_lmt_disable":"","_mbp_gutenberg_autopost":false,"footnotes":""},"categories":[4,8],"tags":[],"class_list":["post-5745","post","type-post","status-publish","format-standard","has-post-thumbnail","hentry","category-empresas-y-negocios","category-turismo"],"acf":[],"_links":{"self":[{"href":"https:\/\/l21.mx\/index.php?rest_route=\/wp\/v2\/posts\/5745","targetHints":{"allow":["GET"]}}],"collection":[{"href":"https:\/\/l21.mx\/index.php?rest_route=\/wp\/v2\/posts"}],"about":[{"href":"https:\/\/l21.mx\/index.php?rest_route=\/wp\/v2\/types\/post"}],"author":[{"embeddable":true,"href":"https:\/\/l21.mx\/index.php?rest_route=\/wp\/v2\/users\/2"}],"replies":[{"embeddable":true,"href":"https:\/\/l21.mx\/index.php?rest_route=%2Fwp%2Fv2%2Fcomments&post=5745"}],"version-history":[{"count":0,"href":"https:\/\/l21.mx\/index.php?rest_route=\/wp\/v2\/posts\/5745\/revisions"}],"wp:featuredmedia":[{"embeddable":true,"href":"https:\/\/l21.mx\/index.php?rest_route=\/wp\/v2\/media\/5746"}],"wp:attachment":[{"href":"https:\/\/l21.mx\/index.php?rest_route=%2Fwp%2Fv2%2Fmedia&parent=5745"}],"wp:term":[{"taxonomy":"category","embeddable":true,"href":"https:\/\/l21.mx\/index.php?rest_route=%2Fwp%2Fv2%2Fcategories&post=5745"},{"taxonomy":"post_tag","embeddable":true,"href":"https:\/\/l21.mx\/index.php?rest_route=%2Fwp%2Fv2%2Ftags&post=5745"}],"curies":[{"name":"wp","href":"https:\/\/api.w.org\/{rel}","templated":true}]}}