{"id":57460,"date":"2023-06-15T22:54:17","date_gmt":"2023-06-16T03:54:17","guid":{"rendered":"https:\/\/l21.mx\/?p=57460"},"modified":"2023-06-15T22:54:17","modified_gmt":"2023-06-16T03:54:17","slug":"cancun-aumenta-conectividad-aerea-con-nuevas-rutas-y-mayor-frecuencia-de-vuelos","status":"publish","type":"post","link":"https:\/\/l21.mx\/?p=57460","title":{"rendered":"Canc\u00fan aumenta conectividad a\u00e9rea con nuevas rutas y mayor frecuencia de vuelos"},"content":{"rendered":"<p>&nbsp;<\/p>\n<p>-Las aerol\u00edneas American Airlines y Arajet abrir\u00e1n conexi\u00f3n con estados de la Uni\u00f3n Americana y pa\u00edses de Centroam\u00e9rica<\/p>\n<p><a href=\"https:\/\/l21.mx\/wp-content\/uploads\/2023\/06\/turistas-turismo-1.jpeg\" data-rel=\"penci-gallery-image-content\" ><img fetchpriority=\"high\" decoding=\"async\" class=\"alignnone size-medium wp-image-57462\" src=\"https:\/\/l21.mx\/wp-content\/uploads\/2023\/06\/turistas-turismo-1-300x199.jpeg\" alt=\"\" width=\"300\" height=\"199\" srcset=\"https:\/\/l21.mx\/wp-content\/uploads\/2023\/06\/turistas-turismo-1-300x199.jpeg 300w, https:\/\/l21.mx\/wp-content\/uploads\/2023\/06\/turistas-turismo-1-1024x680.jpeg 1024w, https:\/\/l21.mx\/wp-content\/uploads\/2023\/06\/turistas-turismo-1-768x510.jpeg 768w, https:\/\/l21.mx\/wp-content\/uploads\/2023\/06\/turistas-turismo-1-1200x797.jpeg 1200w, https:\/\/l21.mx\/wp-content\/uploads\/2023\/06\/turistas-turismo-1-1170x777.jpeg 1170w, https:\/\/l21.mx\/wp-content\/uploads\/2023\/06\/turistas-turismo-1-780x516.jpeg 780w, https:\/\/l21.mx\/wp-content\/uploads\/2023\/06\/turistas-turismo-1-585x388.jpeg 585w, https:\/\/l21.mx\/wp-content\/uploads\/2023\/06\/turistas-turismo-1-263x175.jpeg 263w, https:\/\/l21.mx\/wp-content\/uploads\/2023\/06\/turistas-turismo-1.jpeg 1280w\" sizes=\"(max-width: 300px) 100vw, 300px\" \/><\/a><\/p>\n<p>Canc\u00fan.- El principal polo tur\u00edstico de Quintana Roo, Canc\u00fan, aumenta su conectividad a\u00e9rea con nuevas rutas y mayor frecuencia de vuelos de las aerol\u00edneas American Airlines y Arajet en su programa de invierno 2023, brindando a los viajeros m\u00e1s opciones para disfrutar de la gastronom\u00eda, servicios, playas y actividades recreativas.<\/p>\n<p>El titular de la Secretar\u00eda Estatal de Turismo, Bernardo Cueto Riestra, explic\u00f3 que con el Nuevo Acuerdo por el Bienestar y Desarrollo de Quintana Roo que promueve la gobernadora Mara Lezama Espinosa, es fundamental que la derrama econ\u00f3mica del sector tur\u00edstico llegue a todos los hogares del estado, as\u00ed como la prosperidad compartida a fin de cerrar las brechas de desigualdad.<\/p>\n<p>Asimismo, coment\u00f3 que la aerol\u00ednea American Airlines, una de las l\u00edderes en el mercado, se compromete a ofrecer una mayor comodidad y accesibilidad a los viajeros que eligen Canc\u00fan como su destino preferido por ello a partir del cinco de diciembre, aumentar\u00e1 la frecuencia de vuelos desde Charlotte, ofreciendo ahora cinco conexiones diarias directos.<\/p>\n<p>Adem\u00e1s, a partir del nueve de diciembre, American Airlines inaugurar\u00e1 tres nuevas rutas directas desde Nashville, Tennessee, y Cincinnati, aumentando as\u00ed la conectividad con viajeros provenientes de estas ciudades; y el cinco de noviembre, se a\u00f1adir\u00e1 un vuelo diario adicional desde Austin, Texas, para satisfacer la creciente demanda de viajes hacia Canc\u00fan.<\/p>\n<p><a href=\"https:\/\/l21.mx\/wp-content\/uploads\/2023\/06\/turistas-turismo-1-1.jpeg\" data-rel=\"penci-gallery-image-content\" ><img decoding=\"async\" class=\"alignnone size-medium wp-image-57464\" src=\"https:\/\/l21.mx\/wp-content\/uploads\/2023\/06\/turistas-turismo-1-1-300x207.jpeg\" alt=\"\" width=\"300\" height=\"207\" srcset=\"https:\/\/l21.mx\/wp-content\/uploads\/2023\/06\/turistas-turismo-1-1-300x207.jpeg 300w, https:\/\/l21.mx\/wp-content\/uploads\/2023\/06\/turistas-turismo-1-1-1024x708.jpeg 1024w, https:\/\/l21.mx\/wp-content\/uploads\/2023\/06\/turistas-turismo-1-1-768x531.jpeg 768w, https:\/\/l21.mx\/wp-content\/uploads\/2023\/06\/turistas-turismo-1-1-1200x830.jpeg 1200w, https:\/\/l21.mx\/wp-content\/uploads\/2023\/06\/turistas-turismo-1-1-1170x809.jpeg 1170w, https:\/\/l21.mx\/wp-content\/uploads\/2023\/06\/turistas-turismo-1-1-585x404.jpeg 585w, https:\/\/l21.mx\/wp-content\/uploads\/2023\/06\/turistas-turismo-1-1.jpeg 1280w\" sizes=\"(max-width: 300px) 100vw, 300px\" \/><\/a><\/p>\n<p>Por su parte, Arajet, una aerol\u00ednea en constante crecimiento, tambi\u00e9n ha decidido ampliar su presencia en Canc\u00fan, por ello a partir del cuatro de octubre, inaugurar\u00e1 vuelos directos desde Santo Domingo, Rep\u00fablica Dominicana, y ofrecer\u00e1 vuelos en conexi\u00f3n hacia St. Marteen, Jamaica, Aruba y Curazao.<\/p>\n<p>Estas nuevas rutas permitir\u00e1n a los pasajeros tener m\u00e1s opciones para llegar a Canc\u00fan, abriendo las puertas a nuevas experiencias y oportunidades de explorar la belleza del destino.<\/p>\n<p>Con estas expansiones de American Airlines y Arajet, el invierno de 2023 promete ser una gran temporada para los destinos de Quintana Roo y para los viajeros que deseen disfrutar de los encantos de M\u00e9xico y el Caribe Mexicano.<\/p>\n","protected":false},"excerpt":{"rendered":"<p>&nbsp; -Las aerol\u00edneas American Airlines y Arajet abrir\u00e1n conexi\u00f3n con estados de la Uni\u00f3n Americana y&hellip;<\/p>\n","protected":false},"author":100,"featured_media":57463,"comment_status":"closed","ping_status":"closed","sticky":false,"template":"","format":"standard","meta":{"_acf_changed":false,"_lmt_disableupdate":"","_lmt_disable":"","_mbp_gutenberg_autopost":false,"footnotes":""},"categories":[1655,23],"tags":[],"class_list":["post-57460","post","type-post","status-publish","format-standard","has-post-thumbnail","hentry","category-cancun","category-noticias"],"acf":[],"_links":{"self":[{"href":"https:\/\/l21.mx\/index.php?rest_route=\/wp\/v2\/posts\/57460","targetHints":{"allow":["GET"]}}],"collection":[{"href":"https:\/\/l21.mx\/index.php?rest_route=\/wp\/v2\/posts"}],"about":[{"href":"https:\/\/l21.mx\/index.php?rest_route=\/wp\/v2\/types\/post"}],"author":[{"embeddable":true,"href":"https:\/\/l21.mx\/index.php?rest_route=\/wp\/v2\/users\/100"}],"replies":[{"embeddable":true,"href":"https:\/\/l21.mx\/index.php?rest_route=%2Fwp%2Fv2%2Fcomments&post=57460"}],"version-history":[{"count":0,"href":"https:\/\/l21.mx\/index.php?rest_route=\/wp\/v2\/posts\/57460\/revisions"}],"wp:featuredmedia":[{"embeddable":true,"href":"https:\/\/l21.mx\/index.php?rest_route=\/wp\/v2\/media\/57463"}],"wp:attachment":[{"href":"https:\/\/l21.mx\/index.php?rest_route=%2Fwp%2Fv2%2Fmedia&parent=57460"}],"wp:term":[{"taxonomy":"category","embeddable":true,"href":"https:\/\/l21.mx\/index.php?rest_route=%2Fwp%2Fv2%2Fcategories&post=57460"},{"taxonomy":"post_tag","embeddable":true,"href":"https:\/\/l21.mx\/index.php?rest_route=%2Fwp%2Fv2%2Ftags&post=57460"}],"curies":[{"name":"wp","href":"https:\/\/api.w.org\/{rel}","templated":true}]}}