{"id":57560,"date":"2023-06-18T12:34:53","date_gmt":"2023-06-18T17:34:53","guid":{"rendered":"https:\/\/l21.mx\/?p=57560"},"modified":"2023-06-19T12:37:43","modified_gmt":"2023-06-19T17:37:43","slug":"quintana-roo-supera-la-marca-historica-de-preseas-obtenidas-en-los-nacionales-conade","status":"publish","type":"post","link":"https:\/\/l21.mx\/?p=57560","title":{"rendered":"Quintana Roo supera la marca hist\u00f3rica de preseas obtenidas en los Nacionales CONADE"},"content":{"rendered":"<p>&nbsp;<\/p>\n<p>La dupla de Yvanna Rodr\u00edguez y Emilia Torres, que conquist\u00f3 tres medallas de bronces en la disciplina de nataci\u00f3n art\u00edstica<\/p>\n<p><a href=\"https:\/\/l21.mx\/wp-content\/uploads\/2023\/06\/WhatsApp-Image-2023-06-18-at-13.23.51.jpeg\" data-rel=\"penci-gallery-image-content\" ><img fetchpriority=\"high\" decoding=\"async\" class=\"alignnone size-medium wp-image-57563\" src=\"https:\/\/l21.mx\/wp-content\/uploads\/2023\/06\/WhatsApp-Image-2023-06-18-at-13.23.51-169x300.jpeg\" alt=\"\" width=\"169\" height=\"300\" srcset=\"https:\/\/l21.mx\/wp-content\/uploads\/2023\/06\/WhatsApp-Image-2023-06-18-at-13.23.51-169x300.jpeg 169w, https:\/\/l21.mx\/wp-content\/uploads\/2023\/06\/WhatsApp-Image-2023-06-18-at-13.23.51-576x1024.jpeg 576w, https:\/\/l21.mx\/wp-content\/uploads\/2023\/06\/WhatsApp-Image-2023-06-18-at-13.23.51-768x1365.jpeg 768w, https:\/\/l21.mx\/wp-content\/uploads\/2023\/06\/WhatsApp-Image-2023-06-18-at-13.23.51-864x1536.jpeg 864w, https:\/\/l21.mx\/wp-content\/uploads\/2023\/06\/WhatsApp-Image-2023-06-18-at-13.23.51-506x900.jpeg 506w, https:\/\/l21.mx\/wp-content\/uploads\/2023\/06\/WhatsApp-Image-2023-06-18-at-13.23.51-585x1040.jpeg 585w, https:\/\/l21.mx\/wp-content\/uploads\/2023\/06\/WhatsApp-Image-2023-06-18-at-13.23.51.jpeg 900w\" sizes=\"(max-width: 169px) 100vw, 169px\" \/><\/a><\/p>\n<p>La delegaci\u00f3n de nataci\u00f3n art\u00edstica de Quintana Roo tuvo una gran segunda jornada en la Alberca Ol\u00edmpica de Aguascalientes al concretar tres medallas de bronce y con esto ayud\u00f3 a la entidad para \u201ccosechar\u201d su presea n\u00famero 228 general y que sirvi\u00f3 para superar la marca hist\u00f3rica de metales obtenidos para el estado en los Juegos Nacionales CONADE.<\/p>\n<p>\u201cEstamos muy contentos de anunciar que Quintana Roo super\u00f3 la marca hist\u00f3rica de preseas obtenidas en los Juegos Nacionales CONADE, que eran de 226 y gracias a la gran actuaci\u00f3n del equipo de nataci\u00f3n art\u00edstica que logr\u00f3 tres preseas llegamos a la macar de las 228; la actividad de la justa todav\u00eda le falta poco m\u00e1s de un mes y confiamos que este n\u00famero seguir\u00e1 creciendo, estamos muy orgulloso de que las y los deportistas que est\u00e1n haciendo historia\u201d, coment\u00f3 Eric Arcila Arjona, presidente de la Comisi\u00f3n para la Juventud y el Deporte de Quintana Roo (COJUDEQ).<\/p>\n<p>Hablando de los resultados de la segunda jornada de nataci\u00f3n art\u00edstica, la pareja quintanarroense conformada por Yvanna Yacolen Rodr\u00edguez Salazar y Emilia Palenzona Torres, presentaron una gran rutina en la categor\u00eda de Dueto Infantil y esto les sirvi\u00f3 para adjudicarse tres preseas en las pruebas de ejecuci\u00f3n, impresi\u00f3n y en la sumatoria total de puntos.<\/p>\n<p>Las que tambi\u00e9n entraron en acci\u00f3n fue la dupla de Ana Camila Maga\u00f1a Castro y Regina Guzm\u00e1n Castro dentro de la categor\u00eda Dueto Juvenil, dando su mejor esfuerzo y concluyeron adquiriendo experiencia, al finalizar en el onceavo lugar con un total de 64.8667 puntos.<\/p>\n<p><a href=\"https:\/\/l21.mx\/wp-content\/uploads\/2023\/06\/WhatsApp-Image-2023-06-18-at-13.23.52.jpeg\" data-rel=\"penci-gallery-image-content\" ><img decoding=\"async\" class=\"alignnone size-medium wp-image-57561\" src=\"https:\/\/l21.mx\/wp-content\/uploads\/2023\/06\/WhatsApp-Image-2023-06-18-at-13.23.52-300x225.jpeg\" alt=\"\" width=\"300\" height=\"225\" srcset=\"https:\/\/l21.mx\/wp-content\/uploads\/2023\/06\/WhatsApp-Image-2023-06-18-at-13.23.52-300x225.jpeg 300w, https:\/\/l21.mx\/wp-content\/uploads\/2023\/06\/WhatsApp-Image-2023-06-18-at-13.23.52-1024x768.jpeg 1024w, https:\/\/l21.mx\/wp-content\/uploads\/2023\/06\/WhatsApp-Image-2023-06-18-at-13.23.52-768x576.jpeg 768w, https:\/\/l21.mx\/wp-content\/uploads\/2023\/06\/WhatsApp-Image-2023-06-18-at-13.23.52-1536x1152.jpeg 1536w, https:\/\/l21.mx\/wp-content\/uploads\/2023\/06\/WhatsApp-Image-2023-06-18-at-13.23.52-1200x900.jpeg 1200w, https:\/\/l21.mx\/wp-content\/uploads\/2023\/06\/WhatsApp-Image-2023-06-18-at-13.23.52-1170x878.jpeg 1170w, https:\/\/l21.mx\/wp-content\/uploads\/2023\/06\/WhatsApp-Image-2023-06-18-at-13.23.52-585x439.jpeg 585w, https:\/\/l21.mx\/wp-content\/uploads\/2023\/06\/WhatsApp-Image-2023-06-18-at-13.23.52.jpeg 1600w\" sizes=\"(max-width: 300px) 100vw, 300px\" \/><\/a><\/p>\n<p>La actividad de esta disciplina continuar\u00e1 con m\u00e1s jornadas de competencia, en donde se espera que las atletas quintanarroenses sigan cosechando medallas.<\/p>\n<p>Con este resultado, Quintana Roo lleg\u00f3 a 228 preseas en el medallero general con 59 de oro, 84 de plata y 85 de bronce; adem\u00e1s con esta cifra se super\u00f3 la marca de 226 metales que se obtuvieron en la edici\u00f3n 2019 de esta justa nacional.<\/p>\n","protected":false},"excerpt":{"rendered":"<p>&nbsp; La dupla de Yvanna Rodr\u00edguez y Emilia Torres, que conquist\u00f3 tres medallas de bronces en&hellip;<\/p>\n","protected":false},"author":100,"featured_media":57562,"comment_status":"closed","ping_status":"closed","sticky":false,"template":"","format":"standard","meta":{"_acf_changed":false,"_lmt_disableupdate":"","_lmt_disable":"","_mbp_gutenberg_autopost":false,"footnotes":""},"categories":[1689],"tags":[],"class_list":["post-57560","post","type-post","status-publish","format-standard","has-post-thumbnail","hentry","category-deporte-y-salud"],"acf":[],"_links":{"self":[{"href":"https:\/\/l21.mx\/index.php?rest_route=\/wp\/v2\/posts\/57560","targetHints":{"allow":["GET"]}}],"collection":[{"href":"https:\/\/l21.mx\/index.php?rest_route=\/wp\/v2\/posts"}],"about":[{"href":"https:\/\/l21.mx\/index.php?rest_route=\/wp\/v2\/types\/post"}],"author":[{"embeddable":true,"href":"https:\/\/l21.mx\/index.php?rest_route=\/wp\/v2\/users\/100"}],"replies":[{"embeddable":true,"href":"https:\/\/l21.mx\/index.php?rest_route=%2Fwp%2Fv2%2Fcomments&post=57560"}],"version-history":[{"count":0,"href":"https:\/\/l21.mx\/index.php?rest_route=\/wp\/v2\/posts\/57560\/revisions"}],"wp:featuredmedia":[{"embeddable":true,"href":"https:\/\/l21.mx\/index.php?rest_route=\/wp\/v2\/media\/57562"}],"wp:attachment":[{"href":"https:\/\/l21.mx\/index.php?rest_route=%2Fwp%2Fv2%2Fmedia&parent=57560"}],"wp:term":[{"taxonomy":"category","embeddable":true,"href":"https:\/\/l21.mx\/index.php?rest_route=%2Fwp%2Fv2%2Fcategories&post=57560"},{"taxonomy":"post_tag","embeddable":true,"href":"https:\/\/l21.mx\/index.php?rest_route=%2Fwp%2Fv2%2Ftags&post=57560"}],"curies":[{"name":"wp","href":"https:\/\/api.w.org\/{rel}","templated":true}]}}