{"id":57584,"date":"2023-06-20T12:31:49","date_gmt":"2023-06-20T17:31:49","guid":{"rendered":"https:\/\/l21.mx\/?p=57584"},"modified":"2023-06-20T12:31:49","modified_gmt":"2023-06-20T17:31:49","slug":"acuerdan-fonatur-y-quintana-roo-impulsar-con-turismo-el-desarrollo-con-justicia-y-bienestar","status":"publish","type":"post","link":"https:\/\/l21.mx\/?p=57584","title":{"rendered":"Acuerdan Fonatur y Quintana Roo impulsar con turismo el desarrollo con justicia y bienestar"},"content":{"rendered":"<p>\u2022 Firman convenio de colaboraci\u00f3n el director general del Fonatur, Javier May Rodr\u00edguez, y la gobernadora de Quintana Roo, Mara Lezama Espinosa<br \/>\n\u2022 Permitir\u00e1 terminar una etapa muy oscura, de negocio y tr\u00e1fico de influencia que perjudic\u00f3 al pueblo de M\u00e9xico y a los habitantes de Quintana Roo: Javier May<br \/>\n\u2022 Hay un largo camino por andar; necesario un trabajo transversal que ponga en la prioridad de lo p\u00fablico a los seres humanos: Mara Lezama<br \/>\n<a href=\"https:\/\/l21.mx\/wp-content\/uploads\/2023\/06\/WhatsApp-Image-2023-06-19-at-18.41.05.jpeg\" data-rel=\"penci-gallery-image-content\" ><img decoding=\"async\" class=\"alignnone size-medium wp-image-57586\" src=\"https:\/\/l21.mx\/wp-content\/uploads\/2023\/06\/WhatsApp-Image-2023-06-19-at-18.41.05-300x152.jpeg\" alt=\"\" width=\"300\" height=\"152\" srcset=\"https:\/\/l21.mx\/wp-content\/uploads\/2023\/06\/WhatsApp-Image-2023-06-19-at-18.41.05-300x152.jpeg 300w, https:\/\/l21.mx\/wp-content\/uploads\/2023\/06\/WhatsApp-Image-2023-06-19-at-18.41.05-1024x520.jpeg 1024w, https:\/\/l21.mx\/wp-content\/uploads\/2023\/06\/WhatsApp-Image-2023-06-19-at-18.41.05-768x390.jpeg 768w, https:\/\/l21.mx\/wp-content\/uploads\/2023\/06\/WhatsApp-Image-2023-06-19-at-18.41.05-1536x780.jpeg 1536w, https:\/\/l21.mx\/wp-content\/uploads\/2023\/06\/WhatsApp-Image-2023-06-19-at-18.41.05-1200x609.jpeg 1200w, https:\/\/l21.mx\/wp-content\/uploads\/2023\/06\/WhatsApp-Image-2023-06-19-at-18.41.05-1170x594.jpeg 1170w, https:\/\/l21.mx\/wp-content\/uploads\/2023\/06\/WhatsApp-Image-2023-06-19-at-18.41.05-585x297.jpeg 585w, https:\/\/l21.mx\/wp-content\/uploads\/2023\/06\/WhatsApp-Image-2023-06-19-at-18.41.05.jpeg 1600w\" sizes=\"(max-width: 300px) 100vw, 300px\" \/><\/a><br \/>\nEl director general del Fondo Nacional de Fomento al Turismo (Fonatur), Javier May Rodr\u00edguez, y la gobernadora de Quintana Roo, Mara Lezama Espinosa, firmaron hoy un convenio de colaboraci\u00f3n que, afirm\u00f3 el titular del Fonatur, \u201cmarcar\u00e1 una nueva relaci\u00f3n entre el gobierno federal y el estatal para hacer del turismo en esa entidad la fuente que impulse el desarrollo con justicia y bienestar\u201d.<\/p>\n<p>\u201cEstamos seguros de que este paso que se da el d\u00eda de hoy va a ser en bien de los quintanarroenses y permitir\u00e1 que se pueda terminar una etapa muy oscura, de negocio y tr\u00e1fico de influencia que caus\u00f3 gran perjuicio al pueblo de M\u00e9xico y a los habitantes de Quintana Roo\u201d.<\/p>\n<p>Durante un acto efectuado en la sede del Fonatur en la Ciudad de M\u00e9xico, May Rodr\u00edguez expres\u00f3 que el convenio de colaboraci\u00f3n inicia una etapa de \u201cmayor transparencia y correlaci\u00f3n de trabajo en equipo, para acotar esas brechas de desigualdad\u201d que han persistido en Quintana Roo.<\/p>\n<p><a href=\"https:\/\/l21.mx\/wp-content\/uploads\/2023\/06\/WhatsApp-Image-2023-06-19-at-18.41.04-1.jpeg\" data-rel=\"penci-gallery-image-content\" ><img fetchpriority=\"high\" decoding=\"async\" class=\"alignnone size-medium wp-image-57587\" src=\"https:\/\/l21.mx\/wp-content\/uploads\/2023\/06\/WhatsApp-Image-2023-06-19-at-18.41.04-1-300x200.jpeg\" alt=\"\" width=\"300\" height=\"200\" srcset=\"https:\/\/l21.mx\/wp-content\/uploads\/2023\/06\/WhatsApp-Image-2023-06-19-at-18.41.04-1-300x200.jpeg 300w, https:\/\/l21.mx\/wp-content\/uploads\/2023\/06\/WhatsApp-Image-2023-06-19-at-18.41.04-1-1024x682.jpeg 1024w, https:\/\/l21.mx\/wp-content\/uploads\/2023\/06\/WhatsApp-Image-2023-06-19-at-18.41.04-1-768x512.jpeg 768w, https:\/\/l21.mx\/wp-content\/uploads\/2023\/06\/WhatsApp-Image-2023-06-19-at-18.41.04-1-1536x1023.jpeg 1536w, https:\/\/l21.mx\/wp-content\/uploads\/2023\/06\/WhatsApp-Image-2023-06-19-at-18.41.04-1-1200x800.jpeg 1200w, https:\/\/l21.mx\/wp-content\/uploads\/2023\/06\/WhatsApp-Image-2023-06-19-at-18.41.04-1-1170x780.jpeg 1170w, https:\/\/l21.mx\/wp-content\/uploads\/2023\/06\/WhatsApp-Image-2023-06-19-at-18.41.04-1-585x390.jpeg 585w, https:\/\/l21.mx\/wp-content\/uploads\/2023\/06\/WhatsApp-Image-2023-06-19-at-18.41.04-1-263x175.jpeg 263w, https:\/\/l21.mx\/wp-content\/uploads\/2023\/06\/WhatsApp-Image-2023-06-19-at-18.41.04-1.jpeg 1600w\" sizes=\"(max-width: 300px) 100vw, 300px\" \/><\/a><\/p>\n<p>En su turno, la gobernadora de Quintana Roo, Mara Lezama, coincidi\u00f3 en que \u201ccon esta firma de convenio se da un carpetazo a muchos a\u00f1os en donde las cosas no se hicieron muy bien y s\u00f3lo unos cuantos ganaron\u201d, y mencion\u00f3 en espec\u00edfico el caso de Canc\u00fan, enclavado en Benito Ju\u00e1rez, \u201cun municipio que mucha gente lo ve boyante y exitoso y que hay mucho dinero, pero en realidad hay muchas carencias\u201d.<\/p>\n<p>Consider\u00f3, por ello, que hay un largo camino por andar y asegur\u00f3 que esta firma es el inicio de una colaboraci\u00f3n para un cambio radical en Canc\u00fan y de un trabajo transversal con un objetivo muy claro, que es poner en la prioridad de lo p\u00fablico a los seres humanos .<\/p>\n<p>Al evento acudieron tambi\u00e9n, por el gobierno de Quintana Roo, los secretarios, de Finanzas y Planeaci\u00f3n, Eugenio Segura V\u00e1zquez; de Turismo, Bernardo Cueto Riestra, y de Desarrollo Territorial Urbano Sustentable, Armando Lara de Nigris; el Consejero Jur\u00eddico, Carlos Fuentes del R\u00edo, y el titular de la Agencia de Proyectos Estrat\u00e9gicos del Estado de Quintana Roo, Jos\u00e9 Alberto Alonso Ovando.<\/p>\n<p>Por el Fonatur estuvieron la directora de Gesti\u00f3n Estrat\u00e9gica y Enlace Institucional, Violeta Abreu Gonz\u00e1lez; la directora de Fonatur Infraestructura, Miren Eukene Vicente Ertze; el director de Administraci\u00f3n y Finanzas, Camilo Oviedo Bautista; la directora de Desarrollo, Lyndia Quiroz Zavala; la directora de Comercializaci\u00f3n, Mileyli Mar\u00eda Willson Arias, y la directora jur\u00eddica, Alicia Paulina Arag\u00f3n Torres.<\/p>\n","protected":false},"excerpt":{"rendered":"<p>\u2022 Firman convenio de colaboraci\u00f3n el director general del Fonatur, Javier May Rodr\u00edguez, y la gobernadora&hellip;<\/p>\n","protected":false},"author":100,"featured_media":57585,"comment_status":"closed","ping_status":"closed","sticky":false,"template":"","format":"standard","meta":{"_acf_changed":false,"_lmt_disableupdate":"","_lmt_disable":"","_mbp_gutenberg_autopost":false,"footnotes":""},"categories":[23,1656],"tags":[],"class_list":["post-57584","post","type-post","status-publish","format-standard","has-post-thumbnail","hentry","category-noticias","category-quintana-roo"],"acf":[],"_links":{"self":[{"href":"https:\/\/l21.mx\/index.php?rest_route=\/wp\/v2\/posts\/57584","targetHints":{"allow":["GET"]}}],"collection":[{"href":"https:\/\/l21.mx\/index.php?rest_route=\/wp\/v2\/posts"}],"about":[{"href":"https:\/\/l21.mx\/index.php?rest_route=\/wp\/v2\/types\/post"}],"author":[{"embeddable":true,"href":"https:\/\/l21.mx\/index.php?rest_route=\/wp\/v2\/users\/100"}],"replies":[{"embeddable":true,"href":"https:\/\/l21.mx\/index.php?rest_route=%2Fwp%2Fv2%2Fcomments&post=57584"}],"version-history":[{"count":0,"href":"https:\/\/l21.mx\/index.php?rest_route=\/wp\/v2\/posts\/57584\/revisions"}],"wp:featuredmedia":[{"embeddable":true,"href":"https:\/\/l21.mx\/index.php?rest_route=\/wp\/v2\/media\/57585"}],"wp:attachment":[{"href":"https:\/\/l21.mx\/index.php?rest_route=%2Fwp%2Fv2%2Fmedia&parent=57584"}],"wp:term":[{"taxonomy":"category","embeddable":true,"href":"https:\/\/l21.mx\/index.php?rest_route=%2Fwp%2Fv2%2Fcategories&post=57584"},{"taxonomy":"post_tag","embeddable":true,"href":"https:\/\/l21.mx\/index.php?rest_route=%2Fwp%2Fv2%2Ftags&post=57584"}],"curies":[{"name":"wp","href":"https:\/\/api.w.org\/{rel}","templated":true}]}}