{"id":57927,"date":"2023-06-25T22:01:56","date_gmt":"2023-06-26T03:01:56","guid":{"rendered":"https:\/\/l21.mx\/?p=57927"},"modified":"2023-06-25T22:01:56","modified_gmt":"2023-06-26T03:01:56","slug":"completo-apoyo-del-gobierno-municipal-a-comerciantes","status":"publish","type":"post","link":"https:\/\/l21.mx\/?p=57927","title":{"rendered":"Completo apoyo del gobierno municipal a comerciantes"},"content":{"rendered":"<p>&nbsp;<\/p>\n<p>\u2022 El 30 de junio y 1 de julio se realizar\u00e1 la Feria del Comerciante en beneficio de vendedores y compradores<\/p>\n<p><a href=\"https:\/\/l21.mx\/wp-content\/uploads\/2023\/06\/WhatsApp-Image-2023-06-25-at-16.46.01.jpeg\" data-rel=\"penci-gallery-image-content\" ><img fetchpriority=\"high\" decoding=\"async\" class=\"alignnone size-medium wp-image-57928\" src=\"https:\/\/l21.mx\/wp-content\/uploads\/2023\/06\/WhatsApp-Image-2023-06-25-at-16.46.01-300x233.jpeg\" alt=\"\" width=\"300\" height=\"233\" srcset=\"https:\/\/l21.mx\/wp-content\/uploads\/2023\/06\/WhatsApp-Image-2023-06-25-at-16.46.01-300x233.jpeg 300w, https:\/\/l21.mx\/wp-content\/uploads\/2023\/06\/WhatsApp-Image-2023-06-25-at-16.46.01-1024x794.jpeg 1024w, https:\/\/l21.mx\/wp-content\/uploads\/2023\/06\/WhatsApp-Image-2023-06-25-at-16.46.01-768x595.jpeg 768w, https:\/\/l21.mx\/wp-content\/uploads\/2023\/06\/WhatsApp-Image-2023-06-25-at-16.46.01-1161x900.jpeg 1161w, https:\/\/l21.mx\/wp-content\/uploads\/2023\/06\/WhatsApp-Image-2023-06-25-at-16.46.01-1170x907.jpeg 1170w, https:\/\/l21.mx\/wp-content\/uploads\/2023\/06\/WhatsApp-Image-2023-06-25-at-16.46.01-585x453.jpeg 585w, https:\/\/l21.mx\/wp-content\/uploads\/2023\/06\/WhatsApp-Image-2023-06-25-at-16.46.01.jpeg 1280w\" sizes=\"(max-width: 300px) 100vw, 300px\" \/><\/a><\/p>\n<p>Playa del Carmen, Solidaridad, 25 de junio del 2023. \u2013 El apoyo a las y los comerciantes solidarenses para impulsar el crecimiento econ\u00f3mico y generar m\u00e1s empleos es prioridad de la presidenta Lili Campos, es por ello que a trav\u00e9s de la Secretar\u00eda de Desarrollo Econ\u00f3mico y Atracci\u00f3n de Inversiones se realizar\u00e1 la Feria del Comerciante.<\/p>\n<p>El pr\u00f3ximo viernes 30 de junio y s\u00e1bado 1 de julio, en la avenida Sian ka\u2019an entre avenida 38 y CTM se realizar\u00e1 este evento donde participar\u00e1n comerciantes afiliados al Instituto de la Juventud, Instituto de la Mujer y Direcci\u00f3n de Comercio.<\/p>\n<p>Se invita a la ciudadan\u00eda solidarense a apoyar la econom\u00eda local al asistir a este evento, de 3 de la tarde a 10 de la noche, as\u00ed como tambi\u00e9n a los comerciantes a participar con sus productos gastron\u00f3micos y artesan\u00edas, ente otros. Adem\u00e1s habr\u00e1 exhibiciones de motos, vochos y muchas actividades m\u00e1s.<\/p>\n","protected":false},"excerpt":{"rendered":"<p>&nbsp; \u2022 El 30 de junio y 1 de julio se realizar\u00e1 la Feria del Comerciante&hellip;<\/p>\n","protected":false},"author":100,"featured_media":57929,"comment_status":"closed","ping_status":"closed","sticky":false,"template":"","format":"standard","meta":{"_acf_changed":false,"_lmt_disableupdate":"","_lmt_disable":"","_mbp_gutenberg_autopost":false,"footnotes":""},"categories":[1654],"tags":[],"class_list":["post-57927","post","type-post","status-publish","format-standard","has-post-thumbnail","hentry","category-solidaridad"],"acf":[],"_links":{"self":[{"href":"https:\/\/l21.mx\/index.php?rest_route=\/wp\/v2\/posts\/57927","targetHints":{"allow":["GET"]}}],"collection":[{"href":"https:\/\/l21.mx\/index.php?rest_route=\/wp\/v2\/posts"}],"about":[{"href":"https:\/\/l21.mx\/index.php?rest_route=\/wp\/v2\/types\/post"}],"author":[{"embeddable":true,"href":"https:\/\/l21.mx\/index.php?rest_route=\/wp\/v2\/users\/100"}],"replies":[{"embeddable":true,"href":"https:\/\/l21.mx\/index.php?rest_route=%2Fwp%2Fv2%2Fcomments&post=57927"}],"version-history":[{"count":0,"href":"https:\/\/l21.mx\/index.php?rest_route=\/wp\/v2\/posts\/57927\/revisions"}],"wp:featuredmedia":[{"embeddable":true,"href":"https:\/\/l21.mx\/index.php?rest_route=\/wp\/v2\/media\/57929"}],"wp:attachment":[{"href":"https:\/\/l21.mx\/index.php?rest_route=%2Fwp%2Fv2%2Fmedia&parent=57927"}],"wp:term":[{"taxonomy":"category","embeddable":true,"href":"https:\/\/l21.mx\/index.php?rest_route=%2Fwp%2Fv2%2Fcategories&post=57927"},{"taxonomy":"post_tag","embeddable":true,"href":"https:\/\/l21.mx\/index.php?rest_route=%2Fwp%2Fv2%2Ftags&post=57927"}],"curies":[{"name":"wp","href":"https:\/\/api.w.org\/{rel}","templated":true}]}}