{"id":58001,"date":"2023-06-27T11:30:13","date_gmt":"2023-06-27T16:30:13","guid":{"rendered":"https:\/\/l21.mx\/?p=58001"},"modified":"2023-06-27T11:30:13","modified_gmt":"2023-06-27T16:30:13","slug":"hospital-joya-fortalece-los-servicios-de-pediatria","status":"publish","type":"post","link":"https:\/\/l21.mx\/?p=58001","title":{"rendered":"Hospital Joya fortalece los servicios de pediatr\u00eda"},"content":{"rendered":"<p>&nbsp;<\/p>\n<p>CANC\u00daN.- Hospital Joya recibi\u00f3 al Colegio de Pediatr\u00eda y se llev\u00f3 a cabo una de sus<br \/>\nsesiones acad\u00e9micas, lo que fortalece y pone a la vanguardia los servicios que<br \/>\nofrecen en el recinto, tanto en el rubro pedi\u00e1trico, como de fisioterapia.<\/p>\n<p><a href=\"https:\/\/l21.mx\/wp-content\/uploads\/2023\/06\/WhatsApp-Image-2023-06-27-at-10.11.41.jpeg\" data-rel=\"penci-gallery-image-content\" ><img fetchpriority=\"high\" decoding=\"async\" class=\"alignnone size-medium wp-image-58003\" src=\"https:\/\/l21.mx\/wp-content\/uploads\/2023\/06\/WhatsApp-Image-2023-06-27-at-10.11.41-300x197.jpeg\" alt=\"\" width=\"300\" height=\"197\" srcset=\"https:\/\/l21.mx\/wp-content\/uploads\/2023\/06\/WhatsApp-Image-2023-06-27-at-10.11.41-300x197.jpeg 300w, https:\/\/l21.mx\/wp-content\/uploads\/2023\/06\/WhatsApp-Image-2023-06-27-at-10.11.41-1024x673.jpeg 1024w, https:\/\/l21.mx\/wp-content\/uploads\/2023\/06\/WhatsApp-Image-2023-06-27-at-10.11.41-768x505.jpeg 768w, https:\/\/l21.mx\/wp-content\/uploads\/2023\/06\/WhatsApp-Image-2023-06-27-at-10.11.41-1536x1010.jpeg 1536w, https:\/\/l21.mx\/wp-content\/uploads\/2023\/06\/WhatsApp-Image-2023-06-27-at-10.11.41-1200x789.jpeg 1200w, https:\/\/l21.mx\/wp-content\/uploads\/2023\/06\/WhatsApp-Image-2023-06-27-at-10.11.41-1170x769.jpeg 1170w, https:\/\/l21.mx\/wp-content\/uploads\/2023\/06\/WhatsApp-Image-2023-06-27-at-10.11.41-780x516.jpeg 780w, https:\/\/l21.mx\/wp-content\/uploads\/2023\/06\/WhatsApp-Image-2023-06-27-at-10.11.41-585x385.jpeg 585w, https:\/\/l21.mx\/wp-content\/uploads\/2023\/06\/WhatsApp-Image-2023-06-27-at-10.11.41.jpeg 1600w\" sizes=\"(max-width: 300px) 100vw, 300px\" \/><\/a><br \/>\nElizabeth Jim\u00e9nez, coordinadora del \u00e1rea de Fisioterapia Rehabilitaci\u00f3n Ortes\u00eds y Pr\u00f3tesis del<br \/>\nHospital Joya Canc\u00fan, destac\u00f3 que este tipo de din\u00e1micas son de suma relevancia, porque los<br \/>\nm\u00e9dicos lo realizan una vez por mes para mantenerse capacitados y actualizados.<br \/>\n\u201cEn el devenir de la ciencia de la salud estamos en constante cambio, por lo que buscamos aportar<br \/>\nconjuntamente a trav\u00e9s de acciones colaborativas de este tipo y estar a la vanguardia, nos<br \/>\nenorgullece mucho estar en constante capacitaci\u00f3n\u201d, puntualiz\u00f3.<br \/>\nEl tema principal fue \u201cOrtopedia Pedi\u00e1trica\u201d, a cargo del Dr. Humberto Carrillo y el Dr. Jos\u00e9 Pastrana<br \/>\nRam\u00edrez, todo con el objetivo de mantener los conocimientos al d\u00eda de todo lo que ocurre a nivel<br \/>\ninternacional en las disciplinas correspondientes. Tambi\u00e9n se tuvo una sesi\u00f3n acad\u00e9mica de Tamiz<br \/>\nde cadera y alteraciones de la marcha<br \/>\n\u201cAhora le toc\u00f3 al Colegio de Pediatr\u00eda y esperamos recibir todos los colegios aqu\u00ed en el Hospital<br \/>\nJoya\u201d, enfatiz\u00f3.<br \/>\nActualmente la Mesa directiva de la Sociedad de Pediatr\u00eda Quintana Roo 2023-2025 est\u00e1 integrada<br \/>\npor: la Dra. Lidia del Carmen G\u00f3mez Puente, como presidente; Dr. Omar Rojas Pacheco,<br \/>\nvicepresidente; Dra. Miriam Bernal Campos, tesorero; y Dr. Adolfo de Jes\u00fas Garc\u00eda, a cargo del<br \/>\nComit\u00e9 de Vinculaci\u00f3n<\/p>\n","protected":false},"excerpt":{"rendered":"<p>&nbsp; CANC\u00daN.- Hospital Joya recibi\u00f3 al Colegio de Pediatr\u00eda y se llev\u00f3 a cabo una de&hellip;<\/p>\n","protected":false},"author":100,"featured_media":58002,"comment_status":"closed","ping_status":"closed","sticky":false,"template":"","format":"standard","meta":{"_acf_changed":false,"_lmt_disableupdate":"","_lmt_disable":"","_mbp_gutenberg_autopost":false,"footnotes":""},"categories":[1655,23],"tags":[],"class_list":["post-58001","post","type-post","status-publish","format-standard","has-post-thumbnail","hentry","category-cancun","category-noticias"],"acf":[],"_links":{"self":[{"href":"https:\/\/l21.mx\/index.php?rest_route=\/wp\/v2\/posts\/58001","targetHints":{"allow":["GET"]}}],"collection":[{"href":"https:\/\/l21.mx\/index.php?rest_route=\/wp\/v2\/posts"}],"about":[{"href":"https:\/\/l21.mx\/index.php?rest_route=\/wp\/v2\/types\/post"}],"author":[{"embeddable":true,"href":"https:\/\/l21.mx\/index.php?rest_route=\/wp\/v2\/users\/100"}],"replies":[{"embeddable":true,"href":"https:\/\/l21.mx\/index.php?rest_route=%2Fwp%2Fv2%2Fcomments&post=58001"}],"version-history":[{"count":0,"href":"https:\/\/l21.mx\/index.php?rest_route=\/wp\/v2\/posts\/58001\/revisions"}],"wp:featuredmedia":[{"embeddable":true,"href":"https:\/\/l21.mx\/index.php?rest_route=\/wp\/v2\/media\/58002"}],"wp:attachment":[{"href":"https:\/\/l21.mx\/index.php?rest_route=%2Fwp%2Fv2%2Fmedia&parent=58001"}],"wp:term":[{"taxonomy":"category","embeddable":true,"href":"https:\/\/l21.mx\/index.php?rest_route=%2Fwp%2Fv2%2Fcategories&post=58001"},{"taxonomy":"post_tag","embeddable":true,"href":"https:\/\/l21.mx\/index.php?rest_route=%2Fwp%2Fv2%2Ftags&post=58001"}],"curies":[{"name":"wp","href":"https:\/\/api.w.org\/{rel}","templated":true}]}}