{"id":58077,"date":"2023-06-29T21:23:32","date_gmt":"2023-06-30T02:23:32","guid":{"rendered":"https:\/\/l21.mx\/?p=58077"},"modified":"2023-06-29T21:23:32","modified_gmt":"2023-06-30T02:23:32","slug":"puerto-aventuras-preparado-para-temporada-de-huracanes-2023","status":"publish","type":"post","link":"https:\/\/l21.mx\/?p=58077","title":{"rendered":"Puerto Aventuras, preparado para temporada de huracanes 2023"},"content":{"rendered":"<p>&nbsp;<\/p>\n<p>\u2022 La presidenta Lili Campos instala el Subcomit\u00e9 Operativo Especializado en Fen\u00f3menos Hidrometeorol\u00f3gico de Puerto Aventuras, para protecci\u00f3n y seguridad de los habitantes<\/p>\n<p><a href=\"https:\/\/l21.mx\/wp-content\/uploads\/2023\/06\/WhatsApp-Image-2023-06-29-at-17.10.32-1.jpeg\" data-rel=\"penci-gallery-image-content\" ><img fetchpriority=\"high\" decoding=\"async\" class=\"alignnone size-medium wp-image-58079\" src=\"https:\/\/l21.mx\/wp-content\/uploads\/2023\/06\/WhatsApp-Image-2023-06-29-at-17.10.32-1-300x200.jpeg\" alt=\"\" width=\"300\" height=\"200\" srcset=\"https:\/\/l21.mx\/wp-content\/uploads\/2023\/06\/WhatsApp-Image-2023-06-29-at-17.10.32-1-300x200.jpeg 300w, https:\/\/l21.mx\/wp-content\/uploads\/2023\/06\/WhatsApp-Image-2023-06-29-at-17.10.32-1-1024x682.jpeg 1024w, https:\/\/l21.mx\/wp-content\/uploads\/2023\/06\/WhatsApp-Image-2023-06-29-at-17.10.32-1-768x512.jpeg 768w, https:\/\/l21.mx\/wp-content\/uploads\/2023\/06\/WhatsApp-Image-2023-06-29-at-17.10.32-1-1200x800.jpeg 1200w, https:\/\/l21.mx\/wp-content\/uploads\/2023\/06\/WhatsApp-Image-2023-06-29-at-17.10.32-1-1170x780.jpeg 1170w, https:\/\/l21.mx\/wp-content\/uploads\/2023\/06\/WhatsApp-Image-2023-06-29-at-17.10.32-1-585x390.jpeg 585w, https:\/\/l21.mx\/wp-content\/uploads\/2023\/06\/WhatsApp-Image-2023-06-29-at-17.10.32-1-263x175.jpeg 263w, https:\/\/l21.mx\/wp-content\/uploads\/2023\/06\/WhatsApp-Image-2023-06-29-at-17.10.32-1.jpeg 1280w\" sizes=\"(max-width: 300px) 100vw, 300px\" \/><\/a><\/p>\n<p>Playa del Carmen, Solidaridad, 29 de junio del 2023.- Durante la sesi\u00f3n de reinstalaci\u00f3n del Comit\u00e9 Especializado en Fen\u00f3menos Hidrometeorol\u00f3gicos de Protecci\u00f3n Civil temporada 2023, la presidenta Lili Campos tom\u00f3 protesta al subcomit\u00e9 Operativo de la Alcald\u00eda de Puerto Aventuras.<\/p>\n<p>La presidenta municipal dijo que \u00abno se desea que llegue alg\u00fan fen\u00f3meno; sin embargo, la instalaci\u00f3n del subcomit\u00e9 significa que ante una emergencia estamos listos para darle seguimiento y tomar las decisiones que se requieran para la seguridad e integridad de las familias de la alcald\u00eda\u00bb.<\/p>\n<p>La edil tom\u00f3 la protesta de rigor al subcomit\u00e9, cuyos integrantes abordar\u00e1n las medidas preventivas de la temporada de huracanes y ciclones 2023 de huracanes y ciclones. La secretaria t\u00e9cnica es Xiomara Rej\u00f3n Jim\u00e9nez. Con estas acciones se sigue fortaleciendo y consolidando Puerto Aventuras para actuar r\u00e1pido ante alguna circunstancia.<\/p>\n<p>Por su parte, el alcalde Gilberto G\u00f3mez agradeci\u00f3 el apoyo y respaldo constante de la presidenta Lili Campos para poder llevar a cabo acciones en materia de protecci\u00f3n civil, lo que fortalece la seguridad de la ciudadan\u00eda.<\/p>\n","protected":false},"excerpt":{"rendered":"<p>&nbsp; \u2022 La presidenta Lili Campos instala el Subcomit\u00e9 Operativo Especializado en Fen\u00f3menos Hidrometeorol\u00f3gico de Puerto&hellip;<\/p>\n","protected":false},"author":100,"featured_media":58078,"comment_status":"closed","ping_status":"closed","sticky":false,"template":"","format":"standard","meta":{"_acf_changed":false,"_lmt_disableupdate":"","_lmt_disable":"","_mbp_gutenberg_autopost":false,"footnotes":""},"categories":[23,1654],"tags":[],"class_list":["post-58077","post","type-post","status-publish","format-standard","has-post-thumbnail","hentry","category-noticias","category-solidaridad"],"acf":[],"_links":{"self":[{"href":"https:\/\/l21.mx\/index.php?rest_route=\/wp\/v2\/posts\/58077","targetHints":{"allow":["GET"]}}],"collection":[{"href":"https:\/\/l21.mx\/index.php?rest_route=\/wp\/v2\/posts"}],"about":[{"href":"https:\/\/l21.mx\/index.php?rest_route=\/wp\/v2\/types\/post"}],"author":[{"embeddable":true,"href":"https:\/\/l21.mx\/index.php?rest_route=\/wp\/v2\/users\/100"}],"replies":[{"embeddable":true,"href":"https:\/\/l21.mx\/index.php?rest_route=%2Fwp%2Fv2%2Fcomments&post=58077"}],"version-history":[{"count":0,"href":"https:\/\/l21.mx\/index.php?rest_route=\/wp\/v2\/posts\/58077\/revisions"}],"wp:featuredmedia":[{"embeddable":true,"href":"https:\/\/l21.mx\/index.php?rest_route=\/wp\/v2\/media\/58078"}],"wp:attachment":[{"href":"https:\/\/l21.mx\/index.php?rest_route=%2Fwp%2Fv2%2Fmedia&parent=58077"}],"wp:term":[{"taxonomy":"category","embeddable":true,"href":"https:\/\/l21.mx\/index.php?rest_route=%2Fwp%2Fv2%2Fcategories&post=58077"},{"taxonomy":"post_tag","embeddable":true,"href":"https:\/\/l21.mx\/index.php?rest_route=%2Fwp%2Fv2%2Ftags&post=58077"}],"curies":[{"name":"wp","href":"https:\/\/api.w.org\/{rel}","templated":true}]}}