{"id":58083,"date":"2023-06-29T21:27:05","date_gmt":"2023-06-30T02:27:05","guid":{"rendered":"https:\/\/l21.mx\/?p=58083"},"modified":"2023-06-29T21:27:05","modified_gmt":"2023-06-30T02:27:05","slug":"campeonato-estatal-charro-en-puerto-morelos","status":"publish","type":"post","link":"https:\/\/l21.mx\/?p=58083","title":{"rendered":"Campeonato Estatal Charro en Puerto Morelos"},"content":{"rendered":"<p>&nbsp;<\/p>\n<p>*Del torneo, que tiene como sede el Rancho Ixtul, saldr\u00e1n los tres equipos que representar\u00e1n al Estado en el campeonato nacional<\/p>\n<p><a href=\"https:\/\/l21.mx\/wp-content\/uploads\/2023\/06\/WhatsApp-Image-2023-06-29-at-16.18.11.jpeg\" data-rel=\"penci-gallery-image-content\" ><img fetchpriority=\"high\" decoding=\"async\" class=\"alignnone size-medium wp-image-58086\" src=\"https:\/\/l21.mx\/wp-content\/uploads\/2023\/06\/WhatsApp-Image-2023-06-29-at-16.18.11-300x204.jpeg\" alt=\"\" width=\"300\" height=\"204\" srcset=\"https:\/\/l21.mx\/wp-content\/uploads\/2023\/06\/WhatsApp-Image-2023-06-29-at-16.18.11-300x204.jpeg 300w, https:\/\/l21.mx\/wp-content\/uploads\/2023\/06\/WhatsApp-Image-2023-06-29-at-16.18.11-1024x696.jpeg 1024w, https:\/\/l21.mx\/wp-content\/uploads\/2023\/06\/WhatsApp-Image-2023-06-29-at-16.18.11-768x522.jpeg 768w, https:\/\/l21.mx\/wp-content\/uploads\/2023\/06\/WhatsApp-Image-2023-06-29-at-16.18.11-1200x816.jpeg 1200w, https:\/\/l21.mx\/wp-content\/uploads\/2023\/06\/WhatsApp-Image-2023-06-29-at-16.18.11-1170x795.jpeg 1170w, https:\/\/l21.mx\/wp-content\/uploads\/2023\/06\/WhatsApp-Image-2023-06-29-at-16.18.11-585x398.jpeg 585w, https:\/\/l21.mx\/wp-content\/uploads\/2023\/06\/WhatsApp-Image-2023-06-29-at-16.18.11.jpeg 1280w\" sizes=\"(max-width: 300px) 100vw, 300px\" \/><\/a><br \/>\nLeona Vicario, Puerto Morelos, Quintana Roo, 29 de junio.&#8211; Con el tradicional machetazo a la soga a mitad del ruedo, la presidenta municipal Blanca Merari Tziu Mu\u00f1oz inaugur\u00f3 el Campeonato Estatal Charro 2023 \u00abLorenzo Rodr\u00edguez Silva\u00bb en el lienzo charro del Rancho Ixtul.<br \/>\nEn el torneo participan 12 equipos, tres de los cuales obtendr\u00e1n su pase al Campeonato Nacional, que se realizar\u00e1 en San Luis Potos\u00ed.<br \/>\niQu\u00e9 mejor escenario que el Rancho Ixtul para la pr\u00e1ctica del deporte nacional, que es reflejo de nuestras costumbres y se ha preservado gracias al esfuerzo de miles de familias que encontraron una forma de uni\u00f3n y entretenimiento, manifest\u00f3.<br \/>\nAnte los se\u00f1ores Lorenzo Vargas Soltero y Ana Rosa S\u00e1nchez de Vargas, propietarios, destac\u00f3 que este monumental lienzo charro es el \u00fanico con las caracter\u00edsticas necesarias para dar cabida a un campeonato estatal y nacional.<\/p>\n<p><a href=\"https:\/\/l21.mx\/wp-content\/uploads\/2023\/06\/WhatsApp-Image-2023-06-29-at-16.18.12-1.jpeg\" data-rel=\"penci-gallery-image-content\" ><img decoding=\"async\" class=\"alignnone size-medium wp-image-58084\" src=\"https:\/\/l21.mx\/wp-content\/uploads\/2023\/06\/WhatsApp-Image-2023-06-29-at-16.18.12-1-300x224.jpeg\" alt=\"\" width=\"300\" height=\"224\" srcset=\"https:\/\/l21.mx\/wp-content\/uploads\/2023\/06\/WhatsApp-Image-2023-06-29-at-16.18.12-1-300x224.jpeg 300w, https:\/\/l21.mx\/wp-content\/uploads\/2023\/06\/WhatsApp-Image-2023-06-29-at-16.18.12-1-1024x766.jpeg 1024w, https:\/\/l21.mx\/wp-content\/uploads\/2023\/06\/WhatsApp-Image-2023-06-29-at-16.18.12-1-768x574.jpeg 768w, https:\/\/l21.mx\/wp-content\/uploads\/2023\/06\/WhatsApp-Image-2023-06-29-at-16.18.12-1-1200x897.jpeg 1200w, https:\/\/l21.mx\/wp-content\/uploads\/2023\/06\/WhatsApp-Image-2023-06-29-at-16.18.12-1-1170x875.jpeg 1170w, https:\/\/l21.mx\/wp-content\/uploads\/2023\/06\/WhatsApp-Image-2023-06-29-at-16.18.12-1-585x437.jpeg 585w, https:\/\/l21.mx\/wp-content\/uploads\/2023\/06\/WhatsApp-Image-2023-06-29-at-16.18.12-1.jpeg 1280w\" sizes=\"(max-width: 300px) 100vw, 300px\" \/><\/a><br \/>\nLa Alcaldesa tambi\u00e9n se\u00f1al\u00f3 que Puerto Morelos va por el camino correcto, el de la promoci\u00f3n tur\u00edstica, social y deportiva.<br \/>\nA su vez, Arturo Renter\u00eda M\u00e9ndez, presidente de la Uni\u00f3n de Asociaciones de Charros de Quintana Roo, organizadora del torneo, indic\u00f3 que este es un a\u00f1o simb\u00f3lico, en el que se festeja la mexicanidad de Quintana Roo.<br \/>\nEn esta primera jornada del campeonato que a manera de homenaje lleva el nombre de Lorenzo Rodr\u00edguez Silva compitieron los equipos Los tres regalos, Insurgentes del Caribe y Ribere\u00f1os de Playa del Carmen.<br \/>\nLa Presidenta Municipal disfrut\u00f3 del espect\u00e1culo que ofrecieron los equipos competidores, como el calado de caballos, manganas y pie y a caballo y coleadero, entre otras.<\/p>\n","protected":false},"excerpt":{"rendered":"<p>&nbsp; *Del torneo, que tiene como sede el Rancho Ixtul, saldr\u00e1n los tres equipos que representar\u00e1n&hellip;<\/p>\n","protected":false},"author":100,"featured_media":58085,"comment_status":"closed","ping_status":"closed","sticky":false,"template":"","format":"standard","meta":{"_acf_changed":false,"_lmt_disableupdate":"","_lmt_disable":"","_mbp_gutenberg_autopost":false,"footnotes":""},"categories":[23,1656],"tags":[],"class_list":["post-58083","post","type-post","status-publish","format-standard","has-post-thumbnail","hentry","category-noticias","category-quintana-roo"],"acf":[],"_links":{"self":[{"href":"https:\/\/l21.mx\/index.php?rest_route=\/wp\/v2\/posts\/58083","targetHints":{"allow":["GET"]}}],"collection":[{"href":"https:\/\/l21.mx\/index.php?rest_route=\/wp\/v2\/posts"}],"about":[{"href":"https:\/\/l21.mx\/index.php?rest_route=\/wp\/v2\/types\/post"}],"author":[{"embeddable":true,"href":"https:\/\/l21.mx\/index.php?rest_route=\/wp\/v2\/users\/100"}],"replies":[{"embeddable":true,"href":"https:\/\/l21.mx\/index.php?rest_route=%2Fwp%2Fv2%2Fcomments&post=58083"}],"version-history":[{"count":0,"href":"https:\/\/l21.mx\/index.php?rest_route=\/wp\/v2\/posts\/58083\/revisions"}],"wp:featuredmedia":[{"embeddable":true,"href":"https:\/\/l21.mx\/index.php?rest_route=\/wp\/v2\/media\/58085"}],"wp:attachment":[{"href":"https:\/\/l21.mx\/index.php?rest_route=%2Fwp%2Fv2%2Fmedia&parent=58083"}],"wp:term":[{"taxonomy":"category","embeddable":true,"href":"https:\/\/l21.mx\/index.php?rest_route=%2Fwp%2Fv2%2Fcategories&post=58083"},{"taxonomy":"post_tag","embeddable":true,"href":"https:\/\/l21.mx\/index.php?rest_route=%2Fwp%2Fv2%2Ftags&post=58083"}],"curies":[{"name":"wp","href":"https:\/\/api.w.org\/{rel}","templated":true}]}}