{"id":58106,"date":"2023-06-30T16:04:04","date_gmt":"2023-06-30T21:04:04","guid":{"rendered":"https:\/\/l21.mx\/?p=58106"},"modified":"2023-06-30T16:04:04","modified_gmt":"2023-06-30T21:04:04","slug":"bacalar-sede-del-foro-nacional-de-pueblos-magicos","status":"publish","type":"post","link":"https:\/\/l21.mx\/?p=58106","title":{"rendered":"Bacalar, sede del Foro Nacional de Pueblos M\u00e1gicos"},"content":{"rendered":"<p>&nbsp;<\/p>\n<p>&#8211; Representa una plataforma para potencializar el nuevo modelo de turismo que impulsa la gobernadora Mara Lezama a fin de llevar justicia social y prosperidad compartida a las comunidades mayas del sur<\/p>\n<p><a href=\"https:\/\/l21.mx\/wp-content\/uploads\/2023\/06\/WhatsApp-Image-2023-06-30-at-15.40.40.jpeg\" data-rel=\"penci-gallery-image-content\" ><img decoding=\"async\" class=\"alignnone size-medium wp-image-58107\" src=\"https:\/\/l21.mx\/wp-content\/uploads\/2023\/06\/WhatsApp-Image-2023-06-30-at-15.40.40-300x142.jpeg\" alt=\"\" width=\"300\" height=\"142\" srcset=\"https:\/\/l21.mx\/wp-content\/uploads\/2023\/06\/WhatsApp-Image-2023-06-30-at-15.40.40-300x142.jpeg 300w, https:\/\/l21.mx\/wp-content\/uploads\/2023\/06\/WhatsApp-Image-2023-06-30-at-15.40.40-1024x485.jpeg 1024w, https:\/\/l21.mx\/wp-content\/uploads\/2023\/06\/WhatsApp-Image-2023-06-30-at-15.40.40-768x364.jpeg 768w, https:\/\/l21.mx\/wp-content\/uploads\/2023\/06\/WhatsApp-Image-2023-06-30-at-15.40.40-1536x728.jpeg 1536w, https:\/\/l21.mx\/wp-content\/uploads\/2023\/06\/WhatsApp-Image-2023-06-30-at-15.40.40-1200x569.jpeg 1200w, https:\/\/l21.mx\/wp-content\/uploads\/2023\/06\/WhatsApp-Image-2023-06-30-at-15.40.40-1170x554.jpeg 1170w, https:\/\/l21.mx\/wp-content\/uploads\/2023\/06\/WhatsApp-Image-2023-06-30-at-15.40.40-585x277.jpeg 585w, https:\/\/l21.mx\/wp-content\/uploads\/2023\/06\/WhatsApp-Image-2023-06-30-at-15.40.40.jpeg 1600w\" sizes=\"(max-width: 300px) 100vw, 300px\" \/><\/a><\/p>\n<p>Bacalar.- Con el objetivo de fomentar el turismo rural y cultural en el pa\u00eds, Bacalar es sede del 4\u00ba Foro Nacional de Pueblos M\u00e1gicos en el que participan expertos en turismo, m\u00e1s de 90 presidentas y presidentes municipales, empresarios y organizaciones relacionadas con el desarrollo sostenible.<\/p>\n<p>Este evento permitir\u00e1 potencializar el nuevo modelo de turismo que en Quintana Roo impulsa la gobernadora Mara Lezama Espinosa y que los beneficios y la prosperidad compartida se reflejen en las comunidades mayas con base en el Nuevo Acuerdo por el Bienestar y Desarrollo, en donde las personas son el centro de las acciones.<\/p>\n<p>Desde el inicio de su administraci\u00f3n, Mara Lezama ha potenciado la actividad tur\u00edstica por igual en el norte, centro y sur para disminuir las desigualdades sociales y llevarles justicia social, principalmente a los pueblos mayas, identidad e historia quintanarroense que fue excluida anteriormente del \u00e9xito tur\u00edstico.<\/p>\n<p>Con este foro en Bacalar se estrechar\u00e1n lazos, se fortalecer\u00e1n ideas y se desarrollar\u00e1 en conjunto una estrategia nacional que permita el crecimiento de los pueblos y destinos. Quintana Roo tiene cuatro Pueblos M\u00e1gicos: Bacalar, Isla Mujeres, Tulum y recientemente Cozumel recibi\u00f3 el nombramiento.<\/p>\n<p>De acuerdo con el programa, los participantes trabajar\u00e1n en tres ejes fundamentales: garantizar que los beneficios sean para los habitantes de estas localidades, para que puedan prosperar y disfrutar de la riqueza que los rodea; el compromiso a conservar y poner en valor nuestra riqueza natural y cultural tangible e intangible, para que perdure en el tiempo; y brindar a los turistas un trato amable, seguro y con propuestas de valor que les permitan apreciar y disfrutar plenamente de la magia de estos pueblos.<\/p>\n<p>Con la representaci\u00f3n de la gobernadora Mara Lezama, el secretario de turismo Bernardo Cueto Riestra destac\u00f3 que el camino que ha marcado la Gobernadora es construir un futuro inclusivo, equitativo y pr\u00f3spero para todos los habitantes de Quintana Roo.<\/p>\n<p>Este 4\u00ba Foro Nacional de Pueblos M\u00e1gicos regi\u00f3n Sureste, con el tema \u201cLa comercializaci\u00f3n de destinos tur\u00edsticos para el desarrollo\u201d concluye el 1 de julio, incluye ponencias, la firma del convenio Retur Q, una verbena popular, la funci\u00f3n de gala de cine \u201c\u00c1rbol Rojo y la develaci\u00f3n del autob\u00fas de Bacalar.<\/p>\n<p>La bienvenida a la ceremonia de inauguraci\u00f3n estuvo a cargo del presidente del Comit\u00e9 Bacalar Pueblo M\u00e1gico, Nicanor Pi\u00f1a Ugalde; la exposici\u00f3n de motivos por el tesorero de la Asociaci\u00f3n Nacional de los Comit\u00e9s Ciudadanos de los Pueblos M\u00e1gicos, Luis \u00c1ngel Lambreton Cort\u00e1zar, y el mensaje inaugural a cargo del presidente municipal de Bacalar Jos\u00e9 Alfredo Contreras M\u00e9ndez.<\/p>\n","protected":false},"excerpt":{"rendered":"<p>&nbsp; &#8211; Representa una plataforma para potencializar el nuevo modelo de turismo que impulsa la gobernadora&hellip;<\/p>\n","protected":false},"author":100,"featured_media":58108,"comment_status":"closed","ping_status":"closed","sticky":false,"template":"","format":"standard","meta":{"_acf_changed":false,"_lmt_disableupdate":"","_lmt_disable":"","_mbp_gutenberg_autopost":false,"footnotes":""},"categories":[23,1656],"tags":[],"class_list":["post-58106","post","type-post","status-publish","format-standard","has-post-thumbnail","hentry","category-noticias","category-quintana-roo"],"acf":[],"_links":{"self":[{"href":"https:\/\/l21.mx\/index.php?rest_route=\/wp\/v2\/posts\/58106","targetHints":{"allow":["GET"]}}],"collection":[{"href":"https:\/\/l21.mx\/index.php?rest_route=\/wp\/v2\/posts"}],"about":[{"href":"https:\/\/l21.mx\/index.php?rest_route=\/wp\/v2\/types\/post"}],"author":[{"embeddable":true,"href":"https:\/\/l21.mx\/index.php?rest_route=\/wp\/v2\/users\/100"}],"replies":[{"embeddable":true,"href":"https:\/\/l21.mx\/index.php?rest_route=%2Fwp%2Fv2%2Fcomments&post=58106"}],"version-history":[{"count":0,"href":"https:\/\/l21.mx\/index.php?rest_route=\/wp\/v2\/posts\/58106\/revisions"}],"wp:featuredmedia":[{"embeddable":true,"href":"https:\/\/l21.mx\/index.php?rest_route=\/wp\/v2\/media\/58108"}],"wp:attachment":[{"href":"https:\/\/l21.mx\/index.php?rest_route=%2Fwp%2Fv2%2Fmedia&parent=58106"}],"wp:term":[{"taxonomy":"category","embeddable":true,"href":"https:\/\/l21.mx\/index.php?rest_route=%2Fwp%2Fv2%2Fcategories&post=58106"},{"taxonomy":"post_tag","embeddable":true,"href":"https:\/\/l21.mx\/index.php?rest_route=%2Fwp%2Fv2%2Ftags&post=58106"}],"curies":[{"name":"wp","href":"https:\/\/api.w.org\/{rel}","templated":true}]}}