{"id":58131,"date":"2023-07-01T07:53:33","date_gmt":"2023-07-01T12:53:33","guid":{"rendered":"https:\/\/l21.mx\/?p=58131"},"modified":"2023-07-01T07:53:33","modified_gmt":"2023-07-01T12:53:33","slug":"seleccion-natural-vs-compras-selectivas","status":"publish","type":"post","link":"https:\/\/l21.mx\/?p=58131","title":{"rendered":"Selecci\u00f3n natural vs compras selectivas"},"content":{"rendered":"<ul>\n<li>Mirada empresarial<\/li>\n<li>Inna German G\u00f3mez<\/li>\n<li>Empresaria<\/li>\n<li>@Innagg<\/li>\n<\/ul>\n<p>A lo largo de la historia de la humanidad, libros y pel\u00edculas han puesto sobre la mesa la idea de \u2018mejorar\u2019 la raza humana, basada en la capacidad monetaria de los individuos. \u2018Un mundo feliz\u2019, del autor Aldous Huxley,\u00a0 plantea que en un futuro los humanos no tendremos hijos de manera natural, sino que todos ser\u00e1n creados en un laboratorio en funci\u00f3n a las necesidades espec\u00edficas de la comunidad. Estas ideolog\u00edas est\u00e1n basadas en sistemas que ya existen hoy; por ejemplo, en la India los sistemas de castas limitan a los individuos a realizar cierta actividad \u00fanicamente porque nacieron en esa casta. A pesar de que hemos trabajado mucho para lograr la igualdad seguimos teniendo en nuestro vocabulario la frase: \u2018Ustedes, no son nosotros\u2019.<br \/>\nAl mejorar el desempe\u00f1o de la medicina se ha ampliado la expectativa de vida, y adem\u00e1s aquellos que tienen recursos econ\u00f3micos, pueden proveerse una mejor atenci\u00f3n m\u00e9dica, lo que lleva a la gente con mayor capacidad monetaria a alargar su vida y procurar\u00e1n que sus descendientes sobrevivan, a\u00fan a pesar de problemas de salud, que en otra situaci\u00f3n econ\u00f3mica no les hubieran permitido sobrevivir. \u00bfQu\u00e9 implicaciones biol\u00f3gicas tiene esto? Depende de a qui\u00e9n le preguntemos, pero por lo pronto todos coinciden que hacer trampa a la selecci\u00f3n natural nos va llevando a ser una especie m\u00e1s d\u00e9bil.<br \/>\nSi queremos, como se plantea en la pel\u00edcula \u2018Gattaca\u2019, hacer una nueva raza de seres humanos mejorados gen\u00e9ticamente en funci\u00f3n a eliminar genes problem\u00e1ticos, suena muy bien: menos enfermedades gen\u00e9ticas, menor gasto en los sistemas de salud, pero a veces eso de andar haciendo experimentos en mejoramiento de razas no nos sale del todo bien. Un buen ejemplo de esto es la raza de perros pugs (jajaja). \u00bfPero c\u00f3mo operaremos para seleccionar los genes mejores a los genes no tan buenos? \u00bfQui\u00e9n har\u00e1 ahora la selecci\u00f3n de esos nuevos integrantes humanos? \u00bfQui\u00e9n podr\u00e1 pagar esos procedimientos? Seguiremos haciendo m\u00e1s grandes las diferencias entre clases. \u00bfAhora los ricos tambi\u00e9n ser\u00e1n superiores gen\u00e9ticamente? Estamos obviando una situaci\u00f3n que se ha planteado siempre, \u00bfY el contenido de esos cuerpos mejores?, \u00bfSer\u00e1n mejores \u00e9ticamente hablando?, \u00bfTendr\u00e1n una mejor capacidad intelectual para acabar con los problemas que hoy aquejan? Todas estas preguntas son realmente importantes.<br \/>\nNuestra especie siempre est\u00e1 luchando por cambiar las reglas que existen, ya afectamos nuestro planeta y lo estamos matando porque no somos capaces de cambiar estilos de vida; ahora queremos cambiar lo que ha funcionado en la naturaleza por billones de a\u00f1os. Estoy de acuerdo en querer procurar un sistema de salud mejor, en cuidar mejor de nuestros cong\u00e9neres, pero ahora ponernos a seleccionar nosotros\u2026. Mmhhh me quedan varias dudas al respecto de nuestra capacidad. L\u00e1stima que no estar\u00e9 para ver el resultado, pero \u00bfqui\u00e9n sabe? a lo mejor me seleccionan para clonarme.<\/p>\n","protected":false},"excerpt":{"rendered":"<p>Mirada empresarial Inna German G\u00f3mez Empresaria @Innagg A lo largo de la historia de la humanidad,&hellip;<\/p>\n","protected":false},"author":95,"featured_media":49544,"comment_status":"closed","ping_status":"closed","sticky":false,"template":"","format":"standard","meta":{"_acf_changed":false,"_lmt_disableupdate":"","_lmt_disable":"","_mbp_gutenberg_autopost":false,"footnotes":""},"categories":[486],"tags":[],"class_list":["post-58131","post","type-post","status-publish","format-standard","has-post-thumbnail","hentry","category-inna-german"],"acf":[],"yoast_head":"<!-- This site is optimized with the Yoast SEO plugin v27.3 - https:\/\/yoast.com\/product\/yoast-seo-wordpress\/ -->\n<title>Selecci\u00f3n natural vs compras selectivas | Revista Latitud 21<\/title>\n<meta name=\"description\" content=\"L21, Emprendedores y Negocios en el Caribe Mexicano, es la revista l\u00edder entre el Sector Empresarial y Tur\u00edstico del Caribe Mexicano.\" \/>\n<meta name=\"robots\" content=\"index, follow, max-snippet:-1, max-image-preview:large, max-video-preview:-1\" \/>\n<link rel=\"canonical\" href=\"https:\/\/l21.mx\/?p=58131\" \/>\n<meta name=\"twitter:card\" content=\"summary_large_image\" \/>\n<meta name=\"twitter:title\" content=\"Selecci\u00f3n natural vs compras selectivas | Revista Latitud 21\" \/>\n<meta name=\"twitter:description\" content=\"L21, Emprendedores y Negocios en el Caribe Mexicano, es la revista l\u00edder entre el Sector Empresarial y Tur\u00edstico del Caribe Mexicano.\" \/>\n<meta name=\"twitter:image\" content=\"https:\/\/l21.mx\/wp-content\/uploads\/2021\/04\/inna-german-mirada-empresarial.jpg\" \/>\n<meta name=\"twitter:creator\" content=\"@Latitud21mx\" \/>\n<meta name=\"twitter:site\" content=\"@Latitud21mx\" \/>\n<meta name=\"twitter:label1\" content=\"Escrito por\" \/>\n\t<meta name=\"twitter:data1\" content=\"ahernandez@latitud21.com.mx\" \/>\n\t<meta name=\"twitter:label2\" content=\"Tiempo de lectura\" \/>\n\t<meta name=\"twitter:data2\" content=\"3 minutos\" \/>\n<script type=\"application\/ld+json\" class=\"yoast-schema-graph\">{\"@context\":\"https:\\\/\\\/schema.org\",\"@graph\":[{\"@type\":\"Article\",\"@id\":\"https:\\\/\\\/l21.mx\\\/?p=58131#article\",\"isPartOf\":{\"@id\":\"https:\\\/\\\/l21.mx\\\/?p=58131\"},\"author\":{\"name\":\"ahernandez@latitud21.com.mx\",\"@id\":\"https:\\\/\\\/l21.mx\\\/#\\\/schema\\\/person\\\/b3cb342bb947a88e1fc27e05770479da\"},\"headline\":\"Selecci\u00f3n natural vs compras selectivas\",\"datePublished\":\"2023-07-01T12:53:33+00:00\",\"mainEntityOfPage\":{\"@id\":\"https:\\\/\\\/l21.mx\\\/?p=58131\"},\"wordCount\":518,\"publisher\":{\"@id\":\"https:\\\/\\\/l21.mx\\\/#organization\"},\"image\":{\"@id\":\"https:\\\/\\\/l21.mx\\\/?p=58131#primaryimage\"},\"thumbnailUrl\":\"https:\\\/\\\/l21.mx\\\/wp-content\\\/uploads\\\/2021\\\/04\\\/inna-german-mirada-empresarial.jpg\",\"articleSection\":[\"Inna German G\u00f3mez\"],\"inLanguage\":\"es\"},{\"@type\":\"WebPage\",\"@id\":\"https:\\\/\\\/l21.mx\\\/?p=58131\",\"url\":\"https:\\\/\\\/l21.mx\\\/?p=58131\",\"name\":\"Selecci\u00f3n natural vs compras selectivas | Revista Latitud 21\",\"isPartOf\":{\"@id\":\"https:\\\/\\\/l21.mx\\\/#website\"},\"primaryImageOfPage\":{\"@id\":\"https:\\\/\\\/l21.mx\\\/?p=58131#primaryimage\"},\"image\":{\"@id\":\"https:\\\/\\\/l21.mx\\\/?p=58131#primaryimage\"},\"thumbnailUrl\":\"https:\\\/\\\/l21.mx\\\/wp-content\\\/uploads\\\/2021\\\/04\\\/inna-german-mirada-empresarial.jpg\",\"datePublished\":\"2023-07-01T12:53:33+00:00\",\"description\":\"L21, Emprendedores y Negocios en el Caribe Mexicano, es la revista l\u00edder entre el Sector Empresarial y Tur\u00edstico del Caribe Mexicano.\",\"breadcrumb\":{\"@id\":\"https:\\\/\\\/l21.mx\\\/?p=58131#breadcrumb\"},\"inLanguage\":\"es\",\"potentialAction\":[{\"@type\":\"ReadAction\",\"target\":[\"https:\\\/\\\/l21.mx\\\/?p=58131\"]}]},{\"@type\":\"ImageObject\",\"inLanguage\":\"es\",\"@id\":\"https:\\\/\\\/l21.mx\\\/?p=58131#primaryimage\",\"url\":\"https:\\\/\\\/l21.mx\\\/wp-content\\\/uploads\\\/2021\\\/04\\\/inna-german-mirada-empresarial.jpg\",\"contentUrl\":\"https:\\\/\\\/l21.mx\\\/wp-content\\\/uploads\\\/2021\\\/04\\\/inna-german-mirada-empresarial.jpg\",\"width\":\"900\",\"height\":\"599\"},{\"@type\":\"BreadcrumbList\",\"@id\":\"https:\\\/\\\/l21.mx\\\/?p=58131#breadcrumb\",\"itemListElement\":[{\"@type\":\"ListItem\",\"position\":1,\"name\":\"Portada\",\"item\":\"https:\\\/\\\/l21.mx\\\/\"},{\"@type\":\"ListItem\",\"position\":2,\"name\":\"Selecci\u00f3n natural vs compras selectivas\"}]},{\"@type\":\"WebSite\",\"@id\":\"https:\\\/\\\/l21.mx\\\/#website\",\"url\":\"https:\\\/\\\/l21.mx\\\/\",\"name\":\"Revista Latitud 21\",\"description\":\"Emprendedores  y negocios en el Caribe Mexicano\",\"publisher\":{\"@id\":\"https:\\\/\\\/l21.mx\\\/#organization\"},\"potentialAction\":[{\"@type\":\"SearchAction\",\"target\":{\"@type\":\"EntryPoint\",\"urlTemplate\":\"https:\\\/\\\/l21.mx\\\/?s={search_term_string}\"},\"query-input\":{\"@type\":\"PropertyValueSpecification\",\"valueRequired\":true,\"valueName\":\"search_term_string\"}}],\"inLanguage\":\"es\"},{\"@type\":\"Organization\",\"@id\":\"https:\\\/\\\/l21.mx\\\/#organization\",\"name\":\"Grupo Editorial Latitud 21 SA de CV\",\"url\":\"https:\\\/\\\/l21.mx\\\/\",\"logo\":{\"@type\":\"ImageObject\",\"inLanguage\":\"es\",\"@id\":\"https:\\\/\\\/l21.mx\\\/#\\\/schema\\\/logo\\\/image\\\/\",\"url\":\"https:\\\/\\\/l21.mx\\\/wp-content\\\/uploads\\\/2020\\\/10\\\/logo-l21-baja.jpg\",\"contentUrl\":\"https:\\\/\\\/l21.mx\\\/wp-content\\\/uploads\\\/2020\\\/10\\\/logo-l21-baja.jpg\",\"width\":250,\"height\":250,\"caption\":\"Grupo Editorial Latitud 21 SA de CV\"},\"image\":{\"@id\":\"https:\\\/\\\/l21.mx\\\/#\\\/schema\\\/logo\\\/image\\\/\"},\"sameAs\":[\"https:\\\/\\\/www.facebook.com\\\/RevistaLatitud21\\\/\",\"https:\\\/\\\/x.com\\\/Latitud21mx\"]},{\"@type\":\"Person\",\"@id\":\"https:\\\/\\\/l21.mx\\\/#\\\/schema\\\/person\\\/b3cb342bb947a88e1fc27e05770479da\",\"name\":\"ahernandez@latitud21.com.mx\",\"url\":\"https:\\\/\\\/l21.mx\\\/?author=95\"}]}<\/script>\n<!-- \/ Yoast SEO plugin. -->","yoast_head_json":{"title":"Selecci\u00f3n natural vs compras selectivas | Revista Latitud 21","description":"L21, Emprendedores y Negocios en el Caribe Mexicano, es la revista l\u00edder entre el Sector Empresarial y Tur\u00edstico del Caribe Mexicano.","robots":{"index":"index","follow":"follow","max-snippet":"max-snippet:-1","max-image-preview":"max-image-preview:large","max-video-preview":"max-video-preview:-1"},"canonical":"https:\/\/l21.mx\/?p=58131","twitter_card":"summary_large_image","twitter_title":"Selecci\u00f3n natural vs compras selectivas | Revista Latitud 21","twitter_description":"L21, Emprendedores y Negocios en el Caribe Mexicano, es la revista l\u00edder entre el Sector Empresarial y Tur\u00edstico del Caribe Mexicano.","twitter_image":"https:\/\/l21.mx\/wp-content\/uploads\/2021\/04\/inna-german-mirada-empresarial.jpg","twitter_creator":"@Latitud21mx","twitter_site":"@Latitud21mx","twitter_misc":{"Escrito por":"ahernandez@latitud21.com.mx","Tiempo de lectura":"3 minutos"},"schema":{"@context":"https:\/\/schema.org","@graph":[{"@type":"Article","@id":"https:\/\/l21.mx\/?p=58131#article","isPartOf":{"@id":"https:\/\/l21.mx\/?p=58131"},"author":{"name":"ahernandez@latitud21.com.mx","@id":"https:\/\/l21.mx\/#\/schema\/person\/b3cb342bb947a88e1fc27e05770479da"},"headline":"Selecci\u00f3n natural vs compras selectivas","datePublished":"2023-07-01T12:53:33+00:00","mainEntityOfPage":{"@id":"https:\/\/l21.mx\/?p=58131"},"wordCount":518,"publisher":{"@id":"https:\/\/l21.mx\/#organization"},"image":{"@id":"https:\/\/l21.mx\/?p=58131#primaryimage"},"thumbnailUrl":"https:\/\/l21.mx\/wp-content\/uploads\/2021\/04\/inna-german-mirada-empresarial.jpg","articleSection":["Inna German G\u00f3mez"],"inLanguage":"es"},{"@type":"WebPage","@id":"https:\/\/l21.mx\/?p=58131","url":"https:\/\/l21.mx\/?p=58131","name":"Selecci\u00f3n natural vs compras selectivas | Revista Latitud 21","isPartOf":{"@id":"https:\/\/l21.mx\/#website"},"primaryImageOfPage":{"@id":"https:\/\/l21.mx\/?p=58131#primaryimage"},"image":{"@id":"https:\/\/l21.mx\/?p=58131#primaryimage"},"thumbnailUrl":"https:\/\/l21.mx\/wp-content\/uploads\/2021\/04\/inna-german-mirada-empresarial.jpg","datePublished":"2023-07-01T12:53:33+00:00","description":"L21, Emprendedores y Negocios en el Caribe Mexicano, es la revista l\u00edder entre el Sector Empresarial y Tur\u00edstico del Caribe Mexicano.","breadcrumb":{"@id":"https:\/\/l21.mx\/?p=58131#breadcrumb"},"inLanguage":"es","potentialAction":[{"@type":"ReadAction","target":["https:\/\/l21.mx\/?p=58131"]}]},{"@type":"ImageObject","inLanguage":"es","@id":"https:\/\/l21.mx\/?p=58131#primaryimage","url":"https:\/\/l21.mx\/wp-content\/uploads\/2021\/04\/inna-german-mirada-empresarial.jpg","contentUrl":"https:\/\/l21.mx\/wp-content\/uploads\/2021\/04\/inna-german-mirada-empresarial.jpg","width":"900","height":"599"},{"@type":"BreadcrumbList","@id":"https:\/\/l21.mx\/?p=58131#breadcrumb","itemListElement":[{"@type":"ListItem","position":1,"name":"Portada","item":"https:\/\/l21.mx\/"},{"@type":"ListItem","position":2,"name":"Selecci\u00f3n natural vs compras selectivas"}]},{"@type":"WebSite","@id":"https:\/\/l21.mx\/#website","url":"https:\/\/l21.mx\/","name":"Revista Latitud 21","description":"Emprendedores  y negocios en el Caribe Mexicano","publisher":{"@id":"https:\/\/l21.mx\/#organization"},"potentialAction":[{"@type":"SearchAction","target":{"@type":"EntryPoint","urlTemplate":"https:\/\/l21.mx\/?s={search_term_string}"},"query-input":{"@type":"PropertyValueSpecification","valueRequired":true,"valueName":"search_term_string"}}],"inLanguage":"es"},{"@type":"Organization","@id":"https:\/\/l21.mx\/#organization","name":"Grupo Editorial Latitud 21 SA de CV","url":"https:\/\/l21.mx\/","logo":{"@type":"ImageObject","inLanguage":"es","@id":"https:\/\/l21.mx\/#\/schema\/logo\/image\/","url":"https:\/\/l21.mx\/wp-content\/uploads\/2020\/10\/logo-l21-baja.jpg","contentUrl":"https:\/\/l21.mx\/wp-content\/uploads\/2020\/10\/logo-l21-baja.jpg","width":250,"height":250,"caption":"Grupo Editorial Latitud 21 SA de CV"},"image":{"@id":"https:\/\/l21.mx\/#\/schema\/logo\/image\/"},"sameAs":["https:\/\/www.facebook.com\/RevistaLatitud21\/","https:\/\/x.com\/Latitud21mx"]},{"@type":"Person","@id":"https:\/\/l21.mx\/#\/schema\/person\/b3cb342bb947a88e1fc27e05770479da","name":"ahernandez@latitud21.com.mx","url":"https:\/\/l21.mx\/?author=95"}]}},"amp_enabled":true,"_links":{"self":[{"href":"https:\/\/l21.mx\/index.php?rest_route=\/wp\/v2\/posts\/58131","targetHints":{"allow":["GET"]}}],"collection":[{"href":"https:\/\/l21.mx\/index.php?rest_route=\/wp\/v2\/posts"}],"about":[{"href":"https:\/\/l21.mx\/index.php?rest_route=\/wp\/v2\/types\/post"}],"author":[{"embeddable":true,"href":"https:\/\/l21.mx\/index.php?rest_route=\/wp\/v2\/users\/95"}],"replies":[{"embeddable":true,"href":"https:\/\/l21.mx\/index.php?rest_route=%2Fwp%2Fv2%2Fcomments&post=58131"}],"version-history":[{"count":1,"href":"https:\/\/l21.mx\/index.php?rest_route=\/wp\/v2\/posts\/58131\/revisions"}],"predecessor-version":[{"id":58132,"href":"https:\/\/l21.mx\/index.php?rest_route=\/wp\/v2\/posts\/58131\/revisions\/58132"}],"wp:featuredmedia":[{"embeddable":true,"href":"https:\/\/l21.mx\/index.php?rest_route=\/wp\/v2\/media\/49544"}],"wp:attachment":[{"href":"https:\/\/l21.mx\/index.php?rest_route=%2Fwp%2Fv2%2Fmedia&parent=58131"}],"wp:term":[{"taxonomy":"category","embeddable":true,"href":"https:\/\/l21.mx\/index.php?rest_route=%2Fwp%2Fv2%2Fcategories&post=58131"},{"taxonomy":"post_tag","embeddable":true,"href":"https:\/\/l21.mx\/index.php?rest_route=%2Fwp%2Fv2%2Ftags&post=58131"}],"curies":[{"name":"wp","href":"https:\/\/api.w.org\/{rel}","templated":true}]}}