{"id":58159,"date":"2023-07-01T08:02:30","date_gmt":"2023-07-01T13:02:30","guid":{"rendered":"https:\/\/l21.mx\/?p=58159"},"modified":"2023-07-01T08:02:30","modified_gmt":"2023-07-01T13:02:30","slug":"el-desprecio-por-la-apreciacion","status":"publish","type":"post","link":"https:\/\/l21.mx\/?p=58159","title":{"rendered":"El desprecio por\u00a0la apreciaci\u00f3n"},"content":{"rendered":"<ul>\n<li><b>En l\u00ednea directa<\/b><\/li>\n<li><b>Arturo Medina Galindo<\/b><\/li>\n<li>Periodista, Director NITU.mx \u2022 arturo@nitu.mx<\/li>\n<li>Twitter @Arturo_Medina_G<\/li>\n<\/ul>\n<p>&nbsp;<\/p>\n<p><b>\u00bf<\/b>Qui\u00e9n iba a decir que alg\u00fan d\u00eda lamentar\u00edamos que el peso se apreciara ante el d\u00f3lar? Por varias razones, en un lugar tur\u00edstico como Canc\u00fan, hay muchas personas y negocios que est\u00e1n ganando hasta 25% menos que cuando el d\u00f3lar lleg\u00f3 a estar en 25 pesos por d\u00f3lar.<\/p>\n<p>Los n\u00e1uticos, por ejemplo, que han cotizado siempre sus tours en d\u00f3lares, ahora tuvieron que subir el precio de sus servicios, porque al hacer la conversi\u00f3n ganan menos pesos, que es con lo que pagan sueldos y gastos.\u00a0Y subir el precio de los servicios los vuelve menos accesibles a los turistas.<\/p>\n<p>Lo mismo el instructor de buceo, el capit\u00e1n del barco, el marinero, que reciben sus propinas en d\u00f3lares; s\u00ed, ganan 25% menos. En los restaurantes, donde s\u00ed se publican precios en pesos, todo est\u00e1 m\u00e1s caro por la inflaci\u00f3n; eso quiere decir que los estadounidenses no s\u00f3lo pagar\u00e1n el aumento de precios, sino 25% m\u00e1s por el tipo de cambio.<\/p>\n<p>Hagamos un ejercicio: una pareja que comi\u00f3 en un restaurante hace 2 a\u00f1os, pag\u00f3 2 mil pesos de cuenta, que al tipo de cambio de 25 por d\u00f3lar, fueron 80 d\u00f3lares. Ahora, la misma pareja, en el mismo restaurante, comiendo y bebiendo lo mismo que hace dos a\u00f1os, pagar\u00e1 al menos 15% m\u00e1s por el aumento a los precios; es decir, 2 mil 300 pesos. Al tipo de cambio de 17.50, hoy pagar\u00eda 131 d\u00f3lares.<\/p>\n<p>&nbsp;<\/p>\n<p>Siguen llegando menos norteamericanos<\/p>\n<p>Hemos perdido competitividad con otros destinos que se han depreciado junto al d\u00f3lar, quiz\u00e1 sea esa la raz\u00f3n por la que en los dos \u00faltimos meses hemos tenido dr\u00e1sticas ca\u00eddas en llegadas de estadounidenses; sin embargo, y aunque me parece que podr\u00eda ser una de las causas, no es la \u00fanica.<\/p>\n<p>M\u00e9xico se mantuvo por mucho tiempo como una de las muy pocas opciones de viaje para los vecinos del norte, que adem\u00e1s no ten\u00edan restricciones para entrar al pa\u00eds. Sin embargo, ahora el mundo est\u00e1 abierto y la variedad de destinos nos pone en una situaci\u00f3n diferente.<span class=\"Apple-converted-space\">\u00a0<\/span><\/p>\n<p>En abril, por ejemplo, llegaron s\u00f3lo .65 % turistas extranjeros m\u00e1s que en abril de 2022, y eso fue porque aumentaron sustancialmente los turistas canadienses, que apenas viven su primer a\u00f1o de apertura post pandemia; pero en cuanto a los estadounidenses, hubo un d\u00e9ficit de casi 100 mil.<\/p>\n<p>&nbsp;<\/p>\n<p>Lo b\u00e1sico<\/p>\n<p>La car\u00edsima transportaci\u00f3n para salir del aeropuerto, los pleitos afuera de las terminales entre taxistas piratas, la ausencia de seguridad, los ataques de taxistas a Ubers enfrente de turistas, la violencia en M\u00e9xico y su difusi\u00f3n masiva, el l\u00edo migratorio, y los narcos queriendo ser vistos como terroristas, nos ponen entre la espada y la pared. Aunque a Quintana Roo lo mantienen dentro de los estados con precauci\u00f3n moderada en los warnings, sin duda todo abona.<\/p>\n<p>El Caribe Mexicano sigue siendo un gran destino, pero hay que cuidarlo, hay que mejorar la imagen de la carretera, hay que cobrar lo justo por los servicios, hay que arreglar el acceso a Playa e Isla Mujeres; no hay que cobrar m\u00e1s impuestos ni derechos; en fin, el bal\u00f3n sin duda est\u00e1 en nuestra cancha.<\/p>\n","protected":false},"excerpt":{"rendered":"<p>En l\u00ednea directa Arturo Medina Galindo Periodista, Director NITU.mx \u2022 arturo@nitu.mx Twitter @Arturo_Medina_G &nbsp; \u00bfQui\u00e9n iba&hellip;<\/p>\n","protected":false},"author":95,"featured_media":49547,"comment_status":"closed","ping_status":"closed","sticky":false,"template":"","format":"standard","meta":{"_acf_changed":false,"_lmt_disableupdate":"","_lmt_disable":"","_mbp_gutenberg_autopost":false,"footnotes":""},"categories":[28],"tags":[],"class_list":["post-58159","post","type-post","status-publish","format-standard","has-post-thumbnail","hentry","category-arturo-medina"],"acf":[],"yoast_head":"<!-- This site is optimized with the Yoast SEO plugin v27.3 - https:\/\/yoast.com\/product\/yoast-seo-wordpress\/ -->\n<title>El desprecio por\u00a0la apreciaci\u00f3n | Revista Latitud 21<\/title>\n<meta name=\"description\" content=\"L21, Emprendedores y Negocios en el Caribe Mexicano, es la revista l\u00edder entre el Sector Empresarial y Tur\u00edstico del Caribe Mexicano.\" \/>\n<meta name=\"robots\" content=\"index, follow, max-snippet:-1, max-image-preview:large, max-video-preview:-1\" \/>\n<link rel=\"canonical\" href=\"https:\/\/l21.mx\/?p=58159\" \/>\n<meta name=\"twitter:card\" content=\"summary_large_image\" \/>\n<meta name=\"twitter:title\" content=\"El desprecio por\u00a0la apreciaci\u00f3n | Revista Latitud 21\" \/>\n<meta name=\"twitter:description\" content=\"L21, Emprendedores y Negocios en el Caribe Mexicano, es la revista l\u00edder entre el Sector Empresarial y Tur\u00edstico del Caribe Mexicano.\" \/>\n<meta name=\"twitter:image\" content=\"https:\/\/l21.mx\/wp-content\/uploads\/2021\/04\/arturo-medina-en-linea-directa.jpg\" \/>\n<meta name=\"twitter:creator\" content=\"@Latitud21mx\" \/>\n<meta name=\"twitter:site\" content=\"@Latitud21mx\" \/>\n<meta name=\"twitter:label1\" content=\"Escrito por\" \/>\n\t<meta name=\"twitter:data1\" content=\"ahernandez@latitud21.com.mx\" \/>\n\t<meta name=\"twitter:label2\" content=\"Tiempo de lectura\" \/>\n\t<meta name=\"twitter:data2\" content=\"3 minutos\" \/>\n<script type=\"application\/ld+json\" class=\"yoast-schema-graph\">{\"@context\":\"https:\\\/\\\/schema.org\",\"@graph\":[{\"@type\":\"Article\",\"@id\":\"https:\\\/\\\/l21.mx\\\/?p=58159#article\",\"isPartOf\":{\"@id\":\"https:\\\/\\\/l21.mx\\\/?p=58159\"},\"author\":{\"name\":\"ahernandez@latitud21.com.mx\",\"@id\":\"https:\\\/\\\/l21.mx\\\/#\\\/schema\\\/person\\\/b3cb342bb947a88e1fc27e05770479da\"},\"headline\":\"El desprecio por\u00a0la apreciaci\u00f3n\",\"datePublished\":\"2023-07-01T13:02:30+00:00\",\"mainEntityOfPage\":{\"@id\":\"https:\\\/\\\/l21.mx\\\/?p=58159\"},\"wordCount\":579,\"publisher\":{\"@id\":\"https:\\\/\\\/l21.mx\\\/#organization\"},\"image\":{\"@id\":\"https:\\\/\\\/l21.mx\\\/?p=58159#primaryimage\"},\"thumbnailUrl\":\"https:\\\/\\\/l21.mx\\\/wp-content\\\/uploads\\\/2021\\\/04\\\/arturo-medina-en-linea-directa.jpg\",\"articleSection\":[\"Arturo Medina\"],\"inLanguage\":\"es\"},{\"@type\":\"WebPage\",\"@id\":\"https:\\\/\\\/l21.mx\\\/?p=58159\",\"url\":\"https:\\\/\\\/l21.mx\\\/?p=58159\",\"name\":\"El desprecio por\u00a0la apreciaci\u00f3n | Revista Latitud 21\",\"isPartOf\":{\"@id\":\"https:\\\/\\\/l21.mx\\\/#website\"},\"primaryImageOfPage\":{\"@id\":\"https:\\\/\\\/l21.mx\\\/?p=58159#primaryimage\"},\"image\":{\"@id\":\"https:\\\/\\\/l21.mx\\\/?p=58159#primaryimage\"},\"thumbnailUrl\":\"https:\\\/\\\/l21.mx\\\/wp-content\\\/uploads\\\/2021\\\/04\\\/arturo-medina-en-linea-directa.jpg\",\"datePublished\":\"2023-07-01T13:02:30+00:00\",\"description\":\"L21, Emprendedores y Negocios en el Caribe Mexicano, es la revista l\u00edder entre el Sector Empresarial y Tur\u00edstico del Caribe Mexicano.\",\"breadcrumb\":{\"@id\":\"https:\\\/\\\/l21.mx\\\/?p=58159#breadcrumb\"},\"inLanguage\":\"es\",\"potentialAction\":[{\"@type\":\"ReadAction\",\"target\":[\"https:\\\/\\\/l21.mx\\\/?p=58159\"]}]},{\"@type\":\"ImageObject\",\"inLanguage\":\"es\",\"@id\":\"https:\\\/\\\/l21.mx\\\/?p=58159#primaryimage\",\"url\":\"https:\\\/\\\/l21.mx\\\/wp-content\\\/uploads\\\/2021\\\/04\\\/arturo-medina-en-linea-directa.jpg\",\"contentUrl\":\"https:\\\/\\\/l21.mx\\\/wp-content\\\/uploads\\\/2021\\\/04\\\/arturo-medina-en-linea-directa.jpg\",\"width\":\"900\",\"height\":\"599\"},{\"@type\":\"BreadcrumbList\",\"@id\":\"https:\\\/\\\/l21.mx\\\/?p=58159#breadcrumb\",\"itemListElement\":[{\"@type\":\"ListItem\",\"position\":1,\"name\":\"Portada\",\"item\":\"https:\\\/\\\/l21.mx\\\/\"},{\"@type\":\"ListItem\",\"position\":2,\"name\":\"El desprecio por\u00a0la apreciaci\u00f3n\"}]},{\"@type\":\"WebSite\",\"@id\":\"https:\\\/\\\/l21.mx\\\/#website\",\"url\":\"https:\\\/\\\/l21.mx\\\/\",\"name\":\"Revista Latitud 21\",\"description\":\"Emprendedores  y negocios en el Caribe Mexicano\",\"publisher\":{\"@id\":\"https:\\\/\\\/l21.mx\\\/#organization\"},\"potentialAction\":[{\"@type\":\"SearchAction\",\"target\":{\"@type\":\"EntryPoint\",\"urlTemplate\":\"https:\\\/\\\/l21.mx\\\/?s={search_term_string}\"},\"query-input\":{\"@type\":\"PropertyValueSpecification\",\"valueRequired\":true,\"valueName\":\"search_term_string\"}}],\"inLanguage\":\"es\"},{\"@type\":\"Organization\",\"@id\":\"https:\\\/\\\/l21.mx\\\/#organization\",\"name\":\"Grupo Editorial Latitud 21 SA de CV\",\"url\":\"https:\\\/\\\/l21.mx\\\/\",\"logo\":{\"@type\":\"ImageObject\",\"inLanguage\":\"es\",\"@id\":\"https:\\\/\\\/l21.mx\\\/#\\\/schema\\\/logo\\\/image\\\/\",\"url\":\"https:\\\/\\\/l21.mx\\\/wp-content\\\/uploads\\\/2020\\\/10\\\/logo-l21-baja.jpg\",\"contentUrl\":\"https:\\\/\\\/l21.mx\\\/wp-content\\\/uploads\\\/2020\\\/10\\\/logo-l21-baja.jpg\",\"width\":250,\"height\":250,\"caption\":\"Grupo Editorial Latitud 21 SA de CV\"},\"image\":{\"@id\":\"https:\\\/\\\/l21.mx\\\/#\\\/schema\\\/logo\\\/image\\\/\"},\"sameAs\":[\"https:\\\/\\\/www.facebook.com\\\/RevistaLatitud21\\\/\",\"https:\\\/\\\/x.com\\\/Latitud21mx\"]},{\"@type\":\"Person\",\"@id\":\"https:\\\/\\\/l21.mx\\\/#\\\/schema\\\/person\\\/b3cb342bb947a88e1fc27e05770479da\",\"name\":\"ahernandez@latitud21.com.mx\",\"url\":\"https:\\\/\\\/l21.mx\\\/?author=95\"}]}<\/script>\n<!-- \/ Yoast SEO plugin. -->","yoast_head_json":{"title":"El desprecio por\u00a0la apreciaci\u00f3n | Revista Latitud 21","description":"L21, Emprendedores y Negocios en el Caribe Mexicano, es la revista l\u00edder entre el Sector Empresarial y Tur\u00edstico del Caribe Mexicano.","robots":{"index":"index","follow":"follow","max-snippet":"max-snippet:-1","max-image-preview":"max-image-preview:large","max-video-preview":"max-video-preview:-1"},"canonical":"https:\/\/l21.mx\/?p=58159","twitter_card":"summary_large_image","twitter_title":"El desprecio por\u00a0la apreciaci\u00f3n | Revista Latitud 21","twitter_description":"L21, Emprendedores y Negocios en el Caribe Mexicano, es la revista l\u00edder entre el Sector Empresarial y Tur\u00edstico del Caribe Mexicano.","twitter_image":"https:\/\/l21.mx\/wp-content\/uploads\/2021\/04\/arturo-medina-en-linea-directa.jpg","twitter_creator":"@Latitud21mx","twitter_site":"@Latitud21mx","twitter_misc":{"Escrito por":"ahernandez@latitud21.com.mx","Tiempo de lectura":"3 minutos"},"schema":{"@context":"https:\/\/schema.org","@graph":[{"@type":"Article","@id":"https:\/\/l21.mx\/?p=58159#article","isPartOf":{"@id":"https:\/\/l21.mx\/?p=58159"},"author":{"name":"ahernandez@latitud21.com.mx","@id":"https:\/\/l21.mx\/#\/schema\/person\/b3cb342bb947a88e1fc27e05770479da"},"headline":"El desprecio por\u00a0la apreciaci\u00f3n","datePublished":"2023-07-01T13:02:30+00:00","mainEntityOfPage":{"@id":"https:\/\/l21.mx\/?p=58159"},"wordCount":579,"publisher":{"@id":"https:\/\/l21.mx\/#organization"},"image":{"@id":"https:\/\/l21.mx\/?p=58159#primaryimage"},"thumbnailUrl":"https:\/\/l21.mx\/wp-content\/uploads\/2021\/04\/arturo-medina-en-linea-directa.jpg","articleSection":["Arturo Medina"],"inLanguage":"es"},{"@type":"WebPage","@id":"https:\/\/l21.mx\/?p=58159","url":"https:\/\/l21.mx\/?p=58159","name":"El desprecio por\u00a0la apreciaci\u00f3n | Revista Latitud 21","isPartOf":{"@id":"https:\/\/l21.mx\/#website"},"primaryImageOfPage":{"@id":"https:\/\/l21.mx\/?p=58159#primaryimage"},"image":{"@id":"https:\/\/l21.mx\/?p=58159#primaryimage"},"thumbnailUrl":"https:\/\/l21.mx\/wp-content\/uploads\/2021\/04\/arturo-medina-en-linea-directa.jpg","datePublished":"2023-07-01T13:02:30+00:00","description":"L21, Emprendedores y Negocios en el Caribe Mexicano, es la revista l\u00edder entre el Sector Empresarial y Tur\u00edstico del Caribe Mexicano.","breadcrumb":{"@id":"https:\/\/l21.mx\/?p=58159#breadcrumb"},"inLanguage":"es","potentialAction":[{"@type":"ReadAction","target":["https:\/\/l21.mx\/?p=58159"]}]},{"@type":"ImageObject","inLanguage":"es","@id":"https:\/\/l21.mx\/?p=58159#primaryimage","url":"https:\/\/l21.mx\/wp-content\/uploads\/2021\/04\/arturo-medina-en-linea-directa.jpg","contentUrl":"https:\/\/l21.mx\/wp-content\/uploads\/2021\/04\/arturo-medina-en-linea-directa.jpg","width":"900","height":"599"},{"@type":"BreadcrumbList","@id":"https:\/\/l21.mx\/?p=58159#breadcrumb","itemListElement":[{"@type":"ListItem","position":1,"name":"Portada","item":"https:\/\/l21.mx\/"},{"@type":"ListItem","position":2,"name":"El desprecio por\u00a0la apreciaci\u00f3n"}]},{"@type":"WebSite","@id":"https:\/\/l21.mx\/#website","url":"https:\/\/l21.mx\/","name":"Revista Latitud 21","description":"Emprendedores  y negocios en el Caribe Mexicano","publisher":{"@id":"https:\/\/l21.mx\/#organization"},"potentialAction":[{"@type":"SearchAction","target":{"@type":"EntryPoint","urlTemplate":"https:\/\/l21.mx\/?s={search_term_string}"},"query-input":{"@type":"PropertyValueSpecification","valueRequired":true,"valueName":"search_term_string"}}],"inLanguage":"es"},{"@type":"Organization","@id":"https:\/\/l21.mx\/#organization","name":"Grupo Editorial Latitud 21 SA de CV","url":"https:\/\/l21.mx\/","logo":{"@type":"ImageObject","inLanguage":"es","@id":"https:\/\/l21.mx\/#\/schema\/logo\/image\/","url":"https:\/\/l21.mx\/wp-content\/uploads\/2020\/10\/logo-l21-baja.jpg","contentUrl":"https:\/\/l21.mx\/wp-content\/uploads\/2020\/10\/logo-l21-baja.jpg","width":250,"height":250,"caption":"Grupo Editorial Latitud 21 SA de CV"},"image":{"@id":"https:\/\/l21.mx\/#\/schema\/logo\/image\/"},"sameAs":["https:\/\/www.facebook.com\/RevistaLatitud21\/","https:\/\/x.com\/Latitud21mx"]},{"@type":"Person","@id":"https:\/\/l21.mx\/#\/schema\/person\/b3cb342bb947a88e1fc27e05770479da","name":"ahernandez@latitud21.com.mx","url":"https:\/\/l21.mx\/?author=95"}]}},"amp_enabled":true,"_links":{"self":[{"href":"https:\/\/l21.mx\/index.php?rest_route=\/wp\/v2\/posts\/58159","targetHints":{"allow":["GET"]}}],"collection":[{"href":"https:\/\/l21.mx\/index.php?rest_route=\/wp\/v2\/posts"}],"about":[{"href":"https:\/\/l21.mx\/index.php?rest_route=\/wp\/v2\/types\/post"}],"author":[{"embeddable":true,"href":"https:\/\/l21.mx\/index.php?rest_route=\/wp\/v2\/users\/95"}],"replies":[{"embeddable":true,"href":"https:\/\/l21.mx\/index.php?rest_route=%2Fwp%2Fv2%2Fcomments&post=58159"}],"version-history":[{"count":1,"href":"https:\/\/l21.mx\/index.php?rest_route=\/wp\/v2\/posts\/58159\/revisions"}],"predecessor-version":[{"id":58160,"href":"https:\/\/l21.mx\/index.php?rest_route=\/wp\/v2\/posts\/58159\/revisions\/58160"}],"wp:featuredmedia":[{"embeddable":true,"href":"https:\/\/l21.mx\/index.php?rest_route=\/wp\/v2\/media\/49547"}],"wp:attachment":[{"href":"https:\/\/l21.mx\/index.php?rest_route=%2Fwp%2Fv2%2Fmedia&parent=58159"}],"wp:term":[{"taxonomy":"category","embeddable":true,"href":"https:\/\/l21.mx\/index.php?rest_route=%2Fwp%2Fv2%2Fcategories&post=58159"},{"taxonomy":"post_tag","embeddable":true,"href":"https:\/\/l21.mx\/index.php?rest_route=%2Fwp%2Fv2%2Ftags&post=58159"}],"curies":[{"name":"wp","href":"https:\/\/api.w.org\/{rel}","templated":true}]}}