{"id":58239,"date":"2023-07-01T18:22:17","date_gmt":"2023-07-01T23:22:17","guid":{"rendered":"https:\/\/l21.mx\/?p=58239"},"modified":"2023-07-01T18:22:17","modified_gmt":"2023-07-01T23:22:17","slug":"renuevan-colonias-de-playa-del-carmen-con-pinta-tu-fachada","status":"publish","type":"post","link":"https:\/\/l21.mx\/?p=58239","title":{"rendered":"Renuevan colonias de Playa del Carmen con \u00abPinta tu Fachada\u00bb"},"content":{"rendered":"<p>&nbsp;<\/p>\n<p>\u2022 La presidenta Lili Campos supervisa el programa de amplio sentido social e invita a los vecinos a disfrutar la Feria del Carmen<\/p>\n<p><a href=\"https:\/\/l21.mx\/wp-content\/uploads\/2023\/07\/WhatsApp-Image-2023-07-01-at-15.32.13.jpeg\" data-rel=\"penci-gallery-image-content\" ><img fetchpriority=\"high\" decoding=\"async\" class=\"alignnone size-medium wp-image-58242\" src=\"https:\/\/l21.mx\/wp-content\/uploads\/2023\/07\/WhatsApp-Image-2023-07-01-at-15.32.13-300x198.jpeg\" alt=\"\" width=\"300\" height=\"198\" srcset=\"https:\/\/l21.mx\/wp-content\/uploads\/2023\/07\/WhatsApp-Image-2023-07-01-at-15.32.13-300x198.jpeg 300w, https:\/\/l21.mx\/wp-content\/uploads\/2023\/07\/WhatsApp-Image-2023-07-01-at-15.32.13-1024x676.jpeg 1024w, https:\/\/l21.mx\/wp-content\/uploads\/2023\/07\/WhatsApp-Image-2023-07-01-at-15.32.13-768x507.jpeg 768w, https:\/\/l21.mx\/wp-content\/uploads\/2023\/07\/WhatsApp-Image-2023-07-01-at-15.32.13-1200x792.jpeg 1200w, https:\/\/l21.mx\/wp-content\/uploads\/2023\/07\/WhatsApp-Image-2023-07-01-at-15.32.13-1170x772.jpeg 1170w, https:\/\/l21.mx\/wp-content\/uploads\/2023\/07\/WhatsApp-Image-2023-07-01-at-15.32.13-780x516.jpeg 780w, https:\/\/l21.mx\/wp-content\/uploads\/2023\/07\/WhatsApp-Image-2023-07-01-at-15.32.13-585x386.jpeg 585w, https:\/\/l21.mx\/wp-content\/uploads\/2023\/07\/WhatsApp-Image-2023-07-01-at-15.32.13-263x175.jpeg 263w, https:\/\/l21.mx\/wp-content\/uploads\/2023\/07\/WhatsApp-Image-2023-07-01-at-15.32.13.jpeg 1280w\" sizes=\"(max-width: 300px) 100vw, 300px\" \/><\/a><\/p>\n<p>Playa del Carmen, Solidaridad, 1 de julio del 2023.- Para mejorar el entorno urbano y elevar la calidad de vida que merecen las familias de Solidaridad, por instrucciones de la presidenta Lili Campos se renuevan de manera integral La Guadalupana, El Pet\u00e9n y Villas Riviera, al igual que la avenida Xel Ha, con el programa \u00abPinta tu Fachada\u00bb.<\/p>\n<p>Durante la supervisi\u00f3n del programa, Lili Campos dijo que \u00abse restaurar\u00e1n las banquetas de la avenida para seguridad de la ciudadan\u00eda porque est\u00e1n desgastadas, es peligroso porque es muy transitada y en algunos casos es muy angosta y tienen que caminar sobre la calle\u00bb.<\/p>\n<p>\u00abEs un programa muy noble porque las personas se ponen contentas ya que cambia el entorno, aunque la finalidad sea pintar la fachada, nos permite ir dando atenci\u00f3n integral\u00bb enfatiz\u00f3 la edil.<\/p>\n<p><a href=\"https:\/\/l21.mx\/wp-content\/uploads\/2023\/07\/WhatsApp-Image-2023-07-01-at-15.32.14-1.jpeg\" data-rel=\"penci-gallery-image-content\" ><img decoding=\"async\" class=\"alignnone size-medium wp-image-58241\" src=\"https:\/\/l21.mx\/wp-content\/uploads\/2023\/07\/WhatsApp-Image-2023-07-01-at-15.32.14-1-300x220.jpeg\" alt=\"\" width=\"300\" height=\"220\" srcset=\"https:\/\/l21.mx\/wp-content\/uploads\/2023\/07\/WhatsApp-Image-2023-07-01-at-15.32.14-1-300x220.jpeg 300w, https:\/\/l21.mx\/wp-content\/uploads\/2023\/07\/WhatsApp-Image-2023-07-01-at-15.32.14-1-1024x752.jpeg 1024w, https:\/\/l21.mx\/wp-content\/uploads\/2023\/07\/WhatsApp-Image-2023-07-01-at-15.32.14-1-768x564.jpeg 768w, https:\/\/l21.mx\/wp-content\/uploads\/2023\/07\/WhatsApp-Image-2023-07-01-at-15.32.14-1-585x430.jpeg 585w, https:\/\/l21.mx\/wp-content\/uploads\/2023\/07\/WhatsApp-Image-2023-07-01-at-15.32.14-1.jpeg 1161w\" sizes=\"(max-width: 300px) 100vw, 300px\" \/><\/a><\/p>\n<p>Adem\u00e1s dijo: \u00abaprovechamos para invitar a todas las y los solidarenses a la Feria del Carmen. El 7 de julio arrancamos con la lucha de Blue Demon, el 8 tenemos la cabalgata, tambi\u00e9n habr\u00e1 grupos, artistas, juegos mec\u00e1nicos y muchos espect\u00e1culos, para que vayan con toda la familia a disfrutar de las actividades totalmente gratuitas\u00bb.<\/p>\n","protected":false},"excerpt":{"rendered":"<p>&nbsp; \u2022 La presidenta Lili Campos supervisa el programa de amplio sentido social e invita a&hellip;<\/p>\n","protected":false},"author":100,"featured_media":58240,"comment_status":"closed","ping_status":"closed","sticky":false,"template":"","format":"standard","meta":{"_acf_changed":false,"_lmt_disableupdate":"","_lmt_disable":"","_mbp_gutenberg_autopost":false,"footnotes":""},"categories":[1654],"tags":[],"class_list":["post-58239","post","type-post","status-publish","format-standard","has-post-thumbnail","hentry","category-solidaridad"],"acf":[],"yoast_head":"<!-- This site is optimized with the Yoast SEO plugin v27.3 - https:\/\/yoast.com\/product\/yoast-seo-wordpress\/ -->\n<title>Renuevan colonias de Playa del Carmen con &quot;Pinta tu Fachada&quot; | Revista Latitud 21<\/title>\n<meta name=\"description\" content=\"L21, Emprendedores y Negocios en el Caribe Mexicano, es la revista l\u00edder entre el Sector Empresarial y Tur\u00edstico del Caribe Mexicano.\" \/>\n<meta name=\"robots\" content=\"index, follow, max-snippet:-1, max-image-preview:large, max-video-preview:-1\" \/>\n<link rel=\"canonical\" href=\"https:\/\/l21.mx\/?p=58239\" \/>\n<meta name=\"twitter:card\" content=\"summary_large_image\" \/>\n<meta name=\"twitter:title\" content=\"Renuevan colonias de Playa del Carmen con &quot;Pinta tu Fachada&quot; | Revista Latitud 21\" \/>\n<meta name=\"twitter:description\" content=\"L21, Emprendedores y Negocios en el Caribe Mexicano, es la revista l\u00edder entre el Sector Empresarial y Tur\u00edstico del Caribe Mexicano.\" \/>\n<meta name=\"twitter:image\" content=\"https:\/\/l21.mx\/wp-content\/uploads\/2023\/07\/WhatsApp-Image-2023-07-01-at-15.32.14.jpeg\" \/>\n<meta name=\"twitter:creator\" content=\"@Latitud21mx\" \/>\n<meta name=\"twitter:site\" content=\"@Latitud21mx\" \/>\n<meta name=\"twitter:label1\" content=\"Escrito por\" \/>\n\t<meta name=\"twitter:data1\" content=\"NellyG\" \/>\n\t<meta name=\"twitter:label2\" content=\"Tiempo de lectura\" \/>\n\t<meta name=\"twitter:data2\" content=\"2 minutos\" \/>\n<script type=\"application\/ld+json\" class=\"yoast-schema-graph\">{\"@context\":\"https:\\\/\\\/schema.org\",\"@graph\":[{\"@type\":\"Article\",\"@id\":\"https:\\\/\\\/l21.mx\\\/?p=58239#article\",\"isPartOf\":{\"@id\":\"https:\\\/\\\/l21.mx\\\/?p=58239\"},\"author\":{\"name\":\"NellyG\",\"@id\":\"https:\\\/\\\/l21.mx\\\/#\\\/schema\\\/person\\\/cca68595b80b2f6c4c55a8b254bfbb2a\"},\"headline\":\"Renuevan colonias de Playa del Carmen con \u00abPinta tu Fachada\u00bb\",\"datePublished\":\"2023-07-01T23:22:17+00:00\",\"mainEntityOfPage\":{\"@id\":\"https:\\\/\\\/l21.mx\\\/?p=58239\"},\"wordCount\":229,\"publisher\":{\"@id\":\"https:\\\/\\\/l21.mx\\\/#organization\"},\"image\":{\"@id\":\"https:\\\/\\\/l21.mx\\\/?p=58239#primaryimage\"},\"thumbnailUrl\":\"https:\\\/\\\/l21.mx\\\/wp-content\\\/uploads\\\/2023\\\/07\\\/WhatsApp-Image-2023-07-01-at-15.32.14.jpeg\",\"articleSection\":[\"solidaridad\"],\"inLanguage\":\"es\"},{\"@type\":\"WebPage\",\"@id\":\"https:\\\/\\\/l21.mx\\\/?p=58239\",\"url\":\"https:\\\/\\\/l21.mx\\\/?p=58239\",\"name\":\"Renuevan colonias de Playa del Carmen con \\\"Pinta tu Fachada\\\" | Revista Latitud 21\",\"isPartOf\":{\"@id\":\"https:\\\/\\\/l21.mx\\\/#website\"},\"primaryImageOfPage\":{\"@id\":\"https:\\\/\\\/l21.mx\\\/?p=58239#primaryimage\"},\"image\":{\"@id\":\"https:\\\/\\\/l21.mx\\\/?p=58239#primaryimage\"},\"thumbnailUrl\":\"https:\\\/\\\/l21.mx\\\/wp-content\\\/uploads\\\/2023\\\/07\\\/WhatsApp-Image-2023-07-01-at-15.32.14.jpeg\",\"datePublished\":\"2023-07-01T23:22:17+00:00\",\"description\":\"L21, Emprendedores y Negocios en el Caribe Mexicano, es la revista l\u00edder entre el Sector Empresarial y Tur\u00edstico del Caribe Mexicano.\",\"breadcrumb\":{\"@id\":\"https:\\\/\\\/l21.mx\\\/?p=58239#breadcrumb\"},\"inLanguage\":\"es\",\"potentialAction\":[{\"@type\":\"ReadAction\",\"target\":[\"https:\\\/\\\/l21.mx\\\/?p=58239\"]}]},{\"@type\":\"ImageObject\",\"inLanguage\":\"es\",\"@id\":\"https:\\\/\\\/l21.mx\\\/?p=58239#primaryimage\",\"url\":\"https:\\\/\\\/l21.mx\\\/wp-content\\\/uploads\\\/2023\\\/07\\\/WhatsApp-Image-2023-07-01-at-15.32.14.jpeg\",\"contentUrl\":\"https:\\\/\\\/l21.mx\\\/wp-content\\\/uploads\\\/2023\\\/07\\\/WhatsApp-Image-2023-07-01-at-15.32.14.jpeg\",\"width\":1252,\"height\":912},{\"@type\":\"BreadcrumbList\",\"@id\":\"https:\\\/\\\/l21.mx\\\/?p=58239#breadcrumb\",\"itemListElement\":[{\"@type\":\"ListItem\",\"position\":1,\"name\":\"Portada\",\"item\":\"https:\\\/\\\/l21.mx\\\/\"},{\"@type\":\"ListItem\",\"position\":2,\"name\":\"Renuevan colonias de Playa del Carmen con \u00abPinta tu Fachada\u00bb\"}]},{\"@type\":\"WebSite\",\"@id\":\"https:\\\/\\\/l21.mx\\\/#website\",\"url\":\"https:\\\/\\\/l21.mx\\\/\",\"name\":\"Revista Latitud 21\",\"description\":\"Emprendedores  y negocios en el Caribe Mexicano\",\"publisher\":{\"@id\":\"https:\\\/\\\/l21.mx\\\/#organization\"},\"potentialAction\":[{\"@type\":\"SearchAction\",\"target\":{\"@type\":\"EntryPoint\",\"urlTemplate\":\"https:\\\/\\\/l21.mx\\\/?s={search_term_string}\"},\"query-input\":{\"@type\":\"PropertyValueSpecification\",\"valueRequired\":true,\"valueName\":\"search_term_string\"}}],\"inLanguage\":\"es\"},{\"@type\":\"Organization\",\"@id\":\"https:\\\/\\\/l21.mx\\\/#organization\",\"name\":\"Grupo Editorial Latitud 21 SA de CV\",\"url\":\"https:\\\/\\\/l21.mx\\\/\",\"logo\":{\"@type\":\"ImageObject\",\"inLanguage\":\"es\",\"@id\":\"https:\\\/\\\/l21.mx\\\/#\\\/schema\\\/logo\\\/image\\\/\",\"url\":\"https:\\\/\\\/l21.mx\\\/wp-content\\\/uploads\\\/2020\\\/10\\\/logo-l21-baja.jpg\",\"contentUrl\":\"https:\\\/\\\/l21.mx\\\/wp-content\\\/uploads\\\/2020\\\/10\\\/logo-l21-baja.jpg\",\"width\":250,\"height\":250,\"caption\":\"Grupo Editorial Latitud 21 SA de CV\"},\"image\":{\"@id\":\"https:\\\/\\\/l21.mx\\\/#\\\/schema\\\/logo\\\/image\\\/\"},\"sameAs\":[\"https:\\\/\\\/www.facebook.com\\\/RevistaLatitud21\\\/\",\"https:\\\/\\\/x.com\\\/Latitud21mx\"]},{\"@type\":\"Person\",\"@id\":\"https:\\\/\\\/l21.mx\\\/#\\\/schema\\\/person\\\/cca68595b80b2f6c4c55a8b254bfbb2a\",\"name\":\"NellyG\",\"url\":\"https:\\\/\\\/l21.mx\\\/?author=100\"}]}<\/script>\n<!-- \/ Yoast SEO plugin. -->","yoast_head_json":{"title":"Renuevan colonias de Playa del Carmen con \"Pinta tu Fachada\" | Revista Latitud 21","description":"L21, Emprendedores y Negocios en el Caribe Mexicano, es la revista l\u00edder entre el Sector Empresarial y Tur\u00edstico del Caribe Mexicano.","robots":{"index":"index","follow":"follow","max-snippet":"max-snippet:-1","max-image-preview":"max-image-preview:large","max-video-preview":"max-video-preview:-1"},"canonical":"https:\/\/l21.mx\/?p=58239","twitter_card":"summary_large_image","twitter_title":"Renuevan colonias de Playa del Carmen con \"Pinta tu Fachada\" | Revista Latitud 21","twitter_description":"L21, Emprendedores y Negocios en el Caribe Mexicano, es la revista l\u00edder entre el Sector Empresarial y Tur\u00edstico del Caribe Mexicano.","twitter_image":"https:\/\/l21.mx\/wp-content\/uploads\/2023\/07\/WhatsApp-Image-2023-07-01-at-15.32.14.jpeg","twitter_creator":"@Latitud21mx","twitter_site":"@Latitud21mx","twitter_misc":{"Escrito por":"NellyG","Tiempo de lectura":"2 minutos"},"schema":{"@context":"https:\/\/schema.org","@graph":[{"@type":"Article","@id":"https:\/\/l21.mx\/?p=58239#article","isPartOf":{"@id":"https:\/\/l21.mx\/?p=58239"},"author":{"name":"NellyG","@id":"https:\/\/l21.mx\/#\/schema\/person\/cca68595b80b2f6c4c55a8b254bfbb2a"},"headline":"Renuevan colonias de Playa del Carmen con \u00abPinta tu Fachada\u00bb","datePublished":"2023-07-01T23:22:17+00:00","mainEntityOfPage":{"@id":"https:\/\/l21.mx\/?p=58239"},"wordCount":229,"publisher":{"@id":"https:\/\/l21.mx\/#organization"},"image":{"@id":"https:\/\/l21.mx\/?p=58239#primaryimage"},"thumbnailUrl":"https:\/\/l21.mx\/wp-content\/uploads\/2023\/07\/WhatsApp-Image-2023-07-01-at-15.32.14.jpeg","articleSection":["solidaridad"],"inLanguage":"es"},{"@type":"WebPage","@id":"https:\/\/l21.mx\/?p=58239","url":"https:\/\/l21.mx\/?p=58239","name":"Renuevan colonias de Playa del Carmen con \"Pinta tu Fachada\" | Revista Latitud 21","isPartOf":{"@id":"https:\/\/l21.mx\/#website"},"primaryImageOfPage":{"@id":"https:\/\/l21.mx\/?p=58239#primaryimage"},"image":{"@id":"https:\/\/l21.mx\/?p=58239#primaryimage"},"thumbnailUrl":"https:\/\/l21.mx\/wp-content\/uploads\/2023\/07\/WhatsApp-Image-2023-07-01-at-15.32.14.jpeg","datePublished":"2023-07-01T23:22:17+00:00","description":"L21, Emprendedores y Negocios en el Caribe Mexicano, es la revista l\u00edder entre el Sector Empresarial y Tur\u00edstico del Caribe Mexicano.","breadcrumb":{"@id":"https:\/\/l21.mx\/?p=58239#breadcrumb"},"inLanguage":"es","potentialAction":[{"@type":"ReadAction","target":["https:\/\/l21.mx\/?p=58239"]}]},{"@type":"ImageObject","inLanguage":"es","@id":"https:\/\/l21.mx\/?p=58239#primaryimage","url":"https:\/\/l21.mx\/wp-content\/uploads\/2023\/07\/WhatsApp-Image-2023-07-01-at-15.32.14.jpeg","contentUrl":"https:\/\/l21.mx\/wp-content\/uploads\/2023\/07\/WhatsApp-Image-2023-07-01-at-15.32.14.jpeg","width":1252,"height":912},{"@type":"BreadcrumbList","@id":"https:\/\/l21.mx\/?p=58239#breadcrumb","itemListElement":[{"@type":"ListItem","position":1,"name":"Portada","item":"https:\/\/l21.mx\/"},{"@type":"ListItem","position":2,"name":"Renuevan colonias de Playa del Carmen con \u00abPinta tu Fachada\u00bb"}]},{"@type":"WebSite","@id":"https:\/\/l21.mx\/#website","url":"https:\/\/l21.mx\/","name":"Revista Latitud 21","description":"Emprendedores  y negocios en el Caribe Mexicano","publisher":{"@id":"https:\/\/l21.mx\/#organization"},"potentialAction":[{"@type":"SearchAction","target":{"@type":"EntryPoint","urlTemplate":"https:\/\/l21.mx\/?s={search_term_string}"},"query-input":{"@type":"PropertyValueSpecification","valueRequired":true,"valueName":"search_term_string"}}],"inLanguage":"es"},{"@type":"Organization","@id":"https:\/\/l21.mx\/#organization","name":"Grupo Editorial Latitud 21 SA de CV","url":"https:\/\/l21.mx\/","logo":{"@type":"ImageObject","inLanguage":"es","@id":"https:\/\/l21.mx\/#\/schema\/logo\/image\/","url":"https:\/\/l21.mx\/wp-content\/uploads\/2020\/10\/logo-l21-baja.jpg","contentUrl":"https:\/\/l21.mx\/wp-content\/uploads\/2020\/10\/logo-l21-baja.jpg","width":250,"height":250,"caption":"Grupo Editorial Latitud 21 SA de CV"},"image":{"@id":"https:\/\/l21.mx\/#\/schema\/logo\/image\/"},"sameAs":["https:\/\/www.facebook.com\/RevistaLatitud21\/","https:\/\/x.com\/Latitud21mx"]},{"@type":"Person","@id":"https:\/\/l21.mx\/#\/schema\/person\/cca68595b80b2f6c4c55a8b254bfbb2a","name":"NellyG","url":"https:\/\/l21.mx\/?author=100"}]}},"amp_enabled":true,"_links":{"self":[{"href":"https:\/\/l21.mx\/index.php?rest_route=\/wp\/v2\/posts\/58239","targetHints":{"allow":["GET"]}}],"collection":[{"href":"https:\/\/l21.mx\/index.php?rest_route=\/wp\/v2\/posts"}],"about":[{"href":"https:\/\/l21.mx\/index.php?rest_route=\/wp\/v2\/types\/post"}],"author":[{"embeddable":true,"href":"https:\/\/l21.mx\/index.php?rest_route=\/wp\/v2\/users\/100"}],"replies":[{"embeddable":true,"href":"https:\/\/l21.mx\/index.php?rest_route=%2Fwp%2Fv2%2Fcomments&post=58239"}],"version-history":[{"count":1,"href":"https:\/\/l21.mx\/index.php?rest_route=\/wp\/v2\/posts\/58239\/revisions"}],"predecessor-version":[{"id":58243,"href":"https:\/\/l21.mx\/index.php?rest_route=\/wp\/v2\/posts\/58239\/revisions\/58243"}],"wp:featuredmedia":[{"embeddable":true,"href":"https:\/\/l21.mx\/index.php?rest_route=\/wp\/v2\/media\/58240"}],"wp:attachment":[{"href":"https:\/\/l21.mx\/index.php?rest_route=%2Fwp%2Fv2%2Fmedia&parent=58239"}],"wp:term":[{"taxonomy":"category","embeddable":true,"href":"https:\/\/l21.mx\/index.php?rest_route=%2Fwp%2Fv2%2Fcategories&post=58239"},{"taxonomy":"post_tag","embeddable":true,"href":"https:\/\/l21.mx\/index.php?rest_route=%2Fwp%2Fv2%2Ftags&post=58239"}],"curies":[{"name":"wp","href":"https:\/\/api.w.org\/{rel}","templated":true}]}}