{"id":58371,"date":"2023-07-01T23:34:15","date_gmt":"2023-07-02T04:34:15","guid":{"rendered":"https:\/\/l21.mx\/?p=58371"},"modified":"2023-07-02T23:34:52","modified_gmt":"2023-07-03T04:34:52","slug":"quintana-roo-en-el-mundo","status":"publish","type":"post","link":"https:\/\/l21.mx\/?p=58371","title":{"rendered":"Quintana Roo en el mundo"},"content":{"rendered":"<p>&nbsp;<\/p>\n<p><strong>\u00a0<\/strong><\/p>\n<p>Washington. \u201cHe visitado M\u00e9xico en dos ocasiones, una en los 60 durante mi luna de miel, nos encant\u00f3 Acapulco; otra, a finales de 2019, toda la familia estuvimos en Canc\u00fan y Cozumel. Pero hoy en d\u00eda, ni de chiste regreso\u2026 En M\u00e9xico hay secuestros, balaceras cerca de las zonas tur\u00edsticas y cero estado de derecho&#8230;\u201d. \u00e9sta fue una conversaci\u00f3n que sostuve recientemente con un ciudadano norteamericano.<\/p>\n<p>Confieso que mi primera reacci\u00f3n fue de molestia, de inmediato lament\u00e9 la \u201cimagen distorsionada\u201d que tiene de nuestro pa\u00eds, despu\u00e9s le pregunt\u00e9 sobre c\u00f3mo se informa del mundo, y para mi sorpresa, su respuesta no incluy\u00f3 ning\u00fan medio de comunicaci\u00f3n de ultra -derecha anti-mexicano como (<em>Fox News, Newsmax<\/em>, Breitbart News, etc); me enfatiz\u00f3 que ve\u00eda noticieros en cadenas p\u00fablicas, que de hecho suelen ser bastante objetivas.<\/p>\n<p>Esta conversaci\u00f3n me incomod\u00f3, pero me hizo reflexionar sobre lo que se ha convertido ya en una constante en nuestro principal mercado emisor de turistas: lo que sucede en los destinos tur\u00edsticos de nuestro pa\u00eds encuentra eco a lo largo y ancho de Estados Unidos. Lo peor es que esta imagen \u201cnegativa\u201d, producto del creciente n\u00famero de incidentes en materia de seguridad, se acrecentar\u00e1 de cara a las campa\u00f1as electorales de 2024, donde los pol\u00edticos del partido republicano suelen usar la imagen de nuestro pa\u00eds como una pi\u00f1ata.<\/p>\n<p>El gobierno de Quintana Roo ha dispuesto dos estrategias paralelas que correr\u00e1n de la mano, una ser\u00e1 la comercial, cuyo liderazgo recaer\u00e1 en el Consejo de Promoci\u00f3n Tur\u00edstica (CPTQ) a cargo de Javier Aranda y de su equipo de comunicaci\u00f3n y relaciones p\u00fablicas. Ellos har\u00e1n el acercamiento con el \u201c<em>trade<\/em> tur\u00edstico\u201d y socios comerciales para promover y comunicar buenas noticias de nuestros destinos. Estar\u00e1n a cargo tambi\u00e9n de la participaci\u00f3n de las delegaciones del estado en las ferias tur\u00edsticas a nivel global.<\/p>\n<p>La estrategia \u201cinstitucional\u201d correr\u00e1 a cargo de la Secretar\u00eda Estatal de Turismo (Sedetur), que coordinar\u00e1 los esfuerzos en mensajes y protocolos del Gobierno del Estado en lo que se refiere a la comunicaci\u00f3n con actores internacionales (gobiernos, embajadas, consulados y ministerios de Relaciones Exteriores), asociaciones diversas, c\u00e1maras empresariales, medios de comunicaci\u00f3n y <em>comentocracia<\/em> internacional, Consulados de M\u00e9xico en el exterior y otros l\u00edderes de opini\u00f3n y autoridades que siguen los temas de seguridad e imagen de nuestros destinos.<\/p>\n<p>La idea es abarcar el mayor n\u00famero de actores y aliados para informar con prontitud las acciones en materia de seguridad, enviar se\u00f1ales de confianza, informar sobre las buenas noticias del estado y sobre todo, darle objetividad a lo que se comenta y difunde de Quintana Roo en Estados Unidos y en nuestros principales mercados emisores de turismo.<\/p>\n<p>Las acciones de la Sedetur y el CPTQ ir\u00e1n de la mano con el trabajo que realiza el sector privado local, ellos traen el pulso de las reservaciones\/cancelaciones y de c\u00f3mo se est\u00e1 comportando el mercado y nuestra competencia.<\/p>\n<p>Estos esfuerzos son urgentes, y m\u00e1s de cara a un proceso pol\u00edtico voraz en ambos lados de la frontera. El clima de negocios y la promoci\u00f3n tur\u00edstica tendr\u00e1n que estar blindados de especulaciones pol\u00edticas y de campa\u00f1as.<\/p>\n","protected":false},"excerpt":{"rendered":"<p>&nbsp; \u00a0 Washington. \u201cHe visitado M\u00e9xico en dos ocasiones, una en los 60 durante mi luna&hellip;<\/p>\n","protected":false},"author":100,"featured_media":46190,"comment_status":"closed","ping_status":"closed","sticky":false,"template":"","format":"standard","meta":{"_acf_changed":false,"_lmt_disableupdate":"","_lmt_disable":"","_mbp_gutenberg_autopost":false,"footnotes":""},"categories":[1172],"tags":[],"class_list":["post-58371","post","type-post","status-publish","format-standard","has-post-thumbnail","hentry","category-ruben-olmos-rodriguez"],"acf":[],"_links":{"self":[{"href":"https:\/\/l21.mx\/index.php?rest_route=\/wp\/v2\/posts\/58371","targetHints":{"allow":["GET"]}}],"collection":[{"href":"https:\/\/l21.mx\/index.php?rest_route=\/wp\/v2\/posts"}],"about":[{"href":"https:\/\/l21.mx\/index.php?rest_route=\/wp\/v2\/types\/post"}],"author":[{"embeddable":true,"href":"https:\/\/l21.mx\/index.php?rest_route=\/wp\/v2\/users\/100"}],"replies":[{"embeddable":true,"href":"https:\/\/l21.mx\/index.php?rest_route=%2Fwp%2Fv2%2Fcomments&post=58371"}],"version-history":[{"count":0,"href":"https:\/\/l21.mx\/index.php?rest_route=\/wp\/v2\/posts\/58371\/revisions"}],"wp:featuredmedia":[{"embeddable":true,"href":"https:\/\/l21.mx\/index.php?rest_route=\/wp\/v2\/media\/46190"}],"wp:attachment":[{"href":"https:\/\/l21.mx\/index.php?rest_route=%2Fwp%2Fv2%2Fmedia&parent=58371"}],"wp:term":[{"taxonomy":"category","embeddable":true,"href":"https:\/\/l21.mx\/index.php?rest_route=%2Fwp%2Fv2%2Fcategories&post=58371"},{"taxonomy":"post_tag","embeddable":true,"href":"https:\/\/l21.mx\/index.php?rest_route=%2Fwp%2Fv2%2Ftags&post=58371"}],"curies":[{"name":"wp","href":"https:\/\/api.w.org\/{rel}","templated":true}]}}