{"id":584,"date":"2012-11-16T21:37:23","date_gmt":"2012-11-16T21:37:23","guid":{"rendered":"http:\/\/innovatori.space\/lat21\/?p=584"},"modified":"2012-12-03T22:06:15","modified_gmt":"2012-12-03T22:06:15","slug":"arranca-el-frenesi-de-el-buen-fin","status":"publish","type":"post","link":"https:\/\/l21.mx\/?p=584","title":{"rendered":"Arranca el frenes\u00ed de El Buen Fin"},"content":{"rendered":"<p><a href=\"http:\/\/l21.mx\/wp-content\/uploads\/2012\/11\/Buen-Fin.jpeg\" data-rel=\"penci-gallery-image-content\" ><img fetchpriority=\"high\" decoding=\"async\" class=\"alignleft size-full wp-image-588\" title=\"Buen Fin\" src=\"http:\/\/l21.mx\/wp-content\/uploads\/2012\/11\/Buen-Fin.jpeg\" alt=\"\" width=\"616\" height=\"347\" srcset=\"https:\/\/l21.mx\/wp-content\/uploads\/2012\/11\/Buen-Fin.jpeg 616w, https:\/\/l21.mx\/wp-content\/uploads\/2012\/11\/Buen-Fin-300x168.jpeg 300w, https:\/\/l21.mx\/wp-content\/uploads\/2012\/11\/Buen-Fin-150x85.jpeg 150w, https:\/\/l21.mx\/wp-content\/uploads\/2012\/11\/Buen-Fin-600x337.jpeg 600w, https:\/\/l21.mx\/wp-content\/uploads\/2012\/11\/Buen-Fin-167x94.jpeg 167w, https:\/\/l21.mx\/wp-content\/uploads\/2012\/11\/Buen-Fin-80x45.jpeg 80w\" sizes=\"(max-width: 616px) 100vw, 616px\" \/><\/a><\/p>\n<p>Desde la noche del jueves comenzaron las compras y se vieron las primeras aglomeraciones en tiendas y centros comerciales.<\/p>\n<p><strong><em>El Financiero<\/em><\/strong><em> por Carlos Morales.<\/em><\/p>\n<p>Con el adelanto del aguinaldo en algunos casos, con ahorros en otros y muchos con tarjeta en mano, los consumidores est\u00e1n listos para vivir a partir de hoy su &#8216;viernes negro&#8217; a la mexicana.<\/p>\n<p>Tras la experiencia del a\u00f1o pasado, cuando se implement\u00f3 por primera vez este esquema de descuentos,<strong>\u00a0<\/strong><strong>los comercios aseguran que habr\u00e1 mejores ofertas<\/strong>, mientras que los consumidores han ahorrado para comprar lo que necesitan, pero tambi\u00e9n, para satisfacer algunos gustos.<\/p>\n<p>Analistas financieros estiman que <strong>El Buen Fin<\/strong> tendr\u00e1 mejores resultados que el a\u00f1o pasado, debido a que habr\u00e1 una mayor participaci\u00f3n de empresas y consumidores.<\/p>\n<p><strong>El director ejecutivo de An\u00e1lisis y Estrategia Burs\u00e1til de Banco Ve por M\u00e1s (BX+), Carlos Ponce Bustos, afirma que \u201ces evidente que habr\u00e1 haya mejores cifras\u201d<\/strong>, pues a diferencia del a\u00f1o pasado, ya se tiene experiencia y eso genera que m\u00e1s compa\u00f1\u00edas se sumen a la iniciativa.<\/p>\n<p>As\u00ed, las expectativas son mayores e incluso\u00a0<strong>el sector comercio espera que se alcancen ventas por 140,000 millones de pesos<\/strong>.<\/p>\n<p>El Buen Fin es una iniciativa conjunta del <strong>Consejo Coordinador Empresarial (CCE)<\/strong>, el gobierno federal y organizaciones del sector privado, que busca incrementar las ventas, fortalecer el mercado interno, reducir el desempleo que se genera a fin de a\u00f1o, y apoyar a los consumidores con mejores precios.<\/p>\n<p>En 2011 participaron m\u00e1s de 200 c\u00e1maras empresariales y diferentes cadenas comerciales y este a\u00f1o se espera superar en alrededor de 40% las cifras de la primera edici\u00f3n, cuando intervinieron m\u00e1s de 220,000 empresas para lograr ventas por 106,000 millones de pesos, que signific\u00f3 una alza de 37.2% respecto a un fin de semana cualquiera.<\/p>\n<p><strong>Los capitalinos, por ejemplo, prev\u00e9n gastar entre 5,000 y 10,000 pesos<\/strong>\u00a0en El Buen Fin 2012, e incluso\u00a0<strong>80% cuenta con un ahorro para destinar a este esquema de descuentos y ofertas<\/strong>.<\/p>\n<p>Y es que, 8 de cada 10 personas pidieron dar continuidad al Buen Fin y para este a\u00f1o; 81% de los consumidores planea adquirir alg\u00fan bien o servicio y 59% de quienes participaron el a\u00f1o pasado piensa que \u201cla experiencia vali\u00f3 la pena\u201d, debido al dinero que ahorraron.<\/p>\n<p>De esta forma, desde el lunes 5 de noviembre cuando se dio a conocer oficialmente la implementaci\u00f3n de este programa, se sumaron diversos comercios y programas gubernamentales, que van desde marcas automotrices como <strong>Seat<\/strong> de M\u00e9xico y <strong>Volkswagen<\/strong>, hasta la industria dental y el sector restaurantero.<\/p>\n<p><strong>Infonacot<\/strong>, por ejemplo, espera otorgar cr\u00e9ditos por m\u00e1s de 150 millones de pesos, cifra superior a la del a\u00f1o pasado.<\/p>\n<p>Incluso, por primera vez se incorpora el comercio electr\u00f3nico, con lo que<strong>\u00a0<\/strong><strong>la Asociaci\u00f3n Mexicana de Internet espera que sus ganancias se incrementen 45%<\/strong>, en comparaci\u00f3n con 2011.<\/p>\n<p>Walmart inform\u00f3 que sus 221 tiendas <strong>Walmart<\/strong> y 94 clubes de precio <strong>Sam\u2019s Club,<\/strong> a nivel nacional abrieron sus puertas a las 00:00 horas del viernes 16 de noviembre y para ello, la cadena minorista duplic\u00f3 el volumen de \u201ccompras especiales\u201d en los segmentos de electrodom\u00e9sticos y mercanc\u00edas generales. Su divisi\u00f3n de farmacias participar\u00e1 con descuentos, meses sin intereses y compras especiales.<\/p>\n<p>Sin embargo, aunado a las promociones que conlleva esta iniciativa, varias instancias gubernamentales tambi\u00e9n resaltan las recomendaciones para realizar transacciones comerciales en forma planeada.<\/p>\n<p>As\u00ed,\u00a0<strong>la Condusef hizo un llamado a verificar que la oferta de meses sin intereses no lleve escondido el costo financiero<\/strong>\u00a0y evitar el uso de la tarjeta de cr\u00e9dito como una extensi\u00f3n del salario.<\/p>\n<p><strong>Consumo Inteligente de MasterCard, consider\u00f3 indispensable tener una planeaci\u00f3n adecuada de compras<\/strong>\u00a0de tal manera que no atente contra la prosperidad en los meses venideros y destac\u00f3 que en las compras que vayan a realizarse durante este fin de semana se debe considerar los gastos de fin de a\u00f1o y seleccionar qu\u00e9 es prioritario.<br \/>\n<strong><br \/>\n<strong>Profeco sugiri\u00f3 a proveedores y comercios de bienes y servicios a respetar costos, promociones y ofertas anunciada<\/strong><\/strong>s; entregar factura, recibo o comprobante de compra; no negar o condicionar la venta de alg\u00fan bien o servicio; y ofrecer garant\u00eda por escrito y por un plazo mayor a 60 d\u00edas.<\/p>\n<p>En su listado de principios b\u00e1sicos que todo proveedor y comercio de bienes y servicios debe cubrir en sus transacciones comerciales, la Procuradur\u00eda Federal del Consumidor (<strong>Profeco<\/strong>), puntualiz\u00f3 que al vender a cr\u00e9dito, deben informar del precio a contado, el n\u00famero y monto de los pagos a realizar, as\u00ed como ofrecer productos con informaci\u00f3n comercial en espa\u00f1ol.<\/p>\n<p>La <strong>Comisi\u00f3n Nacional Bancaria y de Valores<\/strong> (CNBV) hizo un llamado a los bancos a hacer un an\u00e1lisis correcto sobre la capacidad de pago de sus clientes, antes de extender la l\u00ednea u otorgar un cr\u00e9dito.<\/p>\n<p>La Condusef incluso public\u00f3 una\u00a0<a href=\"http:\/\/e-portalif.condusef.gob.mx\/micrositio\/index.php\" target=\"_blank\">biblioteca virtual<\/a>\u00a0que muestra las principales caracter\u00edsticas de 119 tarjetas de cr\u00e9dito, ofrecidas por 16 instituciones financieras,<strong>\u00a0<\/strong><strong>para que el usuario de la banca compare y elija el producto que m\u00e1s se ajuste a sus necesidades<\/strong>\u00a0durante El Buen Fin.<\/p>\n<p><strong>En Estados Unidos, el &#8216;Viernes Negro&#8217; representa el inicio de la temporada de compras navide\u00f1as<\/strong>, lapso en el que las tiendas abren muy temprano y los compradores hacen fila durante horas para aprovechar todas las ofertas posibles.<\/p>\n<p>Considerado el d\u00eda de mayor actividad comercial, representa una jornada en la que las personas pueden renovar art\u00edculos que van desde ropa, el auto, el celular, hasta el televisor, entre otros.<\/p>\n<p>Incluso, el a\u00f1o pasado al menos 10 personas sufrieron heridas leves dentro de una tienda en Los \u00c1ngeles, luego de que una mujer utilizara pimienta en aerosol en su intento por acaparar mercanc\u00eda en una tienda.<\/p>\n<p>A nivel mundial, existe una estrategia de rebajas similar que se aplica en pa\u00edses como Canad\u00e1, Nueva Zelanda, Australia y Reino Unido, aunque la intenci\u00f3n es distinta; se promueven donaciones para las clases menos favorecidas.<\/p>\n<p>Y aunque en M\u00e9xico todav\u00eda no se ven compras desenfrenadas como en el vecino pa\u00eds del norte, la expectativa es que el nivel de compras incentive la econom\u00eda mexicana.<\/p>\n<p>As\u00ed, con cartera en mano, los mexicanos optar\u00e1n por adquirir productos a muy buen precio o contraer una gran deuda.<\/p>\n","protected":false},"excerpt":{"rendered":"<p>Desde la noche del jueves comenzaron las compras y se vieron las primeras aglomeraciones en tiendas&hellip;<\/p>\n","protected":false},"author":100,"featured_media":590,"comment_status":"open","ping_status":"open","sticky":false,"template":"","format":"standard","meta":{"_acf_changed":false,"_lmt_disableupdate":"","_lmt_disable":"","_mbp_gutenberg_autopost":false,"footnotes":""},"categories":[23],"tags":[],"class_list":["post-584","post","type-post","status-publish","format-standard","has-post-thumbnail","hentry","category-noticias"],"acf":[],"yoast_head":"<!-- This site is optimized with the Yoast SEO plugin v27.3 - https:\/\/yoast.com\/product\/yoast-seo-wordpress\/ -->\n<title>Arranca el frenes\u00ed de El Buen Fin | Revista Latitud 21<\/title>\n<meta name=\"description\" content=\"L21, Emprendedores y Negocios en el Caribe Mexicano, es la revista l\u00edder entre el Sector Empresarial y Tur\u00edstico del Caribe Mexicano.\" \/>\n<meta name=\"robots\" content=\"index, follow, max-snippet:-1, max-image-preview:large, max-video-preview:-1\" \/>\n<link rel=\"canonical\" href=\"https:\/\/l21.mx\/?p=584\" \/>\n<meta name=\"twitter:card\" content=\"summary_large_image\" \/>\n<meta name=\"twitter:title\" content=\"Arranca el frenes\u00ed de El Buen Fin | Revista Latitud 21\" \/>\n<meta name=\"twitter:description\" content=\"L21, Emprendedores y Negocios en el Caribe Mexicano, es la revista l\u00edder entre el Sector Empresarial y Tur\u00edstico del Caribe Mexicano.\" \/>\n<meta name=\"twitter:image\" content=\"https:\/\/l21.mx\/wp-content\/uploads\/2012\/11\/buenfinmed.jpg\" \/>\n<meta name=\"twitter:creator\" content=\"@Latitud21mx\" \/>\n<meta name=\"twitter:site\" content=\"@Latitud21mx\" \/>\n<meta name=\"twitter:label1\" content=\"Escrito por\" \/>\n\t<meta name=\"twitter:data1\" content=\"NellyG\" \/>\n\t<meta name=\"twitter:label2\" content=\"Tiempo de lectura\" \/>\n\t<meta name=\"twitter:data2\" content=\"5 minutos\" \/>\n<script type=\"application\/ld+json\" class=\"yoast-schema-graph\">{\"@context\":\"https:\\\/\\\/schema.org\",\"@graph\":[{\"@type\":\"Article\",\"@id\":\"https:\\\/\\\/l21.mx\\\/?p=584#article\",\"isPartOf\":{\"@id\":\"https:\\\/\\\/l21.mx\\\/?p=584\"},\"author\":{\"name\":\"NellyG\",\"@id\":\"https:\\\/\\\/l21.mx\\\/#\\\/schema\\\/person\\\/cca68595b80b2f6c4c55a8b254bfbb2a\"},\"headline\":\"Arranca el frenes\u00ed de El Buen Fin\",\"datePublished\":\"2012-11-16T21:37:23+00:00\",\"dateModified\":\"2012-12-03T22:06:15+00:00\",\"mainEntityOfPage\":{\"@id\":\"https:\\\/\\\/l21.mx\\\/?p=584\"},\"wordCount\":1062,\"commentCount\":0,\"publisher\":{\"@id\":\"https:\\\/\\\/l21.mx\\\/#organization\"},\"image\":{\"@id\":\"https:\\\/\\\/l21.mx\\\/?p=584#primaryimage\"},\"thumbnailUrl\":\"https:\\\/\\\/l21.mx\\\/wp-content\\\/uploads\\\/2012\\\/11\\\/buenfinmed.jpg\",\"articleSection\":[\"Noticias\"],\"inLanguage\":\"es\",\"potentialAction\":[{\"@type\":\"CommentAction\",\"name\":\"Comment\",\"target\":[\"https:\\\/\\\/l21.mx\\\/?p=584#respond\"]}]},{\"@type\":\"WebPage\",\"@id\":\"https:\\\/\\\/l21.mx\\\/?p=584\",\"url\":\"https:\\\/\\\/l21.mx\\\/?p=584\",\"name\":\"Arranca el frenes\u00ed de El Buen Fin | Revista Latitud 21\",\"isPartOf\":{\"@id\":\"https:\\\/\\\/l21.mx\\\/#website\"},\"primaryImageOfPage\":{\"@id\":\"https:\\\/\\\/l21.mx\\\/?p=584#primaryimage\"},\"image\":{\"@id\":\"https:\\\/\\\/l21.mx\\\/?p=584#primaryimage\"},\"thumbnailUrl\":\"https:\\\/\\\/l21.mx\\\/wp-content\\\/uploads\\\/2012\\\/11\\\/buenfinmed.jpg\",\"datePublished\":\"2012-11-16T21:37:23+00:00\",\"dateModified\":\"2012-12-03T22:06:15+00:00\",\"description\":\"L21, Emprendedores y Negocios en el Caribe Mexicano, es la revista l\u00edder entre el Sector Empresarial y Tur\u00edstico del Caribe Mexicano.\",\"breadcrumb\":{\"@id\":\"https:\\\/\\\/l21.mx\\\/?p=584#breadcrumb\"},\"inLanguage\":\"es\",\"potentialAction\":[{\"@type\":\"ReadAction\",\"target\":[\"https:\\\/\\\/l21.mx\\\/?p=584\"]}]},{\"@type\":\"ImageObject\",\"inLanguage\":\"es\",\"@id\":\"https:\\\/\\\/l21.mx\\\/?p=584#primaryimage\",\"url\":\"https:\\\/\\\/l21.mx\\\/wp-content\\\/uploads\\\/2012\\\/11\\\/buenfinmed.jpg\",\"contentUrl\":\"https:\\\/\\\/l21.mx\\\/wp-content\\\/uploads\\\/2012\\\/11\\\/buenfinmed.jpg\",\"width\":\"90\",\"height\":\"60\"},{\"@type\":\"BreadcrumbList\",\"@id\":\"https:\\\/\\\/l21.mx\\\/?p=584#breadcrumb\",\"itemListElement\":[{\"@type\":\"ListItem\",\"position\":1,\"name\":\"Portada\",\"item\":\"https:\\\/\\\/l21.mx\\\/\"},{\"@type\":\"ListItem\",\"position\":2,\"name\":\"Arranca el frenes\u00ed de El Buen Fin\"}]},{\"@type\":\"WebSite\",\"@id\":\"https:\\\/\\\/l21.mx\\\/#website\",\"url\":\"https:\\\/\\\/l21.mx\\\/\",\"name\":\"Revista Latitud 21\",\"description\":\"Emprendedores  y negocios en el Caribe Mexicano\",\"publisher\":{\"@id\":\"https:\\\/\\\/l21.mx\\\/#organization\"},\"potentialAction\":[{\"@type\":\"SearchAction\",\"target\":{\"@type\":\"EntryPoint\",\"urlTemplate\":\"https:\\\/\\\/l21.mx\\\/?s={search_term_string}\"},\"query-input\":{\"@type\":\"PropertyValueSpecification\",\"valueRequired\":true,\"valueName\":\"search_term_string\"}}],\"inLanguage\":\"es\"},{\"@type\":\"Organization\",\"@id\":\"https:\\\/\\\/l21.mx\\\/#organization\",\"name\":\"Grupo Editorial Latitud 21 SA de CV\",\"url\":\"https:\\\/\\\/l21.mx\\\/\",\"logo\":{\"@type\":\"ImageObject\",\"inLanguage\":\"es\",\"@id\":\"https:\\\/\\\/l21.mx\\\/#\\\/schema\\\/logo\\\/image\\\/\",\"url\":\"https:\\\/\\\/l21.mx\\\/wp-content\\\/uploads\\\/2020\\\/10\\\/logo-l21-baja.jpg\",\"contentUrl\":\"https:\\\/\\\/l21.mx\\\/wp-content\\\/uploads\\\/2020\\\/10\\\/logo-l21-baja.jpg\",\"width\":250,\"height\":250,\"caption\":\"Grupo Editorial Latitud 21 SA de CV\"},\"image\":{\"@id\":\"https:\\\/\\\/l21.mx\\\/#\\\/schema\\\/logo\\\/image\\\/\"},\"sameAs\":[\"https:\\\/\\\/www.facebook.com\\\/RevistaLatitud21\\\/\",\"https:\\\/\\\/x.com\\\/Latitud21mx\"]},{\"@type\":\"Person\",\"@id\":\"https:\\\/\\\/l21.mx\\\/#\\\/schema\\\/person\\\/cca68595b80b2f6c4c55a8b254bfbb2a\",\"name\":\"NellyG\",\"url\":\"https:\\\/\\\/l21.mx\\\/?author=100\"}]}<\/script>\n<!-- \/ Yoast SEO plugin. -->","yoast_head_json":{"title":"Arranca el frenes\u00ed de El Buen Fin | Revista Latitud 21","description":"L21, Emprendedores y Negocios en el Caribe Mexicano, es la revista l\u00edder entre el Sector Empresarial y Tur\u00edstico del Caribe Mexicano.","robots":{"index":"index","follow":"follow","max-snippet":"max-snippet:-1","max-image-preview":"max-image-preview:large","max-video-preview":"max-video-preview:-1"},"canonical":"https:\/\/l21.mx\/?p=584","twitter_card":"summary_large_image","twitter_title":"Arranca el frenes\u00ed de El Buen Fin | Revista Latitud 21","twitter_description":"L21, Emprendedores y Negocios en el Caribe Mexicano, es la revista l\u00edder entre el Sector Empresarial y Tur\u00edstico del Caribe Mexicano.","twitter_image":"https:\/\/l21.mx\/wp-content\/uploads\/2012\/11\/buenfinmed.jpg","twitter_creator":"@Latitud21mx","twitter_site":"@Latitud21mx","twitter_misc":{"Escrito por":"NellyG","Tiempo de lectura":"5 minutos"},"schema":{"@context":"https:\/\/schema.org","@graph":[{"@type":"Article","@id":"https:\/\/l21.mx\/?p=584#article","isPartOf":{"@id":"https:\/\/l21.mx\/?p=584"},"author":{"name":"NellyG","@id":"https:\/\/l21.mx\/#\/schema\/person\/cca68595b80b2f6c4c55a8b254bfbb2a"},"headline":"Arranca el frenes\u00ed de El Buen Fin","datePublished":"2012-11-16T21:37:23+00:00","dateModified":"2012-12-03T22:06:15+00:00","mainEntityOfPage":{"@id":"https:\/\/l21.mx\/?p=584"},"wordCount":1062,"commentCount":0,"publisher":{"@id":"https:\/\/l21.mx\/#organization"},"image":{"@id":"https:\/\/l21.mx\/?p=584#primaryimage"},"thumbnailUrl":"https:\/\/l21.mx\/wp-content\/uploads\/2012\/11\/buenfinmed.jpg","articleSection":["Noticias"],"inLanguage":"es","potentialAction":[{"@type":"CommentAction","name":"Comment","target":["https:\/\/l21.mx\/?p=584#respond"]}]},{"@type":"WebPage","@id":"https:\/\/l21.mx\/?p=584","url":"https:\/\/l21.mx\/?p=584","name":"Arranca el frenes\u00ed de El Buen Fin | Revista Latitud 21","isPartOf":{"@id":"https:\/\/l21.mx\/#website"},"primaryImageOfPage":{"@id":"https:\/\/l21.mx\/?p=584#primaryimage"},"image":{"@id":"https:\/\/l21.mx\/?p=584#primaryimage"},"thumbnailUrl":"https:\/\/l21.mx\/wp-content\/uploads\/2012\/11\/buenfinmed.jpg","datePublished":"2012-11-16T21:37:23+00:00","dateModified":"2012-12-03T22:06:15+00:00","description":"L21, Emprendedores y Negocios en el Caribe Mexicano, es la revista l\u00edder entre el Sector Empresarial y Tur\u00edstico del Caribe Mexicano.","breadcrumb":{"@id":"https:\/\/l21.mx\/?p=584#breadcrumb"},"inLanguage":"es","potentialAction":[{"@type":"ReadAction","target":["https:\/\/l21.mx\/?p=584"]}]},{"@type":"ImageObject","inLanguage":"es","@id":"https:\/\/l21.mx\/?p=584#primaryimage","url":"https:\/\/l21.mx\/wp-content\/uploads\/2012\/11\/buenfinmed.jpg","contentUrl":"https:\/\/l21.mx\/wp-content\/uploads\/2012\/11\/buenfinmed.jpg","width":"90","height":"60"},{"@type":"BreadcrumbList","@id":"https:\/\/l21.mx\/?p=584#breadcrumb","itemListElement":[{"@type":"ListItem","position":1,"name":"Portada","item":"https:\/\/l21.mx\/"},{"@type":"ListItem","position":2,"name":"Arranca el frenes\u00ed de El Buen Fin"}]},{"@type":"WebSite","@id":"https:\/\/l21.mx\/#website","url":"https:\/\/l21.mx\/","name":"Revista Latitud 21","description":"Emprendedores  y negocios en el Caribe Mexicano","publisher":{"@id":"https:\/\/l21.mx\/#organization"},"potentialAction":[{"@type":"SearchAction","target":{"@type":"EntryPoint","urlTemplate":"https:\/\/l21.mx\/?s={search_term_string}"},"query-input":{"@type":"PropertyValueSpecification","valueRequired":true,"valueName":"search_term_string"}}],"inLanguage":"es"},{"@type":"Organization","@id":"https:\/\/l21.mx\/#organization","name":"Grupo Editorial Latitud 21 SA de CV","url":"https:\/\/l21.mx\/","logo":{"@type":"ImageObject","inLanguage":"es","@id":"https:\/\/l21.mx\/#\/schema\/logo\/image\/","url":"https:\/\/l21.mx\/wp-content\/uploads\/2020\/10\/logo-l21-baja.jpg","contentUrl":"https:\/\/l21.mx\/wp-content\/uploads\/2020\/10\/logo-l21-baja.jpg","width":250,"height":250,"caption":"Grupo Editorial Latitud 21 SA de CV"},"image":{"@id":"https:\/\/l21.mx\/#\/schema\/logo\/image\/"},"sameAs":["https:\/\/www.facebook.com\/RevistaLatitud21\/","https:\/\/x.com\/Latitud21mx"]},{"@type":"Person","@id":"https:\/\/l21.mx\/#\/schema\/person\/cca68595b80b2f6c4c55a8b254bfbb2a","name":"NellyG","url":"https:\/\/l21.mx\/?author=100"}]}},"amp_enabled":true,"_links":{"self":[{"href":"https:\/\/l21.mx\/index.php?rest_route=\/wp\/v2\/posts\/584","targetHints":{"allow":["GET"]}}],"collection":[{"href":"https:\/\/l21.mx\/index.php?rest_route=\/wp\/v2\/posts"}],"about":[{"href":"https:\/\/l21.mx\/index.php?rest_route=\/wp\/v2\/types\/post"}],"author":[{"embeddable":true,"href":"https:\/\/l21.mx\/index.php?rest_route=\/wp\/v2\/users\/100"}],"replies":[{"embeddable":true,"href":"https:\/\/l21.mx\/index.php?rest_route=%2Fwp%2Fv2%2Fcomments&post=584"}],"version-history":[{"count":0,"href":"https:\/\/l21.mx\/index.php?rest_route=\/wp\/v2\/posts\/584\/revisions"}],"wp:featuredmedia":[{"embeddable":true,"href":"https:\/\/l21.mx\/index.php?rest_route=\/wp\/v2\/media\/590"}],"wp:attachment":[{"href":"https:\/\/l21.mx\/index.php?rest_route=%2Fwp%2Fv2%2Fmedia&parent=584"}],"wp:term":[{"taxonomy":"category","embeddable":true,"href":"https:\/\/l21.mx\/index.php?rest_route=%2Fwp%2Fv2%2Fcategories&post=584"},{"taxonomy":"post_tag","embeddable":true,"href":"https:\/\/l21.mx\/index.php?rest_route=%2Fwp%2Fv2%2Ftags&post=584"}],"curies":[{"name":"wp","href":"https:\/\/api.w.org\/{rel}","templated":true}]}}