{"id":58508,"date":"2023-07-03T16:02:51","date_gmt":"2023-07-03T21:02:51","guid":{"rendered":"https:\/\/l21.mx\/?p=58508"},"modified":"2023-07-03T16:02:51","modified_gmt":"2023-07-03T21:02:51","slug":"feria-del-carmen-es-para-todos-lili-campos","status":"publish","type":"post","link":"https:\/\/l21.mx\/?p=58508","title":{"rendered":"Feria del Carmen es para todos: Lili Campos"},"content":{"rendered":"<p>&nbsp;<\/p>\n<p>\u2022 Habr\u00e1 magnos eventos gratuitos para toda la familia, tambi\u00e9n anunci\u00f3 que habr\u00e1 una segunda playa inclusiva certificada y actividades preparadas para verano<\/p>\n<p>Playa del Carmen, Solidaridad, 3 de julio del 2023.- Con diversos eventos culturales, musicales, entre otras actividades preparadas para los solidarenses y visitantes, se llevar\u00e1 a cabo la Feria del Carmen 2023, afirm\u00f3 la presidenta Lili Campos durante el informe semanal.<\/p>\n<p>\u00abEs una feria renovada para todos del siete al 16 de julio, con la funci\u00f3n de lucha libre que presenta, por primera vez aqu\u00ed, al gran Blue Demon Jr.; una cabalgata que abarcar\u00e1 la Quinta Avenida, vaquer\u00eda, diversos artistas sobre el escenario, juegos mec\u00e1nicos y todo esto ser\u00e1 completamente gratis. No se dejen enga\u00f1ar por si les quieren vender los boletos\u201d enfatiz\u00f3 la edil.<\/p>\n<p><a href=\"https:\/\/l21.mx\/wp-content\/uploads\/2023\/07\/WhatsApp-Image-2023-07-03-at-15.10.28.jpeg\" data-rel=\"penci-gallery-image-content\" ><img fetchpriority=\"high\" decoding=\"async\" class=\"alignnone size-medium wp-image-58509\" src=\"https:\/\/l21.mx\/wp-content\/uploads\/2023\/07\/WhatsApp-Image-2023-07-03-at-15.10.28-300x200.jpeg\" alt=\"\" width=\"300\" height=\"200\" srcset=\"https:\/\/l21.mx\/wp-content\/uploads\/2023\/07\/WhatsApp-Image-2023-07-03-at-15.10.28-300x200.jpeg 300w, https:\/\/l21.mx\/wp-content\/uploads\/2023\/07\/WhatsApp-Image-2023-07-03-at-15.10.28-1024x682.jpeg 1024w, https:\/\/l21.mx\/wp-content\/uploads\/2023\/07\/WhatsApp-Image-2023-07-03-at-15.10.28-768x512.jpeg 768w, https:\/\/l21.mx\/wp-content\/uploads\/2023\/07\/WhatsApp-Image-2023-07-03-at-15.10.28-1200x800.jpeg 1200w, https:\/\/l21.mx\/wp-content\/uploads\/2023\/07\/WhatsApp-Image-2023-07-03-at-15.10.28-1170x780.jpeg 1170w, https:\/\/l21.mx\/wp-content\/uploads\/2023\/07\/WhatsApp-Image-2023-07-03-at-15.10.28-585x390.jpeg 585w, https:\/\/l21.mx\/wp-content\/uploads\/2023\/07\/WhatsApp-Image-2023-07-03-at-15.10.28-263x175.jpeg 263w, https:\/\/l21.mx\/wp-content\/uploads\/2023\/07\/WhatsApp-Image-2023-07-03-at-15.10.28.jpeg 1280w\" sizes=\"(max-width: 300px) 100vw, 300px\" \/><\/a><\/p>\n<p>Por otra parte, adelant\u00f3 que la Playa Inclusiva Pelicanos ser\u00e1 certificada, lo que permitir\u00e1 fortalecer los atractivos de este destino. \u201cEs un orgullo decirles que es la segunda playa inclusiva y la cuarta certificada con bandera Blue Flag y Platino, en Solidaridad\u00bb dijo.<\/p>\n<p>Esta playa contar\u00e1 en breve con camino podo t\u00e1ctil para personas invidentes, se\u00f1al\u00e9tica en Braille, ba\u00f1os, lavabos y regaderas inclusivas, deck y rampa, equipos anfibios para personas con discapacidad, entre otras caracter\u00edsticas.<\/p>\n<p>En otro tema, dijo que para el per\u00edodo vacacional ya est\u00e1n preparado un amplio programa integral para todos aquellos ni\u00f1os, ni\u00f1as y adolescentes de seis a 13 a\u00f1os, de todo el municipio interesados en participar en las 15 diferentes disciplinas y actividades sanas dentro del curso Baaxlo\u2019ob Paalalo\u2019ob 2023 y \u201cMis Vacaciones en la Biblioteca\u201d, a realizarse del 24 de julio al 11 de agosto, ambos con sedes en Solidaridad y Puerto Aventuras.<\/p>\n<p><a href=\"https:\/\/l21.mx\/wp-content\/uploads\/2023\/07\/WhatsApp-Image-2023-07-02-at-15.48.20.jpeg\" data-rel=\"penci-gallery-image-content\" ><img decoding=\"async\" class=\"alignnone wp-image-58488 size-full\" src=\"https:\/\/l21.mx\/wp-content\/uploads\/2023\/07\/WhatsApp-Image-2023-07-02-at-15.48.20.jpeg\" alt=\"\" width=\"828\" height=\"1280\" srcset=\"https:\/\/l21.mx\/wp-content\/uploads\/2023\/07\/WhatsApp-Image-2023-07-02-at-15.48.20.jpeg 828w, https:\/\/l21.mx\/wp-content\/uploads\/2023\/07\/WhatsApp-Image-2023-07-02-at-15.48.20-194x300.jpeg 194w, https:\/\/l21.mx\/wp-content\/uploads\/2023\/07\/WhatsApp-Image-2023-07-02-at-15.48.20-662x1024.jpeg 662w, https:\/\/l21.mx\/wp-content\/uploads\/2023\/07\/WhatsApp-Image-2023-07-02-at-15.48.20-768x1187.jpeg 768w, https:\/\/l21.mx\/wp-content\/uploads\/2023\/07\/WhatsApp-Image-2023-07-02-at-15.48.20-582x900.jpeg 582w, https:\/\/l21.mx\/wp-content\/uploads\/2023\/07\/WhatsApp-Image-2023-07-02-at-15.48.20-585x904.jpeg 585w\" sizes=\"(max-width: 828px) 100vw, 828px\" \/><\/a><\/p>\n<p>Otros temas mencionados en el informe semanal, realizado en el sal\u00f3n oval en palacio nuevo fueron la construcci\u00f3n de la unidad deportiva Villas del Sol as\u00ed como \u201cDIF por tu Salud\u201d que beneficiar\u00e1 a las y los solidarenses.<\/p>\n","protected":false},"excerpt":{"rendered":"<p>&nbsp; \u2022 Habr\u00e1 magnos eventos gratuitos para toda la familia, tambi\u00e9n anunci\u00f3 que habr\u00e1 una segunda&hellip;<\/p>\n","protected":false},"author":100,"featured_media":58510,"comment_status":"closed","ping_status":"closed","sticky":false,"template":"","format":"standard","meta":{"_acf_changed":false,"_lmt_disableupdate":"","_lmt_disable":"","_mbp_gutenberg_autopost":false,"footnotes":""},"categories":[1654],"tags":[],"class_list":["post-58508","post","type-post","status-publish","format-standard","has-post-thumbnail","hentry","category-solidaridad"],"acf":[],"_links":{"self":[{"href":"https:\/\/l21.mx\/index.php?rest_route=\/wp\/v2\/posts\/58508","targetHints":{"allow":["GET"]}}],"collection":[{"href":"https:\/\/l21.mx\/index.php?rest_route=\/wp\/v2\/posts"}],"about":[{"href":"https:\/\/l21.mx\/index.php?rest_route=\/wp\/v2\/types\/post"}],"author":[{"embeddable":true,"href":"https:\/\/l21.mx\/index.php?rest_route=\/wp\/v2\/users\/100"}],"replies":[{"embeddable":true,"href":"https:\/\/l21.mx\/index.php?rest_route=%2Fwp%2Fv2%2Fcomments&post=58508"}],"version-history":[{"count":0,"href":"https:\/\/l21.mx\/index.php?rest_route=\/wp\/v2\/posts\/58508\/revisions"}],"wp:featuredmedia":[{"embeddable":true,"href":"https:\/\/l21.mx\/index.php?rest_route=\/wp\/v2\/media\/58510"}],"wp:attachment":[{"href":"https:\/\/l21.mx\/index.php?rest_route=%2Fwp%2Fv2%2Fmedia&parent=58508"}],"wp:term":[{"taxonomy":"category","embeddable":true,"href":"https:\/\/l21.mx\/index.php?rest_route=%2Fwp%2Fv2%2Fcategories&post=58508"},{"taxonomy":"post_tag","embeddable":true,"href":"https:\/\/l21.mx\/index.php?rest_route=%2Fwp%2Fv2%2Ftags&post=58508"}],"curies":[{"name":"wp","href":"https:\/\/api.w.org\/{rel}","templated":true}]}}