{"id":58519,"date":"2023-07-03T21:16:19","date_gmt":"2023-07-04T02:16:19","guid":{"rendered":"https:\/\/l21.mx\/?p=58519"},"modified":"2023-07-03T21:16:19","modified_gmt":"2023-07-04T02:16:19","slug":"amar-es-cuidar-celebra-su-6o-aniversario-donando-mas-de-media-tonelada-de-croquetas","status":"publish","type":"post","link":"https:\/\/l21.mx\/?p=58519","title":{"rendered":"Amar es Cuidar celebra su 6o. aniversario donando m\u00e1s de media tonelada de croquetas"},"content":{"rendered":"<p><strong><em>Canc\u00fan, Quintana Roo a 03 de julio, 2023.- <\/em>Amar es Cuidar<\/strong>, la campa\u00f1a de tenencia responsable de mascotas de <strong>The Dolphin Company<\/strong>, operador de parques de presencia mundial, conmemor\u00f3 su 6\u00b0 aniversario donando m\u00e1s de media tonelada de croquetas para perro a cinco diferentes refugios de Canc\u00fan, esto con el apoyo de <strong>Cargill<\/strong>, una empresa preocupada por la comunidad.<\/p>\n<p><strong>Cargill <\/strong>es una empresa de la agroindustria dedicada al sector de la nutrici\u00f3n de personas y animales de diversas especies. Recientemente llev\u00f3 a cabo una convenci\u00f3n en Canc\u00fan, durante la cual se reunieron m\u00e1s de 300 colaboradores de varias partes del mundo y en donde <strong>Amar es Cuidar<\/strong> don\u00f3 cientos de placas de identificaci\u00f3n para mascotas a cambio de croquetas que ayudar\u00e1n a contribuir positivamente en la alimentaci\u00f3n de canes de todas las edades.<\/p>\n<p>&nbsp;<\/p>\n<p><strong>Amar es Cuidar<\/strong> y <strong>Cargill<\/strong> donaron el alimento a cinco diferentes refugios de la ciudad, estos son, Fundaci\u00f3n Dejando Huellas por Canc\u00fan A.C., Adopta un Amigo, Santuario Kuxtal A.C., Cachorrilandia y Los Perritos de Do\u00f1a Mago, que en total albergan a m\u00e1s de 400 perritos y gatitos que no cuentan con un hogar permanente.<\/p>\n<p><a href=\"https:\/\/l21.mx\/wp-content\/uploads\/2023\/07\/WhatsApp-Image-2023-07-03-at-16.55.41-1.jpeg\" data-rel=\"penci-gallery-image-content\" ><img fetchpriority=\"high\" decoding=\"async\" class=\"alignnone size-medium wp-image-58522\" src=\"https:\/\/l21.mx\/wp-content\/uploads\/2023\/07\/WhatsApp-Image-2023-07-03-at-16.55.41-1-300x200.jpeg\" alt=\"\" width=\"300\" height=\"200\" srcset=\"https:\/\/l21.mx\/wp-content\/uploads\/2023\/07\/WhatsApp-Image-2023-07-03-at-16.55.41-1-300x200.jpeg 300w, https:\/\/l21.mx\/wp-content\/uploads\/2023\/07\/WhatsApp-Image-2023-07-03-at-16.55.41-1-1024x683.jpeg 1024w, https:\/\/l21.mx\/wp-content\/uploads\/2023\/07\/WhatsApp-Image-2023-07-03-at-16.55.41-1-768x512.jpeg 768w, https:\/\/l21.mx\/wp-content\/uploads\/2023\/07\/WhatsApp-Image-2023-07-03-at-16.55.41-1-1536x1024.jpeg 1536w, https:\/\/l21.mx\/wp-content\/uploads\/2023\/07\/WhatsApp-Image-2023-07-03-at-16.55.41-1-1200x800.jpeg 1200w, https:\/\/l21.mx\/wp-content\/uploads\/2023\/07\/WhatsApp-Image-2023-07-03-at-16.55.41-1-1170x780.jpeg 1170w, https:\/\/l21.mx\/wp-content\/uploads\/2023\/07\/WhatsApp-Image-2023-07-03-at-16.55.41-1-585x390.jpeg 585w, https:\/\/l21.mx\/wp-content\/uploads\/2023\/07\/WhatsApp-Image-2023-07-03-at-16.55.41-1-263x175.jpeg 263w, https:\/\/l21.mx\/wp-content\/uploads\/2023\/07\/WhatsApp-Image-2023-07-03-at-16.55.41-1.jpeg 1600w\" sizes=\"(max-width: 300px) 100vw, 300px\" \/><\/a><\/p>\n<p><em>\u201cEstamos muy contentos y agradecidos con <strong>Cargill<\/strong> por ser parte importante de este sexto aniversario de nuestra campa\u00f1a <strong>Amar es Cuidar<\/strong>. Gracias a su donaci\u00f3n varios perritos de la ciudad podr\u00e1n recibir una alimentaci\u00f3n digna. Continuaremos esforz\u00e1ndonos y realizando alianzas con empresas comprometidas con el bienestar de las mascotas as\u00ed como de perros y gatos en situaci\u00f3n de calle\u201d<\/em>, coment\u00f3 <strong>Cecilia Aguilar<\/strong>, <strong>Gerente de Relaciones P\u00fablicas de The Dolphin Company<\/strong>.<\/p>\n<p>&nbsp;<\/p>\n<p>Durante seis a\u00f1os, Amar es Cuidar ha logrado:<\/p>\n<p>&nbsp;<\/p>\n<ul>\n<li>Entregar m\u00e1s de 17 mil placas de identificaci\u00f3n<\/li>\n<li>Donar m\u00e1s de 7 toneladas de croquetas<\/li>\n<li>Participar en m\u00e1s de 170 eventos<\/li>\n<li>Esterilizar a m\u00e1s de 500 mascotas<\/li>\n<li>Apoyar con la intervenci\u00f3n m\u00e9dica de m\u00e1s de 25 perritos y gatitos<\/li>\n<li>Concientizar a m\u00e1s de 6,000 seguidores en redes sociales sobre el cuidado de las mascotas<\/li>\n<\/ul>\n<p>Todo lo anterior ha sido posible gracias a los recursos obtenidos a trav\u00e9s de la realizaci\u00f3n de placas de identificaci\u00f3n a cambio de una donaci\u00f3n desde $30.<sup>00 <\/sup>MXN por placa. Todos los interesados en obtener una placa para su mascota pueden solicitar una cita en las redes sociales de <strong>Amar es Cuidar<\/strong>, en el Facebook @amarescuidar.org o en el Instagram @amarescuidarmx.<\/p>\n<p><strong>The Dolphin Company<\/strong>, a trav\u00e9s de <strong>Amar es Cuidar<\/strong>, trabaja de la mano con el <strong>H. Ayuntamiento de Benito Ju\u00e1rez<\/strong> y la <strong>Direcci\u00f3n de Protecci\u00f3n y Bienestar Animal<\/strong>. En los \u00faltimos meses, realizaron en conjunto una campa\u00f1a de esterilizaci\u00f3n durante la cual se oper\u00f3 a m\u00e1s de 100 mascotas, y se les est\u00e1 brindando apoyo con la donaci\u00f3n de placas de identificaci\u00f3n para el Padr\u00f3n Municipal. Adicionalmente,<strong> The Dolphin Company<\/strong> forma parte del Consejo Consultivo Ciudadano Municipal, el cual re\u00fane a diversas asociaciones que procuran el bienestar de los perros y gatos de Canc\u00fan, siendo la \u00fanica empresa privada que pertenece a dicho grupo, lo cual denota su compromiso con la comunidad.<\/p>\n<p><a href=\"https:\/\/l21.mx\/wp-content\/uploads\/2023\/07\/WhatsApp-Image-2023-07-03-at-16.55.42.jpeg\" data-rel=\"penci-gallery-image-content\" ><img decoding=\"async\" class=\"alignnone size-medium wp-image-58521\" src=\"https:\/\/l21.mx\/wp-content\/uploads\/2023\/07\/WhatsApp-Image-2023-07-03-at-16.55.42-225x300.jpeg\" alt=\"\" width=\"225\" height=\"300\" srcset=\"https:\/\/l21.mx\/wp-content\/uploads\/2023\/07\/WhatsApp-Image-2023-07-03-at-16.55.42-225x300.jpeg 225w, https:\/\/l21.mx\/wp-content\/uploads\/2023\/07\/WhatsApp-Image-2023-07-03-at-16.55.42-768x1024.jpeg 768w, https:\/\/l21.mx\/wp-content\/uploads\/2023\/07\/WhatsApp-Image-2023-07-03-at-16.55.42-675x900.jpeg 675w, https:\/\/l21.mx\/wp-content\/uploads\/2023\/07\/WhatsApp-Image-2023-07-03-at-16.55.42-585x780.jpeg 585w, https:\/\/l21.mx\/wp-content\/uploads\/2023\/07\/WhatsApp-Image-2023-07-03-at-16.55.42.jpeg 960w\" sizes=\"(max-width: 225px) 100vw, 225px\" \/><\/a><\/p>\n<p>&nbsp;<\/p>\n","protected":false},"excerpt":{"rendered":"<p>Canc\u00fan, Quintana Roo a 03 de julio, 2023.- Amar es Cuidar, la campa\u00f1a de tenencia responsable&hellip;<\/p>\n","protected":false},"author":100,"featured_media":58520,"comment_status":"closed","ping_status":"closed","sticky":false,"template":"","format":"standard","meta":{"_acf_changed":false,"_lmt_disableupdate":"","_lmt_disable":"","_mbp_gutenberg_autopost":false,"footnotes":""},"categories":[23,35],"tags":[],"class_list":["post-58519","post","type-post","status-publish","format-standard","has-post-thumbnail","hentry","category-noticias","category-responsabilidad-social"],"acf":[],"_links":{"self":[{"href":"https:\/\/l21.mx\/index.php?rest_route=\/wp\/v2\/posts\/58519","targetHints":{"allow":["GET"]}}],"collection":[{"href":"https:\/\/l21.mx\/index.php?rest_route=\/wp\/v2\/posts"}],"about":[{"href":"https:\/\/l21.mx\/index.php?rest_route=\/wp\/v2\/types\/post"}],"author":[{"embeddable":true,"href":"https:\/\/l21.mx\/index.php?rest_route=\/wp\/v2\/users\/100"}],"replies":[{"embeddable":true,"href":"https:\/\/l21.mx\/index.php?rest_route=%2Fwp%2Fv2%2Fcomments&post=58519"}],"version-history":[{"count":0,"href":"https:\/\/l21.mx\/index.php?rest_route=\/wp\/v2\/posts\/58519\/revisions"}],"wp:featuredmedia":[{"embeddable":true,"href":"https:\/\/l21.mx\/index.php?rest_route=\/wp\/v2\/media\/58520"}],"wp:attachment":[{"href":"https:\/\/l21.mx\/index.php?rest_route=%2Fwp%2Fv2%2Fmedia&parent=58519"}],"wp:term":[{"taxonomy":"category","embeddable":true,"href":"https:\/\/l21.mx\/index.php?rest_route=%2Fwp%2Fv2%2Fcategories&post=58519"},{"taxonomy":"post_tag","embeddable":true,"href":"https:\/\/l21.mx\/index.php?rest_route=%2Fwp%2Fv2%2Ftags&post=58519"}],"curies":[{"name":"wp","href":"https:\/\/api.w.org\/{rel}","templated":true}]}}