{"id":58527,"date":"2023-07-04T21:39:25","date_gmt":"2023-07-05T02:39:25","guid":{"rendered":"https:\/\/l21.mx\/?p=58527"},"modified":"2023-07-04T21:39:25","modified_gmt":"2023-07-05T02:39:25","slug":"renovacion-y-atencion-historica-a-refugio-de-animales-en-solidaridad","status":"publish","type":"post","link":"https:\/\/l21.mx\/?p=58527","title":{"rendered":"Renovaci\u00f3n y atenci\u00f3n hist\u00f3rica a refugio de animales en Solidaridad"},"content":{"rendered":"<p>&nbsp;<\/p>\n<p>\u2022 La presidenta Lili Campos mejora sustancialmente las instalaciones del Centro de Bienestar Animal Municipal para que sea \u00fanico en su tipo; exhorta a cuidar las mascotas, porque el maltrato se castiga<\/p>\n<p><a href=\"https:\/\/l21.mx\/wp-content\/uploads\/2023\/07\/WhatsApp-Image-2023-07-04-at-14.46.30.jpeg\" data-rel=\"penci-gallery-image-content\" ><img fetchpriority=\"high\" decoding=\"async\" class=\"alignnone size-medium wp-image-58531\" src=\"https:\/\/l21.mx\/wp-content\/uploads\/2023\/07\/WhatsApp-Image-2023-07-04-at-14.46.30-300x219.jpeg\" alt=\"\" width=\"300\" height=\"219\" srcset=\"https:\/\/l21.mx\/wp-content\/uploads\/2023\/07\/WhatsApp-Image-2023-07-04-at-14.46.30-300x219.jpeg 300w, https:\/\/l21.mx\/wp-content\/uploads\/2023\/07\/WhatsApp-Image-2023-07-04-at-14.46.30-1024x748.jpeg 1024w, https:\/\/l21.mx\/wp-content\/uploads\/2023\/07\/WhatsApp-Image-2023-07-04-at-14.46.30-768x561.jpeg 768w, https:\/\/l21.mx\/wp-content\/uploads\/2023\/07\/WhatsApp-Image-2023-07-04-at-14.46.30-585x428.jpeg 585w, https:\/\/l21.mx\/wp-content\/uploads\/2023\/07\/WhatsApp-Image-2023-07-04-at-14.46.30.jpeg 1167w\" sizes=\"(max-width: 300px) 100vw, 300px\" \/><\/a><\/p>\n<p>Playa del Carmen, Solidaridad a 4 de julio del 2023.- Para el bienestar animal y su protecci\u00f3n, el gobierno municipal que preside Lili Campos renueva y construye infraestructura en el Centro de Bienestar Animal Municipal (Cebiam) ubicado en la colonia Bellavista.<\/p>\n<p>Lili Campos dijo: \u201cvamos a tener un Cebiam \u00fanico en su tipo, al parecer no existe en ning\u00fan municipio de Quintana Roo y seguramente ni en muchos estados. La inversi\u00f3n es para que los animales realmente tengan condiciones dignas, porque tambi\u00e9n son seres vivos\u201d.<\/p>\n<p><a href=\"https:\/\/l21.mx\/wp-content\/uploads\/2023\/07\/WhatsApp-Image-2023-07-04-at-14.46.29-1.jpeg\" data-rel=\"penci-gallery-image-content\" ><img decoding=\"async\" class=\"alignnone size-medium wp-image-58532\" src=\"https:\/\/l21.mx\/wp-content\/uploads\/2023\/07\/WhatsApp-Image-2023-07-04-at-14.46.29-1-300x184.jpeg\" alt=\"\" width=\"300\" height=\"184\" srcset=\"https:\/\/l21.mx\/wp-content\/uploads\/2023\/07\/WhatsApp-Image-2023-07-04-at-14.46.29-1-300x184.jpeg 300w, https:\/\/l21.mx\/wp-content\/uploads\/2023\/07\/WhatsApp-Image-2023-07-04-at-14.46.29-1-1024x629.jpeg 1024w, https:\/\/l21.mx\/wp-content\/uploads\/2023\/07\/WhatsApp-Image-2023-07-04-at-14.46.29-1-768x472.jpeg 768w, https:\/\/l21.mx\/wp-content\/uploads\/2023\/07\/WhatsApp-Image-2023-07-04-at-14.46.29-1-1200x737.jpeg 1200w, https:\/\/l21.mx\/wp-content\/uploads\/2023\/07\/WhatsApp-Image-2023-07-04-at-14.46.29-1-1170x718.jpeg 1170w, https:\/\/l21.mx\/wp-content\/uploads\/2023\/07\/WhatsApp-Image-2023-07-04-at-14.46.29-1-585x359.jpeg 585w, https:\/\/l21.mx\/wp-content\/uploads\/2023\/07\/WhatsApp-Image-2023-07-04-at-14.46.29-1.jpeg 1280w\" sizes=\"(max-width: 300px) 100vw, 300px\" \/><\/a><\/p>\n<p>Asimismo, la edil exhort\u00f3 a todos quienes tienen mascotas que los cuiden y los tengan en condiciones \u00f3ptimas. \u201cTener un perro en el techo con tanto calor, es maltratarlo. Adem\u00e1s, a trav\u00e9s de Justicia Social se concientiza a la gente sobre el maltrato animal y se les hace saber que se castiga\u201d.<\/p>\n<p>Por su parte, el subsecretario de Infraestructura y Obras P\u00fablicas, Fabi\u00e1n Herrera Quiam, inform\u00f3 que se hicieron dos edificios nuevos y se rehabilit\u00f3 la parte existente. El edificio m\u00e1s grande, cuenta con oficinas, consultorios, \u00e1reas para quir\u00f3fano, \u00e1reas para campa\u00f1as como: de esterilizaci\u00f3n, vacunas contra la rabia, entre otros.<\/p>\n<p><a href=\"https:\/\/l21.mx\/wp-content\/uploads\/2023\/07\/WhatsApp-Image-2023-07-04-at-14.46.30-2.jpeg\" data-rel=\"penci-gallery-image-content\" ><img decoding=\"async\" class=\"alignnone size-medium wp-image-58529\" src=\"https:\/\/l21.mx\/wp-content\/uploads\/2023\/07\/WhatsApp-Image-2023-07-04-at-14.46.30-2-300x205.jpeg\" alt=\"\" width=\"300\" height=\"205\" srcset=\"https:\/\/l21.mx\/wp-content\/uploads\/2023\/07\/WhatsApp-Image-2023-07-04-at-14.46.30-2-300x205.jpeg 300w, https:\/\/l21.mx\/wp-content\/uploads\/2023\/07\/WhatsApp-Image-2023-07-04-at-14.46.30-2-1024x699.jpeg 1024w, https:\/\/l21.mx\/wp-content\/uploads\/2023\/07\/WhatsApp-Image-2023-07-04-at-14.46.30-2-768x524.jpeg 768w, https:\/\/l21.mx\/wp-content\/uploads\/2023\/07\/WhatsApp-Image-2023-07-04-at-14.46.30-2-1200x819.jpeg 1200w, https:\/\/l21.mx\/wp-content\/uploads\/2023\/07\/WhatsApp-Image-2023-07-04-at-14.46.30-2-1170x799.jpeg 1170w, https:\/\/l21.mx\/wp-content\/uploads\/2023\/07\/WhatsApp-Image-2023-07-04-at-14.46.30-2-585x399.jpeg 585w, https:\/\/l21.mx\/wp-content\/uploads\/2023\/07\/WhatsApp-Image-2023-07-04-at-14.46.30-2.jpeg 1280w\" sizes=\"(max-width: 300px) 100vw, 300px\" \/><\/a><\/p>\n<p>\u00abLa idea es que los perritos tengan una calidad de vida y se cuenten con las diferentes \u00e1reas que se requieren para rehabilitarlos de manera Integral, la indicaci\u00f3n de la presidenta habido precisa, que sus instalaciones sean las mejores\u00bb finaliz\u00f3.<\/p>\n","protected":false},"excerpt":{"rendered":"<p>&nbsp; \u2022 La presidenta Lili Campos mejora sustancialmente las instalaciones del Centro de Bienestar Animal Municipal&hellip;<\/p>\n","protected":false},"author":100,"featured_media":58530,"comment_status":"closed","ping_status":"closed","sticky":false,"template":"","format":"standard","meta":{"_acf_changed":false,"_lmt_disableupdate":"","_lmt_disable":"","_mbp_gutenberg_autopost":false,"footnotes":""},"categories":[1654],"tags":[],"class_list":["post-58527","post","type-post","status-publish","format-standard","has-post-thumbnail","hentry","category-solidaridad"],"acf":[],"_links":{"self":[{"href":"https:\/\/l21.mx\/index.php?rest_route=\/wp\/v2\/posts\/58527","targetHints":{"allow":["GET"]}}],"collection":[{"href":"https:\/\/l21.mx\/index.php?rest_route=\/wp\/v2\/posts"}],"about":[{"href":"https:\/\/l21.mx\/index.php?rest_route=\/wp\/v2\/types\/post"}],"author":[{"embeddable":true,"href":"https:\/\/l21.mx\/index.php?rest_route=\/wp\/v2\/users\/100"}],"replies":[{"embeddable":true,"href":"https:\/\/l21.mx\/index.php?rest_route=%2Fwp%2Fv2%2Fcomments&post=58527"}],"version-history":[{"count":0,"href":"https:\/\/l21.mx\/index.php?rest_route=\/wp\/v2\/posts\/58527\/revisions"}],"wp:featuredmedia":[{"embeddable":true,"href":"https:\/\/l21.mx\/index.php?rest_route=\/wp\/v2\/media\/58530"}],"wp:attachment":[{"href":"https:\/\/l21.mx\/index.php?rest_route=%2Fwp%2Fv2%2Fmedia&parent=58527"}],"wp:term":[{"taxonomy":"category","embeddable":true,"href":"https:\/\/l21.mx\/index.php?rest_route=%2Fwp%2Fv2%2Fcategories&post=58527"},{"taxonomy":"post_tag","embeddable":true,"href":"https:\/\/l21.mx\/index.php?rest_route=%2Fwp%2Fv2%2Ftags&post=58527"}],"curies":[{"name":"wp","href":"https:\/\/api.w.org\/{rel}","templated":true}]}}