{"id":58544,"date":"2023-07-04T21:48:14","date_gmt":"2023-07-05T02:48:14","guid":{"rendered":"https:\/\/l21.mx\/?p=58544"},"modified":"2023-07-04T21:48:14","modified_gmt":"2023-07-05T02:48:14","slug":"quitan-polarizado-a-230-unidades-del-transporte-publico-en-quintana-roo","status":"publish","type":"post","link":"https:\/\/l21.mx\/?p=58544","title":{"rendered":"Quitan polarizado a 230 unidades del transporte p\u00fablico en Quintana Roo"},"content":{"rendered":"<p>Imoveqroo invita a los transportistas del servicio p\u00fablico a no usar polarizados en sus unidades,\u00a0en cumplimiento al Reglamento de la Ley de Movilidad<\/p>\n<p><a href=\"https:\/\/l21.mx\/wp-content\/uploads\/2023\/07\/WhatsApp-Image-2023-07-03-at-19.08.12-1.jpeg\" data-rel=\"penci-gallery-image-content\" ><img fetchpriority=\"high\" decoding=\"async\" class=\"alignnone size-medium wp-image-58545\" src=\"https:\/\/l21.mx\/wp-content\/uploads\/2023\/07\/WhatsApp-Image-2023-07-03-at-19.08.12-1-169x300.jpeg\" alt=\"\" width=\"169\" height=\"300\" srcset=\"https:\/\/l21.mx\/wp-content\/uploads\/2023\/07\/WhatsApp-Image-2023-07-03-at-19.08.12-1-169x300.jpeg 169w, https:\/\/l21.mx\/wp-content\/uploads\/2023\/07\/WhatsApp-Image-2023-07-03-at-19.08.12-1-576x1024.jpeg 576w, https:\/\/l21.mx\/wp-content\/uploads\/2023\/07\/WhatsApp-Image-2023-07-03-at-19.08.12-1-768x1366.jpeg 768w, https:\/\/l21.mx\/wp-content\/uploads\/2023\/07\/WhatsApp-Image-2023-07-03-at-19.08.12-1-864x1536.jpeg 864w, https:\/\/l21.mx\/wp-content\/uploads\/2023\/07\/WhatsApp-Image-2023-07-03-at-19.08.12-1-506x900.jpeg 506w, https:\/\/l21.mx\/wp-content\/uploads\/2023\/07\/WhatsApp-Image-2023-07-03-at-19.08.12-1-585x1041.jpeg 585w, https:\/\/l21.mx\/wp-content\/uploads\/2023\/07\/WhatsApp-Image-2023-07-03-at-19.08.12-1.jpeg 899w\" sizes=\"(max-width: 169px) 100vw, 169px\" \/><\/a><\/p>\n<p>Chetumal.- El Instituto de Movilidad de Quintana Roo (Imoveqroo), invita a los transportistas del servicio p\u00fablico a no usar polarizados en sus unidades, con la finalidad de garantizar la seguridad de las y los usuarios, por lo que a la fecha han logrado retirar 230 de ellos, inform\u00f3 el titular del Imoveqroo, Rodrigo Alc\u00e1zar Urrutia.<\/p>\n<p>Explic\u00f3 que en los 11 municipios del estado se han realizado operativos y se han retirado polarizados a diversas unidades contando con el apoyo de los transportistas quienes se muestran dispuestos a participar.<\/p>\n<p>\u00abHoy por hoy no se ha aplicado ninguna sola sanci\u00f3n, estamos haciendo la invitaci\u00f3n a que retiren el polarizado de la unidad y as\u00ed lo han hecho, tambi\u00e9n les hacemos del conocimiento que en caso de reincidencia se pueden hacer acreedores a una multa\u201d, dijo.<\/p>\n<p>Detall\u00f3 que en el Art\u00edculo 145 del Reglamento a la Ley de Movilidad de Quintana Roo establece que se encuentra prohibido el uso de polarizado en unidades de transporte p\u00fablico.<\/p>\n<p>\u00abNo es algo que se acaba de prohibir es algo que existe desde que se estableci\u00f3 la Ley, solamente lo estamos aplicando; es tambi\u00e9n un tema de seguridad para el pasajero, pero tambi\u00e9n para el conductor del transporte p\u00fablico\u00bb puntualiz\u00f3 Alc\u00e1zar Urrutia.<\/p>\n","protected":false},"excerpt":{"rendered":"<p>Imoveqroo invita a los transportistas del servicio p\u00fablico a no usar polarizados en sus unidades,\u00a0en cumplimiento&hellip;<\/p>\n","protected":false},"author":100,"featured_media":58546,"comment_status":"closed","ping_status":"closed","sticky":false,"template":"","format":"standard","meta":{"_acf_changed":false,"_lmt_disableupdate":"","_lmt_disable":"","_mbp_gutenberg_autopost":false,"footnotes":""},"categories":[23,1656],"tags":[],"class_list":["post-58544","post","type-post","status-publish","format-standard","has-post-thumbnail","hentry","category-noticias","category-quintana-roo"],"acf":[],"_links":{"self":[{"href":"https:\/\/l21.mx\/index.php?rest_route=\/wp\/v2\/posts\/58544","targetHints":{"allow":["GET"]}}],"collection":[{"href":"https:\/\/l21.mx\/index.php?rest_route=\/wp\/v2\/posts"}],"about":[{"href":"https:\/\/l21.mx\/index.php?rest_route=\/wp\/v2\/types\/post"}],"author":[{"embeddable":true,"href":"https:\/\/l21.mx\/index.php?rest_route=\/wp\/v2\/users\/100"}],"replies":[{"embeddable":true,"href":"https:\/\/l21.mx\/index.php?rest_route=%2Fwp%2Fv2%2Fcomments&post=58544"}],"version-history":[{"count":0,"href":"https:\/\/l21.mx\/index.php?rest_route=\/wp\/v2\/posts\/58544\/revisions"}],"wp:featuredmedia":[{"embeddable":true,"href":"https:\/\/l21.mx\/index.php?rest_route=\/wp\/v2\/media\/58546"}],"wp:attachment":[{"href":"https:\/\/l21.mx\/index.php?rest_route=%2Fwp%2Fv2%2Fmedia&parent=58544"}],"wp:term":[{"taxonomy":"category","embeddable":true,"href":"https:\/\/l21.mx\/index.php?rest_route=%2Fwp%2Fv2%2Fcategories&post=58544"},{"taxonomy":"post_tag","embeddable":true,"href":"https:\/\/l21.mx\/index.php?rest_route=%2Fwp%2Fv2%2Ftags&post=58544"}],"curies":[{"name":"wp","href":"https:\/\/api.w.org\/{rel}","templated":true}]}}