{"id":58557,"date":"2023-07-04T21:56:11","date_gmt":"2023-07-05T02:56:11","guid":{"rendered":"https:\/\/l21.mx\/?p=58557"},"modified":"2023-07-04T21:56:11","modified_gmt":"2023-07-05T02:56:11","slug":"capta-quintana-roo-el-60-de-los-turistas-de-alemania-que-llegan-a-mexico","status":"publish","type":"post","link":"https:\/\/l21.mx\/?p=58557","title":{"rendered":"Capta Quintana Roo el 60% de los turistas de Alemania que llegan a M\u00e9xico"},"content":{"rendered":"<p>&nbsp;<\/p>\n<p>Canc\u00fan.- El turismo proveniente de Alemania se mantiene en recuperaci\u00f3n con un avance importante tras la pandemia de COVID-19 y este a\u00f1o Quintana Roo estima recibir a 200 mil turistas, afirm\u00f3 el secretario de Turismo Bernardo Cueto Riestra.<\/p>\n<p>Durante los primeros cuatro meses del a\u00f1o 2023, el Caribe Mexicano recibi\u00f3 a 77 mil 746 turistas alemanes, los cuales representan un significativo 1.10% del total de visitantes en comparaci\u00f3n con el 2022, dijo.<\/p>\n<p>Destac\u00f3 que el Caribe Mexicano es un gran atractivo para los viajeros alemanes, gracias a la labor incansable de la industria tur\u00edstica y al compromiso sostenido con la excelencia en el servicio, as\u00ed como de la mano de la promoci\u00f3n tur\u00edstica.<\/p>\n<p>\u201cTenemos una importante recuperaci\u00f3n del mercado alem\u00e1n y es un logro gracias a la belleza natural inigualable y la diversidad de experiencias que ofrecemos en nuestro destino, con el Tren Maya habr\u00e1 diversidad tur\u00edstica y eso es lo que est\u00e1n buscando\u201d, coment\u00f3.<\/p>\n<p><a href=\"https:\/\/l21.mx\/wp-content\/uploads\/2023\/07\/WhatsApp-Image-2023-07-04-at-19.54.44.jpeg\" data-rel=\"penci-gallery-image-content\" ><img fetchpriority=\"high\" decoding=\"async\" class=\"alignnone size-medium wp-image-58559\" src=\"https:\/\/l21.mx\/wp-content\/uploads\/2023\/07\/WhatsApp-Image-2023-07-04-at-19.54.44-300x200.jpeg\" alt=\"\" width=\"300\" height=\"200\" srcset=\"https:\/\/l21.mx\/wp-content\/uploads\/2023\/07\/WhatsApp-Image-2023-07-04-at-19.54.44-300x200.jpeg 300w, https:\/\/l21.mx\/wp-content\/uploads\/2023\/07\/WhatsApp-Image-2023-07-04-at-19.54.44-1024x682.jpeg 1024w, https:\/\/l21.mx\/wp-content\/uploads\/2023\/07\/WhatsApp-Image-2023-07-04-at-19.54.44-768x512.jpeg 768w, https:\/\/l21.mx\/wp-content\/uploads\/2023\/07\/WhatsApp-Image-2023-07-04-at-19.54.44-1536x1023.jpeg 1536w, https:\/\/l21.mx\/wp-content\/uploads\/2023\/07\/WhatsApp-Image-2023-07-04-at-19.54.44-1200x800.jpeg 1200w, https:\/\/l21.mx\/wp-content\/uploads\/2023\/07\/WhatsApp-Image-2023-07-04-at-19.54.44-1170x780.jpeg 1170w, https:\/\/l21.mx\/wp-content\/uploads\/2023\/07\/WhatsApp-Image-2023-07-04-at-19.54.44-585x390.jpeg 585w, https:\/\/l21.mx\/wp-content\/uploads\/2023\/07\/WhatsApp-Image-2023-07-04-at-19.54.44-263x175.jpeg 263w, https:\/\/l21.mx\/wp-content\/uploads\/2023\/07\/WhatsApp-Image-2023-07-04-at-19.54.44.jpeg 1600w\" sizes=\"(max-width: 300px) 100vw, 300px\" \/><\/a><\/p>\n<p>Explic\u00f3 que los viajeros alemanes tienen un gasto promedio de 508 d\u00f3lares por persona durante su estancia, lo que contribuye directamente al desarrollo econ\u00f3mico de nuestros destinos.<\/p>\n<p>La estancia promedio de los turistas alemanes es de 10.3 d\u00edas, lo cual les brinda la oportunidad de sumergirse en nuestras maravillas naturales, explorar nuestra rica cultura y participar en una amplia gama de actividades acu\u00e1ticas y terrestres.<\/p>\n<p>A\u00f1adi\u00f3 que la visi\u00f3n de la gobernadora Mara Lezama es impulsar a Quintana Roo como un destino de excelencia, hospitalidad y encanto inigualable.<\/p>\n","protected":false},"excerpt":{"rendered":"<p>&nbsp; Canc\u00fan.- El turismo proveniente de Alemania se mantiene en recuperaci\u00f3n con un avance importante tras&hellip;<\/p>\n","protected":false},"author":100,"featured_media":58558,"comment_status":"closed","ping_status":"closed","sticky":false,"template":"","format":"standard","meta":{"_acf_changed":false,"_lmt_disableupdate":"","_lmt_disable":"","_mbp_gutenberg_autopost":false,"footnotes":""},"categories":[23,1656,8],"tags":[],"class_list":["post-58557","post","type-post","status-publish","format-standard","has-post-thumbnail","hentry","category-noticias","category-quintana-roo","category-turismo"],"acf":[],"_links":{"self":[{"href":"https:\/\/l21.mx\/index.php?rest_route=\/wp\/v2\/posts\/58557","targetHints":{"allow":["GET"]}}],"collection":[{"href":"https:\/\/l21.mx\/index.php?rest_route=\/wp\/v2\/posts"}],"about":[{"href":"https:\/\/l21.mx\/index.php?rest_route=\/wp\/v2\/types\/post"}],"author":[{"embeddable":true,"href":"https:\/\/l21.mx\/index.php?rest_route=\/wp\/v2\/users\/100"}],"replies":[{"embeddable":true,"href":"https:\/\/l21.mx\/index.php?rest_route=%2Fwp%2Fv2%2Fcomments&post=58557"}],"version-history":[{"count":0,"href":"https:\/\/l21.mx\/index.php?rest_route=\/wp\/v2\/posts\/58557\/revisions"}],"wp:featuredmedia":[{"embeddable":true,"href":"https:\/\/l21.mx\/index.php?rest_route=\/wp\/v2\/media\/58558"}],"wp:attachment":[{"href":"https:\/\/l21.mx\/index.php?rest_route=%2Fwp%2Fv2%2Fmedia&parent=58557"}],"wp:term":[{"taxonomy":"category","embeddable":true,"href":"https:\/\/l21.mx\/index.php?rest_route=%2Fwp%2Fv2%2Fcategories&post=58557"},{"taxonomy":"post_tag","embeddable":true,"href":"https:\/\/l21.mx\/index.php?rest_route=%2Fwp%2Fv2%2Ftags&post=58557"}],"curies":[{"name":"wp","href":"https:\/\/api.w.org\/{rel}","templated":true}]}}