{"id":58570,"date":"2023-07-01T07:54:54","date_gmt":"2023-07-01T12:54:54","guid":{"rendered":"https:\/\/l21.mx\/?p=58570"},"modified":"2023-07-05T07:56:57","modified_gmt":"2023-07-05T12:56:57","slug":"indiferentes-pero-emocionados-por-la-continuidad","status":"publish","type":"post","link":"https:\/\/l21.mx\/?p=58570","title":{"rendered":"Indiferentes, pero emocionados por la continuidad"},"content":{"rendered":"<p>&nbsp;<\/p>\n<p>Por Jos\u00e9 Luis G\u00e1lvez G\u00f3mez *<\/p>\n<p>&nbsp;<\/p>\n<p>Ya no sabemos qu\u00e9 es lo que pasa en la mente de los mexicanos; parece que la indiferencia se ha apoderado de nosotros. A diario vemos desapariciones de jovencitas y mujeres, asaltos y secuestros en las calles, masacres y balaceras entre bandas delincuenciales o contra el Ej\u00e9rcito y la Guardia Nacional. Un estudio reciente arroj\u00f3 que el 81% del territorio mexicano, o sea, casi todo el pa\u00eds, est\u00e1 en manos del crimen organizado.<\/p>\n<p>Tristes im\u00e1genes circulan por doquier de hospitales en malas condiciones de infraestructura, con pacientes amontonados sin recibir una adecuada atenci\u00f3n m\u00e9dica, que no les surten sus medicamentos o personas que pierden la vida a falta de lo mismo. Se cre\u00f3 el Instituto de Salud para el Bienestar, el famoso INSABI, pero fracas\u00f3.<\/p>\n<p>En las escuelas p\u00fablicas un d\u00eda tienen clases, al otro d\u00eda no y al siguiente tampoco. Est\u00e1n modificando los planes y contenidos de estudio, d\u00e1ndole m\u00e1s prioridad a la ideolog\u00eda comunista que al conocimiento cient\u00edfico. Expertos matem\u00e1ticos catalogan de terrible e irreparable para millones de ni\u00f1os y para el futuro de nuestra sociedad mexicana el d\u00e9ficit educativo contenido en la Nueva Familia de Libros de Texto Gratuitos elaborados por la SEP, donde casi desaparece el estudio b\u00e1sico de las matem\u00e1ticas. En 2019 los libros dedicaban 210 p\u00e1ginas a esta materia, ahora s\u00f3lo se le dedicaron 11.<\/p>\n<p>Se dice que con el fortalecimiento de Pemex y la Comisi\u00f3n Federal de Electricidad estamos recuperando nuestra soberan\u00eda energ\u00e9tica, pero ambas empresas siguen siendo deficientes. En el norte del pa\u00eds, debido a las altas temperaturas, han habido severos apagones que est\u00e1n generando descontento social, pero nuestro gobierno minimiza el problema; s\u00f3lo falta que digan que tambi\u00e9n el sol es neoliberal, conservador o adversario del gobierno, tal y como calificaron a los productores del campo que se manifestaron en el norte del pa\u00eds por reclamar precios de garant\u00eda por sus cosechas.<\/p>\n<p>Nuestros gobernantes no quieren que hablemos de estos problemas, s\u00f3lo quieren que hablemos de elecciones; los ilegales precandidatos ya andan por todo el pa\u00eds muy sonrientes como si nada pasara, buscando emocionar a la gente para ganar sus simpat\u00edas.<\/p>\n<p>\u00bfQu\u00e9 importa que las iglesias repiquen sus campanas por tanta violencia, qu\u00e9 importa que lloren las familias a sus muertos o desaparecidos, qu\u00e9 importa si no nos alcanza el dinero para vivir, qu\u00e9 importa si se acaba el agua, qu\u00e9 importa si este pa\u00eds se cae a pedazos? Lo \u00fanico que importa, es que nos emocionemos por la continuidad. \u00bfContinuidad?<\/p>\n<p>&nbsp;<\/p>\n<p>*Polit\u00f3logo y presidente de Suma Pol\u00edtica y Tecnolog\u00eda A.C.<\/p>\n","protected":false},"excerpt":{"rendered":"<p>&nbsp; Por Jos\u00e9 Luis G\u00e1lvez G\u00f3mez * &nbsp; Ya no sabemos qu\u00e9 es lo que pasa&hellip;<\/p>\n","protected":false},"author":100,"featured_media":58571,"comment_status":"closed","ping_status":"closed","sticky":false,"template":"","format":"standard","meta":{"_acf_changed":false,"_lmt_disableupdate":"","_lmt_disable":"","_mbp_gutenberg_autopost":false,"footnotes":""},"categories":[44],"tags":[],"class_list":["post-58570","post","type-post","status-publish","format-standard","has-post-thumbnail","hentry","category-cuarto-de-huespedes"],"acf":[],"yoast_head":"<!-- This site is optimized with the Yoast SEO plugin v27.3 - https:\/\/yoast.com\/product\/yoast-seo-wordpress\/ -->\n<title>Indiferentes, pero emocionados por la continuidad | Revista Latitud 21<\/title>\n<meta name=\"description\" content=\"L21, Emprendedores y Negocios en el Caribe Mexicano, es la revista l\u00edder entre el Sector Empresarial y Tur\u00edstico del Caribe Mexicano.\" \/>\n<meta name=\"robots\" content=\"index, follow, max-snippet:-1, max-image-preview:large, max-video-preview:-1\" \/>\n<link rel=\"canonical\" href=\"https:\/\/l21.mx\/?p=58570\" \/>\n<meta name=\"twitter:card\" content=\"summary_large_image\" \/>\n<meta name=\"twitter:title\" content=\"Indiferentes, pero emocionados por la continuidad | Revista Latitud 21\" \/>\n<meta name=\"twitter:description\" content=\"L21, Emprendedores y Negocios en el Caribe Mexicano, es la revista l\u00edder entre el Sector Empresarial y Tur\u00edstico del Caribe Mexicano.\" \/>\n<meta name=\"twitter:image\" content=\"https:\/\/l21.mx\/wp-content\/uploads\/2023\/07\/Huesped-Jose-Luis-Galvez-Gomez.jpeg\" \/>\n<meta name=\"twitter:creator\" content=\"@Latitud21mx\" \/>\n<meta name=\"twitter:site\" content=\"@Latitud21mx\" \/>\n<meta name=\"twitter:label1\" content=\"Escrito por\" \/>\n\t<meta name=\"twitter:data1\" content=\"NellyG\" \/>\n\t<meta name=\"twitter:label2\" content=\"Tiempo de lectura\" \/>\n\t<meta name=\"twitter:data2\" content=\"2 minutos\" \/>\n<script type=\"application\/ld+json\" class=\"yoast-schema-graph\">{\"@context\":\"https:\\\/\\\/schema.org\",\"@graph\":[{\"@type\":\"Article\",\"@id\":\"https:\\\/\\\/l21.mx\\\/?p=58570#article\",\"isPartOf\":{\"@id\":\"https:\\\/\\\/l21.mx\\\/?p=58570\"},\"author\":{\"name\":\"NellyG\",\"@id\":\"https:\\\/\\\/l21.mx\\\/#\\\/schema\\\/person\\\/cca68595b80b2f6c4c55a8b254bfbb2a\"},\"headline\":\"Indiferentes, pero emocionados por la continuidad\",\"datePublished\":\"2023-07-01T12:54:54+00:00\",\"dateModified\":\"2023-07-05T12:56:57+00:00\",\"mainEntityOfPage\":{\"@id\":\"https:\\\/\\\/l21.mx\\\/?p=58570\"},\"wordCount\":468,\"publisher\":{\"@id\":\"https:\\\/\\\/l21.mx\\\/#organization\"},\"image\":{\"@id\":\"https:\\\/\\\/l21.mx\\\/?p=58570#primaryimage\"},\"thumbnailUrl\":\"https:\\\/\\\/l21.mx\\\/wp-content\\\/uploads\\\/2023\\\/07\\\/Huesped-Jose-Luis-Galvez-Gomez.jpeg\",\"articleSection\":[\"Cuarto de Hu\u00e9spedes\"],\"inLanguage\":\"es\"},{\"@type\":\"WebPage\",\"@id\":\"https:\\\/\\\/l21.mx\\\/?p=58570\",\"url\":\"https:\\\/\\\/l21.mx\\\/?p=58570\",\"name\":\"Indiferentes, pero emocionados por la continuidad | Revista Latitud 21\",\"isPartOf\":{\"@id\":\"https:\\\/\\\/l21.mx\\\/#website\"},\"primaryImageOfPage\":{\"@id\":\"https:\\\/\\\/l21.mx\\\/?p=58570#primaryimage\"},\"image\":{\"@id\":\"https:\\\/\\\/l21.mx\\\/?p=58570#primaryimage\"},\"thumbnailUrl\":\"https:\\\/\\\/l21.mx\\\/wp-content\\\/uploads\\\/2023\\\/07\\\/Huesped-Jose-Luis-Galvez-Gomez.jpeg\",\"datePublished\":\"2023-07-01T12:54:54+00:00\",\"dateModified\":\"2023-07-05T12:56:57+00:00\",\"description\":\"L21, Emprendedores y Negocios en el Caribe Mexicano, es la revista l\u00edder entre el Sector Empresarial y Tur\u00edstico del Caribe Mexicano.\",\"breadcrumb\":{\"@id\":\"https:\\\/\\\/l21.mx\\\/?p=58570#breadcrumb\"},\"inLanguage\":\"es\",\"potentialAction\":[{\"@type\":\"ReadAction\",\"target\":[\"https:\\\/\\\/l21.mx\\\/?p=58570\"]}]},{\"@type\":\"ImageObject\",\"inLanguage\":\"es\",\"@id\":\"https:\\\/\\\/l21.mx\\\/?p=58570#primaryimage\",\"url\":\"https:\\\/\\\/l21.mx\\\/wp-content\\\/uploads\\\/2023\\\/07\\\/Huesped-Jose-Luis-Galvez-Gomez.jpeg\",\"contentUrl\":\"https:\\\/\\\/l21.mx\\\/wp-content\\\/uploads\\\/2023\\\/07\\\/Huesped-Jose-Luis-Galvez-Gomez.jpeg\",\"width\":640,\"height\":640},{\"@type\":\"BreadcrumbList\",\"@id\":\"https:\\\/\\\/l21.mx\\\/?p=58570#breadcrumb\",\"itemListElement\":[{\"@type\":\"ListItem\",\"position\":1,\"name\":\"Portada\",\"item\":\"https:\\\/\\\/l21.mx\\\/\"},{\"@type\":\"ListItem\",\"position\":2,\"name\":\"Indiferentes, pero emocionados por la continuidad\"}]},{\"@type\":\"WebSite\",\"@id\":\"https:\\\/\\\/l21.mx\\\/#website\",\"url\":\"https:\\\/\\\/l21.mx\\\/\",\"name\":\"Revista Latitud 21\",\"description\":\"Emprendedores  y negocios en el Caribe Mexicano\",\"publisher\":{\"@id\":\"https:\\\/\\\/l21.mx\\\/#organization\"},\"potentialAction\":[{\"@type\":\"SearchAction\",\"target\":{\"@type\":\"EntryPoint\",\"urlTemplate\":\"https:\\\/\\\/l21.mx\\\/?s={search_term_string}\"},\"query-input\":{\"@type\":\"PropertyValueSpecification\",\"valueRequired\":true,\"valueName\":\"search_term_string\"}}],\"inLanguage\":\"es\"},{\"@type\":\"Organization\",\"@id\":\"https:\\\/\\\/l21.mx\\\/#organization\",\"name\":\"Grupo Editorial Latitud 21 SA de CV\",\"url\":\"https:\\\/\\\/l21.mx\\\/\",\"logo\":{\"@type\":\"ImageObject\",\"inLanguage\":\"es\",\"@id\":\"https:\\\/\\\/l21.mx\\\/#\\\/schema\\\/logo\\\/image\\\/\",\"url\":\"https:\\\/\\\/l21.mx\\\/wp-content\\\/uploads\\\/2020\\\/10\\\/logo-l21-baja.jpg\",\"contentUrl\":\"https:\\\/\\\/l21.mx\\\/wp-content\\\/uploads\\\/2020\\\/10\\\/logo-l21-baja.jpg\",\"width\":250,\"height\":250,\"caption\":\"Grupo Editorial Latitud 21 SA de CV\"},\"image\":{\"@id\":\"https:\\\/\\\/l21.mx\\\/#\\\/schema\\\/logo\\\/image\\\/\"},\"sameAs\":[\"https:\\\/\\\/www.facebook.com\\\/RevistaLatitud21\\\/\",\"https:\\\/\\\/x.com\\\/Latitud21mx\"]},{\"@type\":\"Person\",\"@id\":\"https:\\\/\\\/l21.mx\\\/#\\\/schema\\\/person\\\/cca68595b80b2f6c4c55a8b254bfbb2a\",\"name\":\"NellyG\",\"url\":\"https:\\\/\\\/l21.mx\\\/?author=100\"}]}<\/script>\n<!-- \/ Yoast SEO plugin. -->","yoast_head_json":{"title":"Indiferentes, pero emocionados por la continuidad | Revista Latitud 21","description":"L21, Emprendedores y Negocios en el Caribe Mexicano, es la revista l\u00edder entre el Sector Empresarial y Tur\u00edstico del Caribe Mexicano.","robots":{"index":"index","follow":"follow","max-snippet":"max-snippet:-1","max-image-preview":"max-image-preview:large","max-video-preview":"max-video-preview:-1"},"canonical":"https:\/\/l21.mx\/?p=58570","twitter_card":"summary_large_image","twitter_title":"Indiferentes, pero emocionados por la continuidad | Revista Latitud 21","twitter_description":"L21, Emprendedores y Negocios en el Caribe Mexicano, es la revista l\u00edder entre el Sector Empresarial y Tur\u00edstico del Caribe Mexicano.","twitter_image":"https:\/\/l21.mx\/wp-content\/uploads\/2023\/07\/Huesped-Jose-Luis-Galvez-Gomez.jpeg","twitter_creator":"@Latitud21mx","twitter_site":"@Latitud21mx","twitter_misc":{"Escrito por":"NellyG","Tiempo de lectura":"2 minutos"},"schema":{"@context":"https:\/\/schema.org","@graph":[{"@type":"Article","@id":"https:\/\/l21.mx\/?p=58570#article","isPartOf":{"@id":"https:\/\/l21.mx\/?p=58570"},"author":{"name":"NellyG","@id":"https:\/\/l21.mx\/#\/schema\/person\/cca68595b80b2f6c4c55a8b254bfbb2a"},"headline":"Indiferentes, pero emocionados por la continuidad","datePublished":"2023-07-01T12:54:54+00:00","dateModified":"2023-07-05T12:56:57+00:00","mainEntityOfPage":{"@id":"https:\/\/l21.mx\/?p=58570"},"wordCount":468,"publisher":{"@id":"https:\/\/l21.mx\/#organization"},"image":{"@id":"https:\/\/l21.mx\/?p=58570#primaryimage"},"thumbnailUrl":"https:\/\/l21.mx\/wp-content\/uploads\/2023\/07\/Huesped-Jose-Luis-Galvez-Gomez.jpeg","articleSection":["Cuarto de Hu\u00e9spedes"],"inLanguage":"es"},{"@type":"WebPage","@id":"https:\/\/l21.mx\/?p=58570","url":"https:\/\/l21.mx\/?p=58570","name":"Indiferentes, pero emocionados por la continuidad | Revista Latitud 21","isPartOf":{"@id":"https:\/\/l21.mx\/#website"},"primaryImageOfPage":{"@id":"https:\/\/l21.mx\/?p=58570#primaryimage"},"image":{"@id":"https:\/\/l21.mx\/?p=58570#primaryimage"},"thumbnailUrl":"https:\/\/l21.mx\/wp-content\/uploads\/2023\/07\/Huesped-Jose-Luis-Galvez-Gomez.jpeg","datePublished":"2023-07-01T12:54:54+00:00","dateModified":"2023-07-05T12:56:57+00:00","description":"L21, Emprendedores y Negocios en el Caribe Mexicano, es la revista l\u00edder entre el Sector Empresarial y Tur\u00edstico del Caribe Mexicano.","breadcrumb":{"@id":"https:\/\/l21.mx\/?p=58570#breadcrumb"},"inLanguage":"es","potentialAction":[{"@type":"ReadAction","target":["https:\/\/l21.mx\/?p=58570"]}]},{"@type":"ImageObject","inLanguage":"es","@id":"https:\/\/l21.mx\/?p=58570#primaryimage","url":"https:\/\/l21.mx\/wp-content\/uploads\/2023\/07\/Huesped-Jose-Luis-Galvez-Gomez.jpeg","contentUrl":"https:\/\/l21.mx\/wp-content\/uploads\/2023\/07\/Huesped-Jose-Luis-Galvez-Gomez.jpeg","width":640,"height":640},{"@type":"BreadcrumbList","@id":"https:\/\/l21.mx\/?p=58570#breadcrumb","itemListElement":[{"@type":"ListItem","position":1,"name":"Portada","item":"https:\/\/l21.mx\/"},{"@type":"ListItem","position":2,"name":"Indiferentes, pero emocionados por la continuidad"}]},{"@type":"WebSite","@id":"https:\/\/l21.mx\/#website","url":"https:\/\/l21.mx\/","name":"Revista Latitud 21","description":"Emprendedores  y negocios en el Caribe Mexicano","publisher":{"@id":"https:\/\/l21.mx\/#organization"},"potentialAction":[{"@type":"SearchAction","target":{"@type":"EntryPoint","urlTemplate":"https:\/\/l21.mx\/?s={search_term_string}"},"query-input":{"@type":"PropertyValueSpecification","valueRequired":true,"valueName":"search_term_string"}}],"inLanguage":"es"},{"@type":"Organization","@id":"https:\/\/l21.mx\/#organization","name":"Grupo Editorial Latitud 21 SA de CV","url":"https:\/\/l21.mx\/","logo":{"@type":"ImageObject","inLanguage":"es","@id":"https:\/\/l21.mx\/#\/schema\/logo\/image\/","url":"https:\/\/l21.mx\/wp-content\/uploads\/2020\/10\/logo-l21-baja.jpg","contentUrl":"https:\/\/l21.mx\/wp-content\/uploads\/2020\/10\/logo-l21-baja.jpg","width":250,"height":250,"caption":"Grupo Editorial Latitud 21 SA de CV"},"image":{"@id":"https:\/\/l21.mx\/#\/schema\/logo\/image\/"},"sameAs":["https:\/\/www.facebook.com\/RevistaLatitud21\/","https:\/\/x.com\/Latitud21mx"]},{"@type":"Person","@id":"https:\/\/l21.mx\/#\/schema\/person\/cca68595b80b2f6c4c55a8b254bfbb2a","name":"NellyG","url":"https:\/\/l21.mx\/?author=100"}]}},"amp_enabled":true,"_links":{"self":[{"href":"https:\/\/l21.mx\/index.php?rest_route=\/wp\/v2\/posts\/58570","targetHints":{"allow":["GET"]}}],"collection":[{"href":"https:\/\/l21.mx\/index.php?rest_route=\/wp\/v2\/posts"}],"about":[{"href":"https:\/\/l21.mx\/index.php?rest_route=\/wp\/v2\/types\/post"}],"author":[{"embeddable":true,"href":"https:\/\/l21.mx\/index.php?rest_route=\/wp\/v2\/users\/100"}],"replies":[{"embeddable":true,"href":"https:\/\/l21.mx\/index.php?rest_route=%2Fwp%2Fv2%2Fcomments&post=58570"}],"version-history":[{"count":1,"href":"https:\/\/l21.mx\/index.php?rest_route=\/wp\/v2\/posts\/58570\/revisions"}],"predecessor-version":[{"id":58572,"href":"https:\/\/l21.mx\/index.php?rest_route=\/wp\/v2\/posts\/58570\/revisions\/58572"}],"wp:featuredmedia":[{"embeddable":true,"href":"https:\/\/l21.mx\/index.php?rest_route=\/wp\/v2\/media\/58571"}],"wp:attachment":[{"href":"https:\/\/l21.mx\/index.php?rest_route=%2Fwp%2Fv2%2Fmedia&parent=58570"}],"wp:term":[{"taxonomy":"category","embeddable":true,"href":"https:\/\/l21.mx\/index.php?rest_route=%2Fwp%2Fv2%2Fcategories&post=58570"},{"taxonomy":"post_tag","embeddable":true,"href":"https:\/\/l21.mx\/index.php?rest_route=%2Fwp%2Fv2%2Ftags&post=58570"}],"curies":[{"name":"wp","href":"https:\/\/api.w.org\/{rel}","templated":true}]}}