{"id":58617,"date":"2023-07-01T10:05:30","date_gmt":"2023-07-01T15:05:30","guid":{"rendered":"https:\/\/l21.mx\/?p=58617"},"modified":"2023-07-05T10:08:48","modified_gmt":"2023-07-05T15:08:48","slug":"receta-del-exito","status":"publish","type":"post","link":"https:\/\/l21.mx\/?p=58617","title":{"rendered":"Receta del \u00e9xito"},"content":{"rendered":"<p>En la adversidad, Patricio Rodr\u00edguez Reta encontr\u00f3 el impulso para emprender un proyecto que con tenacidad se convirti\u00f3 en un grupo restaurantero<\/p>\n<p><a href=\"https:\/\/l21.mx\/wp-content\/uploads\/2023\/07\/64407ce4-2f85-4d34-9afa-35836be5b00e.jpg\" data-rel=\"penci-gallery-image-content\" ><img fetchpriority=\"high\" decoding=\"async\" class=\"alignnone size-medium wp-image-58342\" src=\"https:\/\/l21.mx\/wp-content\/uploads\/2023\/07\/64407ce4-2f85-4d34-9afa-35836be5b00e-240x300.jpg\" alt=\"\" width=\"240\" height=\"300\" srcset=\"https:\/\/l21.mx\/wp-content\/uploads\/2023\/07\/64407ce4-2f85-4d34-9afa-35836be5b00e-240x300.jpg 240w, https:\/\/l21.mx\/wp-content\/uploads\/2023\/07\/64407ce4-2f85-4d34-9afa-35836be5b00e-819x1024.jpg 819w, https:\/\/l21.mx\/wp-content\/uploads\/2023\/07\/64407ce4-2f85-4d34-9afa-35836be5b00e-768x960.jpg 768w, https:\/\/l21.mx\/wp-content\/uploads\/2023\/07\/64407ce4-2f85-4d34-9afa-35836be5b00e-1229x1536.jpg 1229w, https:\/\/l21.mx\/wp-content\/uploads\/2023\/07\/64407ce4-2f85-4d34-9afa-35836be5b00e-720x900.jpg 720w, https:\/\/l21.mx\/wp-content\/uploads\/2023\/07\/64407ce4-2f85-4d34-9afa-35836be5b00e-1170x1463.jpg 1170w, https:\/\/l21.mx\/wp-content\/uploads\/2023\/07\/64407ce4-2f85-4d34-9afa-35836be5b00e-585x731.jpg 585w, https:\/\/l21.mx\/wp-content\/uploads\/2023\/07\/64407ce4-2f85-4d34-9afa-35836be5b00e.jpg 1500w\" sizes=\"(max-width: 240px) 100vw, 240px\" \/><\/a><\/p>\n<p>En medio de los desaf\u00edos que plante\u00f3 la pandemia, Patricio Rodr\u00edguez Reta demostr\u00f3 su valent\u00eda, creatividad y visi\u00f3n de emprendedor.<\/p>\n<p>Inici\u00f3 su primer restaurante Mike &#8216;s Cochinita y poco a poco abri\u00f3 otros negocios, convirti\u00e9ndose pronto en un prometedor grupo restaurantero en Canc\u00fan.<\/p>\n<p>Explic\u00f3 que la idea de crear Mike&#8217;s Cochinita surgi\u00f3 a partir de las dificultades econ\u00f3micas durante la emergencia sanitaria, y el af\u00e1n de apoyar a una persona que trabaja con su familia desde hace muchos a\u00f1os.<\/p>\n<p>\u201cMiguel trabaja en mi casa desde hace casi 20 a\u00f1os (es pr\u00e1cticamente parte de la familia), y su familia, que viv\u00edan en Yucat\u00e1n, la estaban pasando muy mal debido a los temas econ\u00f3micos y sanitarios. Para ayudarlo, le propuse que el fin de semana cocinara 20 kilos de su receta de cochinita y yo la vender\u00eda con amigos y familiares (1 kilo por persona), contratando un chofer para las entregas\u201d.<\/p>\n<p>Para su fortuna, Miguel acept\u00f3 y se vendi\u00f3 todo. De inmediato, muchos conocidos de Patricio lo contactaron para volver a pedir, se empez\u00f3 a correr la voz y cada d\u00eda ten\u00edan m\u00e1s pedidos.<\/p>\n<p><a href=\"https:\/\/l21.mx\/wp-content\/uploads\/2023\/07\/2072f648-d68b-4bad-ab70-644644c8c42f.jpg\" data-rel=\"penci-gallery-image-content\" ><img decoding=\"async\" class=\"alignnone size-medium wp-image-58344\" src=\"https:\/\/l21.mx\/wp-content\/uploads\/2023\/07\/2072f648-d68b-4bad-ab70-644644c8c42f-225x300.jpg\" alt=\"\" width=\"225\" height=\"300\" srcset=\"https:\/\/l21.mx\/wp-content\/uploads\/2023\/07\/2072f648-d68b-4bad-ab70-644644c8c42f-225x300.jpg 225w, https:\/\/l21.mx\/wp-content\/uploads\/2023\/07\/2072f648-d68b-4bad-ab70-644644c8c42f-768x1024.jpg 768w, https:\/\/l21.mx\/wp-content\/uploads\/2023\/07\/2072f648-d68b-4bad-ab70-644644c8c42f-1152x1536.jpg 1152w, https:\/\/l21.mx\/wp-content\/uploads\/2023\/07\/2072f648-d68b-4bad-ab70-644644c8c42f-675x900.jpg 675w, https:\/\/l21.mx\/wp-content\/uploads\/2023\/07\/2072f648-d68b-4bad-ab70-644644c8c42f-1170x1560.jpg 1170w, https:\/\/l21.mx\/wp-content\/uploads\/2023\/07\/2072f648-d68b-4bad-ab70-644644c8c42f-585x780.jpg 585w, https:\/\/l21.mx\/wp-content\/uploads\/2023\/07\/2072f648-d68b-4bad-ab70-644644c8c42f.jpg 1500w\" sizes=\"(max-width: 225px) 100vw, 225px\" \/><\/a><\/p>\n<h3><strong>\u00c9xito rotundo<\/strong><\/h3>\n<p>Coment\u00f3 que al ver el \u00e9xito, empezaron con estrategias de marketing. \u201cNuestra t\u00e9cnica fue hacer una venta exclusiva y limitada: si quedaban 15 kilos, yo mandaba mensaje de que s\u00f3lo quedaba un kilo, recib\u00eda los 15 \u2018yo quiero\u2019 y se vend\u00eda todo. De mayo a septiembre estuvimos \u2018sold out\u2019 todos los fines de semana. Dec\u00eda que vend\u00edamos 20 kilos a la semana, pero la realidad es que hab\u00eda semanas que logramos vender hasta 50 kilos, por la estrategia que creamos de oferta-demanda\u201d.<\/p>\n<p>&nbsp;<\/p>\n<h3><strong>De la informalidad, a la formalidad<\/strong><\/h3>\n<p>Coment\u00f3 que el \u00faltimo fin de septiembre vio un local en renta en la Zona Hotelera.<\/p>\n<p>\u201cLe present\u00e9 a Miguel la idea de abrir el local conmigo como socio, usando su receta y yo pon\u00eda la inversi\u00f3n. Y lo mejor fue que, en vez de seguir mandando dinero a su familia, se mudaron a Canc\u00fan con un sueldo fijo en el restaurante, convirti\u00e9ndose en un negocio familiar. En un mes abrimos el local y vend\u00edamos cochinita por montones\u201d.<\/p>\n<p><a href=\"https:\/\/l21.mx\/wp-content\/uploads\/2023\/07\/56386fdd-a5f6-4c90-bf86-bd6a03b9df21.jpg\" data-rel=\"penci-gallery-image-content\" ><img decoding=\"async\" class=\"alignnone size-medium wp-image-58343\" src=\"https:\/\/l21.mx\/wp-content\/uploads\/2023\/07\/56386fdd-a5f6-4c90-bf86-bd6a03b9df21-225x300.jpg\" alt=\"\" width=\"225\" height=\"300\" srcset=\"https:\/\/l21.mx\/wp-content\/uploads\/2023\/07\/56386fdd-a5f6-4c90-bf86-bd6a03b9df21-225x300.jpg 225w, https:\/\/l21.mx\/wp-content\/uploads\/2023\/07\/56386fdd-a5f6-4c90-bf86-bd6a03b9df21-768x1024.jpg 768w, https:\/\/l21.mx\/wp-content\/uploads\/2023\/07\/56386fdd-a5f6-4c90-bf86-bd6a03b9df21-1152x1536.jpg 1152w, https:\/\/l21.mx\/wp-content\/uploads\/2023\/07\/56386fdd-a5f6-4c90-bf86-bd6a03b9df21-675x900.jpg 675w, https:\/\/l21.mx\/wp-content\/uploads\/2023\/07\/56386fdd-a5f6-4c90-bf86-bd6a03b9df21-1170x1560.jpg 1170w, https:\/\/l21.mx\/wp-content\/uploads\/2023\/07\/56386fdd-a5f6-4c90-bf86-bd6a03b9df21-585x780.jpg 585w, https:\/\/l21.mx\/wp-content\/uploads\/2023\/07\/56386fdd-a5f6-4c90-bf86-bd6a03b9df21.jpg 1500w\" sizes=\"(max-width: 225px) 100vw, 225px\" \/><\/a><\/p>\n<p><strong>\u00bfCu\u00e1l fue tu inspiraci\u00f3n para abrir el siguiente restaurante, Bun?<\/strong><\/p>\n<p>Cuando cumplimos un a\u00f1o, el local que estaba pegado al nuestro cerr\u00f3 y lo pusieron en renta; entonces decidimos tomarlo. Primero pens\u00e9 en ampliar Mike &#8216;s, pero siempre me han gustado las hamburguesas fast food de buena calidad, as\u00ed que decidimos abrir Bun sliders &amp; shakes, donde ofrecemos hamburguesas, shakes y papas a la francesa\u201d.<\/p>\n<p>Para eficientizar los procesos, juntaron los dos locales por la parte de atr\u00e1s, para tener una misma cocina y surtir con un mismo personal a los dos puntos.<\/p>\n<p><a href=\"https:\/\/l21.mx\/wp-content\/uploads\/2023\/07\/3dffcb17-d239-4e0c-a6e8-59b6127ef66a.jpg\" data-rel=\"penci-gallery-image-content\" ><img loading=\"lazy\" decoding=\"async\" class=\"alignnone size-medium wp-image-58346\" src=\"https:\/\/l21.mx\/wp-content\/uploads\/2023\/07\/3dffcb17-d239-4e0c-a6e8-59b6127ef66a-225x300.jpg\" alt=\"\" width=\"225\" height=\"300\" srcset=\"https:\/\/l21.mx\/wp-content\/uploads\/2023\/07\/3dffcb17-d239-4e0c-a6e8-59b6127ef66a-225x300.jpg 225w, https:\/\/l21.mx\/wp-content\/uploads\/2023\/07\/3dffcb17-d239-4e0c-a6e8-59b6127ef66a-768x1024.jpg 768w, https:\/\/l21.mx\/wp-content\/uploads\/2023\/07\/3dffcb17-d239-4e0c-a6e8-59b6127ef66a-1152x1536.jpg 1152w, https:\/\/l21.mx\/wp-content\/uploads\/2023\/07\/3dffcb17-d239-4e0c-a6e8-59b6127ef66a-675x900.jpg 675w, https:\/\/l21.mx\/wp-content\/uploads\/2023\/07\/3dffcb17-d239-4e0c-a6e8-59b6127ef66a-1170x1560.jpg 1170w, https:\/\/l21.mx\/wp-content\/uploads\/2023\/07\/3dffcb17-d239-4e0c-a6e8-59b6127ef66a-585x780.jpg 585w, https:\/\/l21.mx\/wp-content\/uploads\/2023\/07\/3dffcb17-d239-4e0c-a6e8-59b6127ef66a.jpg 1500w\" sizes=\"(max-width: 225px) 100vw, 225px\" \/><\/a><\/p>\n<h3><strong>Visi\u00f3n<\/strong><\/h3>\n<p>&nbsp;<\/p>\n<p>Rodr\u00edguez Reta mencion\u00f3 que toda su vida le hab\u00eda gustado el tema de los restaurantes y abrir uno, pero no ten\u00eda en mente que se iba a convertir en un grupo restaurantero.<\/p>\n<p>\u201cFue todo sobre la marcha. La pandemia me cambi\u00f3 la vida totalmente. Yo ya ten\u00eda un trabajo en un banco en la Ciudad de M\u00e9xico que hab\u00eda puesto pausa por la pandemia y cuando lleg\u00f3 la hora de regresar, tom\u00e9 la decisi\u00f3n de quedarme en Canc\u00fan y arriesgarme\u201d.<\/p>\n<p>&nbsp;<\/p>\n<h3><strong>Obst\u00e1culos<\/strong><\/h3>\n<p>Coment\u00f3 que las limitaciones que tuvo al principio fue encontrar la gente id\u00f3nea para colaborar.<\/p>\n<p>\u201cEncontrar a gente comprometida que se ponga la camiseta, porque en estos tiempos hay mucha oferta laboral y es complicado, pero se ha podido lograr. Me ha costado mucho trabajo y esfuerzo, ya que cada vez que se te va una persona, tienes que invertir tiempo en capacitar a otra. Pero al mismo tiempo lo veo como una ventaja, porque permite mejorar esa capacitaci\u00f3n e innovar los procesos\u201d.<\/p>\n<p>&nbsp;<\/p>\n<p><strong>Com\u00e9ntanos de Crust Pizza, \u00bfqu\u00e9 pas\u00f3?<\/strong><\/p>\n<p>&nbsp;<\/p>\n<p>\u201cEs un concepto que inici\u00f3 cuando encontramos un local en la avenida Huayac\u00e1n para abrir nuestros dos conceptos de Bun y Mike &#8216;s. Ah\u00ed ocurri\u00f3 nuestro peque\u00f1o tropiezo en el negocio, porque antes hab\u00eda un restaurante en ese local, y yo, por falta de experiencia, decid\u00ed usar todo el equipo que ya ten\u00edan, a pesar de que estaba mal instalado y no era muy bueno; me fui por \u2018m\u00e1s r\u00e1pido mejor\u2019. Se humeaba mucho el lugar porque el sistema de extracci\u00f3n no serv\u00eda, entonces el humo molestaba a los clientes. Decid\u00ed transformar el negocio a delivery y tampoco funcion\u00f3; entonces, a los 10 meses de abrir, decidimos echarnos para atr\u00e1s\u201d.<\/p>\n<p>Sin embargo, ese tropiezo no lo ha tenido; siempre inquieto y visionario, avanza para extender sus conceptos y darse a conocer a m\u00e1s personas.<\/p>\n<p>\u201cEstamos a nada de cerrar un acuerdo con un grupo restaurantero en Canc\u00fan para abrir en sus cuatro cocinas\u201d.<\/p>\n<p>Vamos a tener puntos de delivery, enfoc\u00e1ndonos en \u2018ghost kitchens\u2019, para nuestras dos marcas en las avenidas 135, Kabah y Huayac\u00e1n, ofreciendo servicio a domicilio en todo Canc\u00fan.<\/p>\n<p>Adem\u00e1s, en estos puntos de venta vamos a retomar Crust Pizza, que son pizzas estilo napolitano, con ingredientes muy tradicionales y de buena calidad. Los toppings van a ser m\u00e1s modernos para ofrecerles recetas innovadoras y no repetir el mismo concepto\u201d.<\/p>\n<p>&nbsp;<\/p>\n<h3><strong>Consejo a los j\u00f3venes emprendedores<\/strong><\/h3>\n<p>&nbsp;<\/p>\n<p>Con base en su experiencia, Patricio invita a que todo aquel que tenga la inquietud de abrir un negocio, se atreva; porque a pesar de los riesgos, vale la pena.<\/p>\n<p>\u201cInt\u00e9ntenlo y equ\u00edvoquense, porque de eso se aprende. S\u00ed me he estresado y enfermado, me he perdido de varios compromisos y eventos por estar en la chamba, pero al final vale la pena. Me da mucha satisfacci\u00f3n cuando gente externa te reconoce el trabajo.<\/p>\n<p>Les dir\u00eda que, en general, la gente no cuenta sus buenas experiencias tanto como las malas. Por m\u00e1s que se la puedan pasar mil veces bien, s\u00f3lo te va a decir la vez que la pas\u00f3 mal. Te van a llevar las cr\u00edticas m\u00e1s que los reconocimientos. Tienes que aprender a tom\u00e1rtelo bien, porque al final, ellos te lo ofrecen como cr\u00edtica constructiva\u201d.<\/p>\n<p><a href=\"https:\/\/l21.mx\/wp-content\/uploads\/2023\/07\/c640e74b-7dc8-47fd-8d9d-cc4241471585-scaled.jpg\" data-rel=\"penci-gallery-image-content\" ><img loading=\"lazy\" decoding=\"async\" class=\"alignnone size-medium wp-image-58337\" src=\"https:\/\/l21.mx\/wp-content\/uploads\/2023\/07\/c640e74b-7dc8-47fd-8d9d-cc4241471585-169x300.jpg\" alt=\"\" width=\"169\" height=\"300\" srcset=\"https:\/\/l21.mx\/wp-content\/uploads\/2023\/07\/c640e74b-7dc8-47fd-8d9d-cc4241471585-169x300.jpg 169w, https:\/\/l21.mx\/wp-content\/uploads\/2023\/07\/c640e74b-7dc8-47fd-8d9d-cc4241471585-576x1024.jpg 576w, https:\/\/l21.mx\/wp-content\/uploads\/2023\/07\/c640e74b-7dc8-47fd-8d9d-cc4241471585-768x1366.jpg 768w, https:\/\/l21.mx\/wp-content\/uploads\/2023\/07\/c640e74b-7dc8-47fd-8d9d-cc4241471585-864x1536.jpg 864w, https:\/\/l21.mx\/wp-content\/uploads\/2023\/07\/c640e74b-7dc8-47fd-8d9d-cc4241471585-1152x2048.jpg 1152w, https:\/\/l21.mx\/wp-content\/uploads\/2023\/07\/c640e74b-7dc8-47fd-8d9d-cc4241471585-506x900.jpg 506w, https:\/\/l21.mx\/wp-content\/uploads\/2023\/07\/c640e74b-7dc8-47fd-8d9d-cc4241471585-1170x2080.jpg 1170w, https:\/\/l21.mx\/wp-content\/uploads\/2023\/07\/c640e74b-7dc8-47fd-8d9d-cc4241471585-585x1040.jpg 585w, https:\/\/l21.mx\/wp-content\/uploads\/2023\/07\/c640e74b-7dc8-47fd-8d9d-cc4241471585-scaled.jpg 1440w\" sizes=\"(max-width: 169px) 100vw, 169px\" \/><\/a><\/p>\n<p>&nbsp;<\/p>\n<blockquote><p>\u201cInt\u00e9ntenlo y equiv\u00f3quense, porque de eso se aprende (\u2026) Me da mucha satisfacci\u00f3n cuando gente externa te reconoce el trabajo\u201d.<\/p>\n<p>Patricio Rodr\u00edguez Reta<\/p>\n<p>Emprendedor<\/p>\n<p>&nbsp;<\/p><\/blockquote>\n<p><strong>Mike &#8216;s Cochinita <\/strong><\/p>\n<p>(tacos, tortas, molletes, gringas y quesadillas)<\/p>\n<p>&nbsp;<\/p>\n<p>&#8211; Blvd Kukulc\u00e1n km 3.5 Plaza Nautilus local 1C\u2060<\/p>\n<p>&#8211; Master Plaza, Av. Huayac\u00e1n local 12\u2060<\/p>\n<p>&nbsp;<\/p>\n<p><strong>\u00a0<\/strong><\/p>\n<p><strong>Bun, sliders &amp; shakes<\/strong><\/p>\n<p>(hamburguesas, shakes y papas)<\/p>\n<p><strong>\u00a0<\/strong><\/p>\n<p>&#x1f4cd;Blvd Kukulc\u00e1n km 3.5 Plaza Nautilus local 1C\u2060<\/p>\n<p>Master Plaza, Av. Huayac\u00e1n local 12\u2060<\/p>\n<p>&nbsp;<\/p>\n","protected":false},"excerpt":{"rendered":"<p>En la adversidad, Patricio Rodr\u00edguez Reta encontr\u00f3 el impulso para emprender un proyecto que con tenacidad&hellip;<\/p>\n","protected":false},"author":100,"featured_media":58345,"comment_status":"closed","ping_status":"closed","sticky":false,"template":"","format":"standard","meta":{"_acf_changed":false,"_lmt_disableupdate":"","_lmt_disable":"","_mbp_gutenberg_autopost":false,"footnotes":""},"categories":[42],"tags":[],"class_list":["post-58617","post","type-post","status-publish","format-standard","has-post-thumbnail","hentry","category-emprendedores"],"acf":[],"yoast_head":"<!-- This site is optimized with the Yoast SEO plugin v27.3 - https:\/\/yoast.com\/product\/yoast-seo-wordpress\/ -->\n<title>Receta del \u00e9xito | Revista Latitud 21<\/title>\n<meta name=\"description\" content=\"L21, Emprendedores y Negocios en el Caribe Mexicano, es la revista l\u00edder entre el Sector Empresarial y Tur\u00edstico del Caribe Mexicano.\" \/>\n<meta name=\"robots\" content=\"index, follow, max-snippet:-1, max-image-preview:large, max-video-preview:-1\" \/>\n<link rel=\"canonical\" href=\"https:\/\/l21.mx\/?p=58617\" \/>\n<meta name=\"twitter:card\" content=\"summary_large_image\" \/>\n<meta name=\"twitter:title\" content=\"Receta del \u00e9xito | Revista Latitud 21\" \/>\n<meta name=\"twitter:description\" content=\"L21, Emprendedores y Negocios en el Caribe Mexicano, es la revista l\u00edder entre el Sector Empresarial y Tur\u00edstico del Caribe Mexicano.\" \/>\n<meta name=\"twitter:image\" content=\"https:\/\/l21.mx\/wp-content\/uploads\/2023\/07\/18ebcd8c-e276-480b-9db0-1a41c0ec41f6.jpg\" \/>\n<meta name=\"twitter:creator\" content=\"@Latitud21mx\" \/>\n<meta name=\"twitter:site\" content=\"@Latitud21mx\" \/>\n<meta name=\"twitter:label1\" content=\"Escrito por\" \/>\n\t<meta name=\"twitter:data1\" content=\"NellyG\" \/>\n\t<meta name=\"twitter:label2\" content=\"Tiempo de lectura\" \/>\n\t<meta name=\"twitter:data2\" content=\"6 minutos\" \/>\n<script type=\"application\/ld+json\" class=\"yoast-schema-graph\">{\"@context\":\"https:\\\/\\\/schema.org\",\"@graph\":[{\"@type\":\"Article\",\"@id\":\"https:\\\/\\\/l21.mx\\\/?p=58617#article\",\"isPartOf\":{\"@id\":\"https:\\\/\\\/l21.mx\\\/?p=58617\"},\"author\":{\"name\":\"NellyG\",\"@id\":\"https:\\\/\\\/l21.mx\\\/#\\\/schema\\\/person\\\/cca68595b80b2f6c4c55a8b254bfbb2a\"},\"headline\":\"Receta del \u00e9xito\",\"datePublished\":\"2023-07-01T15:05:30+00:00\",\"dateModified\":\"2023-07-05T15:08:48+00:00\",\"mainEntityOfPage\":{\"@id\":\"https:\\\/\\\/l21.mx\\\/?p=58617\"},\"wordCount\":1159,\"publisher\":{\"@id\":\"https:\\\/\\\/l21.mx\\\/#organization\"},\"image\":{\"@id\":\"https:\\\/\\\/l21.mx\\\/?p=58617#primaryimage\"},\"thumbnailUrl\":\"https:\\\/\\\/l21.mx\\\/wp-content\\\/uploads\\\/2023\\\/07\\\/18ebcd8c-e276-480b-9db0-1a41c0ec41f6.jpg\",\"articleSection\":[\"Emprendedores\"],\"inLanguage\":\"es\"},{\"@type\":\"WebPage\",\"@id\":\"https:\\\/\\\/l21.mx\\\/?p=58617\",\"url\":\"https:\\\/\\\/l21.mx\\\/?p=58617\",\"name\":\"Receta del \u00e9xito | Revista Latitud 21\",\"isPartOf\":{\"@id\":\"https:\\\/\\\/l21.mx\\\/#website\"},\"primaryImageOfPage\":{\"@id\":\"https:\\\/\\\/l21.mx\\\/?p=58617#primaryimage\"},\"image\":{\"@id\":\"https:\\\/\\\/l21.mx\\\/?p=58617#primaryimage\"},\"thumbnailUrl\":\"https:\\\/\\\/l21.mx\\\/wp-content\\\/uploads\\\/2023\\\/07\\\/18ebcd8c-e276-480b-9db0-1a41c0ec41f6.jpg\",\"datePublished\":\"2023-07-01T15:05:30+00:00\",\"dateModified\":\"2023-07-05T15:08:48+00:00\",\"description\":\"L21, Emprendedores y Negocios en el Caribe Mexicano, es la revista l\u00edder entre el Sector Empresarial y Tur\u00edstico del Caribe Mexicano.\",\"breadcrumb\":{\"@id\":\"https:\\\/\\\/l21.mx\\\/?p=58617#breadcrumb\"},\"inLanguage\":\"es\",\"potentialAction\":[{\"@type\":\"ReadAction\",\"target\":[\"https:\\\/\\\/l21.mx\\\/?p=58617\"]}]},{\"@type\":\"ImageObject\",\"inLanguage\":\"es\",\"@id\":\"https:\\\/\\\/l21.mx\\\/?p=58617#primaryimage\",\"url\":\"https:\\\/\\\/l21.mx\\\/wp-content\\\/uploads\\\/2023\\\/07\\\/18ebcd8c-e276-480b-9db0-1a41c0ec41f6.jpg\",\"contentUrl\":\"https:\\\/\\\/l21.mx\\\/wp-content\\\/uploads\\\/2023\\\/07\\\/18ebcd8c-e276-480b-9db0-1a41c0ec41f6.jpg\",\"width\":1500,\"height\":1876},{\"@type\":\"BreadcrumbList\",\"@id\":\"https:\\\/\\\/l21.mx\\\/?p=58617#breadcrumb\",\"itemListElement\":[{\"@type\":\"ListItem\",\"position\":1,\"name\":\"Portada\",\"item\":\"https:\\\/\\\/l21.mx\\\/\"},{\"@type\":\"ListItem\",\"position\":2,\"name\":\"Receta del \u00e9xito\"}]},{\"@type\":\"WebSite\",\"@id\":\"https:\\\/\\\/l21.mx\\\/#website\",\"url\":\"https:\\\/\\\/l21.mx\\\/\",\"name\":\"Revista Latitud 21\",\"description\":\"Emprendedores  y negocios en el Caribe Mexicano\",\"publisher\":{\"@id\":\"https:\\\/\\\/l21.mx\\\/#organization\"},\"potentialAction\":[{\"@type\":\"SearchAction\",\"target\":{\"@type\":\"EntryPoint\",\"urlTemplate\":\"https:\\\/\\\/l21.mx\\\/?s={search_term_string}\"},\"query-input\":{\"@type\":\"PropertyValueSpecification\",\"valueRequired\":true,\"valueName\":\"search_term_string\"}}],\"inLanguage\":\"es\"},{\"@type\":\"Organization\",\"@id\":\"https:\\\/\\\/l21.mx\\\/#organization\",\"name\":\"Grupo Editorial Latitud 21 SA de CV\",\"url\":\"https:\\\/\\\/l21.mx\\\/\",\"logo\":{\"@type\":\"ImageObject\",\"inLanguage\":\"es\",\"@id\":\"https:\\\/\\\/l21.mx\\\/#\\\/schema\\\/logo\\\/image\\\/\",\"url\":\"https:\\\/\\\/l21.mx\\\/wp-content\\\/uploads\\\/2020\\\/10\\\/logo-l21-baja.jpg\",\"contentUrl\":\"https:\\\/\\\/l21.mx\\\/wp-content\\\/uploads\\\/2020\\\/10\\\/logo-l21-baja.jpg\",\"width\":250,\"height\":250,\"caption\":\"Grupo Editorial Latitud 21 SA de CV\"},\"image\":{\"@id\":\"https:\\\/\\\/l21.mx\\\/#\\\/schema\\\/logo\\\/image\\\/\"},\"sameAs\":[\"https:\\\/\\\/www.facebook.com\\\/RevistaLatitud21\\\/\",\"https:\\\/\\\/x.com\\\/Latitud21mx\"]},{\"@type\":\"Person\",\"@id\":\"https:\\\/\\\/l21.mx\\\/#\\\/schema\\\/person\\\/cca68595b80b2f6c4c55a8b254bfbb2a\",\"name\":\"NellyG\",\"url\":\"https:\\\/\\\/l21.mx\\\/?author=100\"}]}<\/script>\n<!-- \/ Yoast SEO plugin. -->","yoast_head_json":{"title":"Receta del \u00e9xito | Revista Latitud 21","description":"L21, Emprendedores y Negocios en el Caribe Mexicano, es la revista l\u00edder entre el Sector Empresarial y Tur\u00edstico del Caribe Mexicano.","robots":{"index":"index","follow":"follow","max-snippet":"max-snippet:-1","max-image-preview":"max-image-preview:large","max-video-preview":"max-video-preview:-1"},"canonical":"https:\/\/l21.mx\/?p=58617","twitter_card":"summary_large_image","twitter_title":"Receta del \u00e9xito | Revista Latitud 21","twitter_description":"L21, Emprendedores y Negocios en el Caribe Mexicano, es la revista l\u00edder entre el Sector Empresarial y Tur\u00edstico del Caribe Mexicano.","twitter_image":"https:\/\/l21.mx\/wp-content\/uploads\/2023\/07\/18ebcd8c-e276-480b-9db0-1a41c0ec41f6.jpg","twitter_creator":"@Latitud21mx","twitter_site":"@Latitud21mx","twitter_misc":{"Escrito por":"NellyG","Tiempo de lectura":"6 minutos"},"schema":{"@context":"https:\/\/schema.org","@graph":[{"@type":"Article","@id":"https:\/\/l21.mx\/?p=58617#article","isPartOf":{"@id":"https:\/\/l21.mx\/?p=58617"},"author":{"name":"NellyG","@id":"https:\/\/l21.mx\/#\/schema\/person\/cca68595b80b2f6c4c55a8b254bfbb2a"},"headline":"Receta del \u00e9xito","datePublished":"2023-07-01T15:05:30+00:00","dateModified":"2023-07-05T15:08:48+00:00","mainEntityOfPage":{"@id":"https:\/\/l21.mx\/?p=58617"},"wordCount":1159,"publisher":{"@id":"https:\/\/l21.mx\/#organization"},"image":{"@id":"https:\/\/l21.mx\/?p=58617#primaryimage"},"thumbnailUrl":"https:\/\/l21.mx\/wp-content\/uploads\/2023\/07\/18ebcd8c-e276-480b-9db0-1a41c0ec41f6.jpg","articleSection":["Emprendedores"],"inLanguage":"es"},{"@type":"WebPage","@id":"https:\/\/l21.mx\/?p=58617","url":"https:\/\/l21.mx\/?p=58617","name":"Receta del \u00e9xito | Revista Latitud 21","isPartOf":{"@id":"https:\/\/l21.mx\/#website"},"primaryImageOfPage":{"@id":"https:\/\/l21.mx\/?p=58617#primaryimage"},"image":{"@id":"https:\/\/l21.mx\/?p=58617#primaryimage"},"thumbnailUrl":"https:\/\/l21.mx\/wp-content\/uploads\/2023\/07\/18ebcd8c-e276-480b-9db0-1a41c0ec41f6.jpg","datePublished":"2023-07-01T15:05:30+00:00","dateModified":"2023-07-05T15:08:48+00:00","description":"L21, Emprendedores y Negocios en el Caribe Mexicano, es la revista l\u00edder entre el Sector Empresarial y Tur\u00edstico del Caribe Mexicano.","breadcrumb":{"@id":"https:\/\/l21.mx\/?p=58617#breadcrumb"},"inLanguage":"es","potentialAction":[{"@type":"ReadAction","target":["https:\/\/l21.mx\/?p=58617"]}]},{"@type":"ImageObject","inLanguage":"es","@id":"https:\/\/l21.mx\/?p=58617#primaryimage","url":"https:\/\/l21.mx\/wp-content\/uploads\/2023\/07\/18ebcd8c-e276-480b-9db0-1a41c0ec41f6.jpg","contentUrl":"https:\/\/l21.mx\/wp-content\/uploads\/2023\/07\/18ebcd8c-e276-480b-9db0-1a41c0ec41f6.jpg","width":1500,"height":1876},{"@type":"BreadcrumbList","@id":"https:\/\/l21.mx\/?p=58617#breadcrumb","itemListElement":[{"@type":"ListItem","position":1,"name":"Portada","item":"https:\/\/l21.mx\/"},{"@type":"ListItem","position":2,"name":"Receta del \u00e9xito"}]},{"@type":"WebSite","@id":"https:\/\/l21.mx\/#website","url":"https:\/\/l21.mx\/","name":"Revista Latitud 21","description":"Emprendedores  y negocios en el Caribe Mexicano","publisher":{"@id":"https:\/\/l21.mx\/#organization"},"potentialAction":[{"@type":"SearchAction","target":{"@type":"EntryPoint","urlTemplate":"https:\/\/l21.mx\/?s={search_term_string}"},"query-input":{"@type":"PropertyValueSpecification","valueRequired":true,"valueName":"search_term_string"}}],"inLanguage":"es"},{"@type":"Organization","@id":"https:\/\/l21.mx\/#organization","name":"Grupo Editorial Latitud 21 SA de CV","url":"https:\/\/l21.mx\/","logo":{"@type":"ImageObject","inLanguage":"es","@id":"https:\/\/l21.mx\/#\/schema\/logo\/image\/","url":"https:\/\/l21.mx\/wp-content\/uploads\/2020\/10\/logo-l21-baja.jpg","contentUrl":"https:\/\/l21.mx\/wp-content\/uploads\/2020\/10\/logo-l21-baja.jpg","width":250,"height":250,"caption":"Grupo Editorial Latitud 21 SA de CV"},"image":{"@id":"https:\/\/l21.mx\/#\/schema\/logo\/image\/"},"sameAs":["https:\/\/www.facebook.com\/RevistaLatitud21\/","https:\/\/x.com\/Latitud21mx"]},{"@type":"Person","@id":"https:\/\/l21.mx\/#\/schema\/person\/cca68595b80b2f6c4c55a8b254bfbb2a","name":"NellyG","url":"https:\/\/l21.mx\/?author=100"}]}},"amp_enabled":true,"_links":{"self":[{"href":"https:\/\/l21.mx\/index.php?rest_route=\/wp\/v2\/posts\/58617","targetHints":{"allow":["GET"]}}],"collection":[{"href":"https:\/\/l21.mx\/index.php?rest_route=\/wp\/v2\/posts"}],"about":[{"href":"https:\/\/l21.mx\/index.php?rest_route=\/wp\/v2\/types\/post"}],"author":[{"embeddable":true,"href":"https:\/\/l21.mx\/index.php?rest_route=\/wp\/v2\/users\/100"}],"replies":[{"embeddable":true,"href":"https:\/\/l21.mx\/index.php?rest_route=%2Fwp%2Fv2%2Fcomments&post=58617"}],"version-history":[{"count":1,"href":"https:\/\/l21.mx\/index.php?rest_route=\/wp\/v2\/posts\/58617\/revisions"}],"predecessor-version":[{"id":58618,"href":"https:\/\/l21.mx\/index.php?rest_route=\/wp\/v2\/posts\/58617\/revisions\/58618"}],"wp:featuredmedia":[{"embeddable":true,"href":"https:\/\/l21.mx\/index.php?rest_route=\/wp\/v2\/media\/58345"}],"wp:attachment":[{"href":"https:\/\/l21.mx\/index.php?rest_route=%2Fwp%2Fv2%2Fmedia&parent=58617"}],"wp:term":[{"taxonomy":"category","embeddable":true,"href":"https:\/\/l21.mx\/index.php?rest_route=%2Fwp%2Fv2%2Fcategories&post=58617"},{"taxonomy":"post_tag","embeddable":true,"href":"https:\/\/l21.mx\/index.php?rest_route=%2Fwp%2Fv2%2Ftags&post=58617"}],"curies":[{"name":"wp","href":"https:\/\/api.w.org\/{rel}","templated":true}]}}